{"id":24108,"date":"2024-08-17T14:35:46","date_gmt":"2024-08-17T17:35:46","guid":{"rendered":"https:\/\/imais.online\/portal\/?p=24108"},"modified":"2024-08-17T14:35:47","modified_gmt":"2024-08-17T17:35:47","slug":"ala-onde-silvio-era-tratado-no-hospital-estava-em-isolamento-total-ha-mais-de-uma-semana","status":"publish","type":"post","link":"https:\/\/imais.online\/portal\/ala-onde-silvio-era-tratado-no-hospital-estava-em-isolamento-total-ha-mais-de-uma-semana\/","title":{"rendered":"Ala onde Silvio era tratado no hospital estava em isolamento total h\u00e1 mais de uma semana"},"content":{"rendered":"<div class=\"imais-before-content-placement\" id=\"imais-496445122\"><script async src=\"\/\/pagead2.googlesyndication.com\/pagead\/js\/adsbygoogle.js?client=ca-pub-8787528412751566\" crossorigin=\"anonymous\"><\/script><ins class=\"adsbygoogle\" style=\"display:block;\" data-ad-client=\"ca-pub-8787528412751566\" \ndata-ad-slot=\"\" \ndata-ad-format=\"auto\"><\/ins>\n<script> \n(adsbygoogle = window.adsbygoogle || []).push({}); \n<\/script>\n<\/div>\n<h2 class=\"wp-block-heading\">Segundo boletim m\u00e9dico, causa da morte do apresentador foi uma broncopneumonia, em decorr\u00eancia da infec\u00e7\u00e3o por H1N1<\/h2>\n\n\n\n<p>Segundo funcion\u00e1rios do hospital Albert Einstein, a ala em que\u00a0<strong>Silvio Santos<\/strong>\u00a0se encontrava estava isolada h\u00e1 mais de uma semana, para manter sigilo total sobre o quadro de sa\u00fade do apresentador. Nem mesmo m\u00e9dicos do hospital tinham acesso ao prontu\u00e1rio do empres\u00e1rio. Silvio morreu neste s\u00e1bado (17), aos 93 anos, v\u00edtima de uma broncopneumonia, em decorr\u00eancia da infec\u00e7\u00e3o por H1N1.<\/p>\n\n\n\n<p>Fonte R7<\/p>\n","protected":false},"excerpt":{"rendered":"<p>Segundo boletim m\u00e9dico, causa da morte do apresentador foi uma broncopneumonia, em decorr\u00eancia da infec\u00e7\u00e3o por H1N1 Segundo funcion\u00e1rios do hospital Albert Einstein, a ala em que\u00a0Silvio Santos\u00a0se encontrava estava isolada h\u00e1 mais de uma semana, para manter sigilo total sobre o quadro de sa\u00fade do apresentador. Nem mesmo m\u00e9dicos do hospital tinham acesso ao [&hellip;]<\/p>\n","protected":false},"author":8,"featured_media":24109,"comment_status":"closed","ping_status":"open","sticky":false,"template":"","format":"standard","meta":{"rop_custom_images_group":[],"rop_custom_messages_group":[],"rop_publish_now":"initial","rop_publish_now_accounts":[],"rop_publish_now_history":[],"rop_publish_now_status":"pending","footnotes":""},"categories":[237],"tags":[],"class_list":["post-24108","post","type-post","status-publish","format-standard","has-post-thumbnail","hentry","category-luto"],"amp_enabled":true,"_links":{"self":[{"href":"https:\/\/imais.online\/portal\/wp-json\/wp\/v2\/posts\/24108","targetHints":{"allow":["GET"]}}],"collection":[{"href":"https:\/\/imais.online\/portal\/wp-json\/wp\/v2\/posts"}],"about":[{"href":"https:\/\/imais.online\/portal\/wp-json\/wp\/v2\/types\/post"}],"author":[{"embeddable":true,"href":"https:\/\/imais.online\/portal\/wp-json\/wp\/v2\/users\/8"}],"replies":[{"embeddable":true,"href":"https:\/\/imais.online\/portal\/wp-json\/wp\/v2\/comments?post=24108"}],"version-history":[{"count":1,"href":"https:\/\/imais.online\/portal\/wp-json\/wp\/v2\/posts\/24108\/revisions"}],"predecessor-version":[{"id":24110,"href":"https:\/\/imais.online\/portal\/wp-json\/wp\/v2\/posts\/24108\/revisions\/24110"}],"wp:featuredmedia":[{"embeddable":true,"href":"https:\/\/imais.online\/portal\/wp-json\/wp\/v2\/media\/24109"}],"wp:attachment":[{"href":"https:\/\/imais.online\/portal\/wp-json\/wp\/v2\/media?parent=24108"}],"wp:term":[{"taxonomy":"category","embeddable":true,"href":"https:\/\/imais.online\/portal\/wp-json\/wp\/v2\/categories?post=24108"},{"taxonomy":"post_tag","embeddable":true,"href":"https:\/\/imais.online\/portal\/wp-json\/wp\/v2\/tags?post=24108"}],"curies":[{"name":"wp","href":"https:\/\/api.w.org\/{rel}","templated":true}]}}