{"id":24111,"date":"2024-08-17T14:40:55","date_gmt":"2024-08-17T17:40:55","guid":{"rendered":"https:\/\/imais.online\/portal\/?p=24111"},"modified":"2024-08-17T14:40:56","modified_gmt":"2024-08-17T17:40:56","slug":"silvio-santos-nao-gostava-e-de-ostentar-e-dirigia-os-proprios-carros-conheca-os-veiculos-do-apresentador","status":"publish","type":"post","link":"https:\/\/imais.online\/portal\/silvio-santos-nao-gostava-e-de-ostentar-e-dirigia-os-proprios-carros-conheca-os-veiculos-do-apresentador\/","title":{"rendered":"Silvio Santos n\u00e3o gostava e de ostentar e dirigia os pr\u00f3prios carros; conhe\u00e7a os ve\u00edculos do apresentador"},"content":{"rendered":"<div class=\"imais-before-content-placement\" id=\"imais-2912602730\"><script async src=\"\/\/pagead2.googlesyndication.com\/pagead\/js\/adsbygoogle.js?client=ca-pub-8787528412751566\" crossorigin=\"anonymous\"><\/script><ins class=\"adsbygoogle\" style=\"display:block;\" data-ad-client=\"ca-pub-8787528412751566\" \ndata-ad-slot=\"\" \ndata-ad-format=\"auto\"><\/ins>\n<script> \n(adsbygoogle = window.adsbygoogle || []).push({}); \n<\/script>\n<\/div>\n<h2 class=\"wp-block-heading\">Apresentador e empres\u00e1rio n\u00e3o era um grande entusiasta de autom\u00f3veis, mas teve rela\u00e7\u00f5es longas com seus carros de garagem<\/h2>\n\n\n\n<p>Silvio Santos morreu aos 93 anos\u00a0em S\u00e3o Paulo deixando um legado para a comunica\u00e7\u00e3o brasileira. O apresentador e empres\u00e1rio n\u00e3o era um grande entusiasta de autom\u00f3veis, mas teve rela\u00e7\u00f5es longas com seus carros de garagem.<\/p>\n\n\n\n<figure class=\"wp-block-image\"><img decoding=\"async\" src=\"https:\/\/newr7-r7-prod.web.arc-cdn.net\/resizer\/v2\/ANS47CAJP5G33PA6SHLMZOPH24.jpg?auth=70667a9bca074792ffd16db28949eba12374d589a5d3267c688e4196a85eebb2&amp;width=640&amp;height=480\" alt=\"\"\/><figcaption class=\"wp-element-caption\">Relembre os carros da garagem de Silvio SantosReprodu\u00e7\u00e3o<\/figcaption><\/figure>\n\n\n\n<p>O R7-Autos Carros relembra alguns dos ve\u00edculos que Silvio Santos dirigiu. Embora n\u00e3o fosse um colecionador de carros ou um entusiasta de modelos esportivos, o apresentador gostava de bons sed\u00e3s m\u00e9dios e teve v\u00e1rios carros do tipo, como Chevrolet \u00d4mega, Honda Accord e at\u00e9 um Lincoln Town Car.<\/p>\n\n\n\n<figure class=\"wp-block-image\"><img decoding=\"async\" src=\"https:\/\/newr7-r7-prod.web.arc-cdn.net\/resizer\/v2\/HNM6BI2OAZFBVCPOVOLZ42NK7A.jpg?auth=ad3fe8dc9534e738280bfade18c6b15464f795a591b6a25daa7cc81fbe2334a7&amp;width=640&amp;height=426\" alt=\"\"\/><figcaption class=\"wp-element-caption\">Relembre os carros da garagem de Silvio SantosReprodu\u00e7\u00e3o<\/figcaption><\/figure>\n\n\n\n<p>Outra curiosidade \u00e9 que Silvio Santos n\u00e3o usava motorista e gostava ele mesmo de dirigir o pr\u00f3prio ve\u00edculo.<\/p>\n\n\n\n<figure class=\"wp-block-image\"><img decoding=\"async\" src=\"https:\/\/newr7-r7-prod.web.arc-cdn.net\/resizer\/v2\/6S3KVJ4R7NCMTKXHTW76RXCS6E.jpg?auth=8317e6c53e4ee37683ed6bc525135bda849d52627f63c186a4d84f483ab98900&amp;width=556&amp;height=551\" alt=\"\"\/><figcaption class=\"wp-element-caption\">Relembre os carros da garagem de Silvio SantosReprodu\u00e7\u00e3o<\/figcaption><\/figure>\n\n\n\n<p>\u00c9 justamente esse carro que vai encabe\u00e7ar nossa lista. O Lincoln Town Car Signature Series Jack Nicklaus 1993 foi um dos carros que Silvio dirigiu por mais tempo. O carro foi comprado nos Estados Unidos e foi o ve\u00edculo de uso di\u00e1rio do apresentador por v\u00e1rios anos.<\/p>\n\n\n\n<figure class=\"wp-block-image\"><img decoding=\"async\" src=\"https:\/\/newr7-r7-prod.web.arc-cdn.net\/resizer\/v2\/YDOTT4WK7ZAOLDSIVQJVN6V65E.jpg?auth=ab795c4f517ddab59668af5d00949a4df464d5102dd57fa3076139507c4915b7&amp;width=710&amp;height=432\" alt=\"\"\/><figcaption class=\"wp-element-caption\">Relembre os carros da garagem de Silvio Santos<\/figcaption><\/figure>\n\n\n\n<p>Com motor V8, a s\u00e9rie homenageava o jogador de golfe e tinha detalhes especiais por se tratar de uma s\u00e9rie limitada.<\/p>\n\n\n\n<figure class=\"wp-block-image\"><img decoding=\"async\" src=\"https:\/\/newr7-r7-prod.web.arc-cdn.net\/resizer\/v2\/AI4TRJXLC5FW5AR2W4DOKZBOJQ.jpg?auth=71475ed4acc1a0a0a0b6841c6aaaea12403e454f0f77ba8c4e27a857b3d46ad0&amp;width=679&amp;height=452\" alt=\"\"\/><figcaption class=\"wp-element-caption\">Relembre os carros da garagem de Silvio SantosDivulga\u00e7\u00e3o<\/figcaption><\/figure>\n\n\n\n<p>O \u00fanico esportivo que pertenceu ao apresentador foi um Chevrolet Camaro Type LT 1975 igualmente com motor V8 5,7 litros. Silvio Santos dirigiu esse carro diariamente por longos anos at\u00e9 comprar o Lincoln Town Car.<\/p>\n\n\n\n<p>Nos anos 1960, Silvio Santos circulava com uma Rural Willys, ve\u00edculo familiar equipado com motor seis cilindros em linha, mas h\u00e1 pouco registro a respeito desse ve\u00edculo que foi fotografado no ano de 1967 sendo abastecido pelo apresentador.<\/p>\n\n\n\n<p>Ap\u00f3s a fase do Lincoln, nos anos 1990, Silvio adquiriu um Chevrolet \u00d4mega australiano, sed\u00e3 de luxo que representava a segunda fase do sed\u00e3 por aqui.<\/p>\n\n\n\n<p>Nos \u00faltimos anos, ainda ao volante, Silvio Santos teve um Honda Accord 2014. Consta que o ve\u00edculo foi dado de presente ao apresentador, que gostava de ficar muito tempo com o mesmo carro.<\/p>\n\n\n\n<p>Fonte R7<\/p>\n","protected":false},"excerpt":{"rendered":"<p>Apresentador e empres\u00e1rio n\u00e3o era um grande entusiasta de autom\u00f3veis, mas teve rela\u00e7\u00f5es longas com seus carros de garagem Silvio Santos morreu aos 93 anos\u00a0em S\u00e3o Paulo deixando um legado para a comunica\u00e7\u00e3o brasileira. O apresentador e empres\u00e1rio n\u00e3o era um grande entusiasta de autom\u00f3veis, mas teve rela\u00e7\u00f5es longas com seus carros de garagem. O [&hellip;]<\/p>\n","protected":false},"author":8,"featured_media":24112,"comment_status":"closed","ping_status":"open","sticky":false,"template":"","format":"standard","meta":{"rop_custom_images_group":[],"rop_custom_messages_group":[],"rop_publish_now":"initial","rop_publish_now_accounts":[],"rop_publish_now_history":[],"rop_publish_now_status":"pending","footnotes":""},"categories":[237],"tags":[],"class_list":["post-24111","post","type-post","status-publish","format-standard","has-post-thumbnail","hentry","category-luto"],"amp_enabled":true,"_links":{"self":[{"href":"https:\/\/imais.online\/portal\/wp-json\/wp\/v2\/posts\/24111","targetHints":{"allow":["GET"]}}],"collection":[{"href":"https:\/\/imais.online\/portal\/wp-json\/wp\/v2\/posts"}],"about":[{"href":"https:\/\/imais.online\/portal\/wp-json\/wp\/v2\/types\/post"}],"author":[{"embeddable":true,"href":"https:\/\/imais.online\/portal\/wp-json\/wp\/v2\/users\/8"}],"replies":[{"embeddable":true,"href":"https:\/\/imais.online\/portal\/wp-json\/wp\/v2\/comments?post=24111"}],"version-history":[{"count":1,"href":"https:\/\/imais.online\/portal\/wp-json\/wp\/v2\/posts\/24111\/revisions"}],"predecessor-version":[{"id":24113,"href":"https:\/\/imais.online\/portal\/wp-json\/wp\/v2\/posts\/24111\/revisions\/24113"}],"wp:featuredmedia":[{"embeddable":true,"href":"https:\/\/imais.online\/portal\/wp-json\/wp\/v2\/media\/24112"}],"wp:attachment":[{"href":"https:\/\/imais.online\/portal\/wp-json\/wp\/v2\/media?parent=24111"}],"wp:term":[{"taxonomy":"category","embeddable":true,"href":"https:\/\/imais.online\/portal\/wp-json\/wp\/v2\/categories?post=24111"},{"taxonomy":"post_tag","embeddable":true,"href":"https:\/\/imais.online\/portal\/wp-json\/wp\/v2\/tags?post=24111"}],"curies":[{"name":"wp","href":"https:\/\/api.w.org\/{rel}","templated":true}]}}