{"id":24114,"date":"2024-08-17T14:43:51","date_gmt":"2024-08-17T17:43:51","guid":{"rendered":"https:\/\/imais.online\/portal\/?p=24114"},"modified":"2024-08-17T14:43:52","modified_gmt":"2024-08-17T17:43:52","slug":"silvio-santos-vetava-corte-das-suas-piadas-na-edicao-e-nao-temia-polemicas-o-publico-avalia","status":"publish","type":"post","link":"https:\/\/imais.online\/portal\/silvio-santos-vetava-corte-das-suas-piadas-na-edicao-e-nao-temia-polemicas-o-publico-avalia\/","title":{"rendered":"Silvio Santos vetava corte das suas piadas na edi\u00e7\u00e3o e n\u00e3o temia pol\u00eamicas: &#8216;O p\u00fablico avalia!&#8217;"},"content":{"rendered":"<div class=\"imais-before-content-placement\" id=\"imais-812044363\"><script async src=\"\/\/pagead2.googlesyndication.com\/pagead\/js\/adsbygoogle.js?client=ca-pub-8787528412751566\" crossorigin=\"anonymous\"><\/script><ins class=\"adsbygoogle\" style=\"display:block;\" data-ad-client=\"ca-pub-8787528412751566\" \ndata-ad-slot=\"\" \ndata-ad-format=\"auto\"><\/ins>\n<script> \n(adsbygoogle = window.adsbygoogle || []).push({}); \n<\/script>\n<\/div>\n<h2 class=\"wp-block-heading\">Comunicador morreu na madrugada deste s\u00e1bado (17), aos 93 anos<\/h2>\n\n\n\n<p>A televis\u00e3o voltou a ficar preta e branca com a\u00a0morte de Silvio Santos neste s\u00e1bado (17). Segundo comunicado emitido pelo Hospital Albert Einstein, o comunicador faleceu aos 93 anos,\u00a0em decorr\u00eancia de uma broncopneumonia.<\/p>\n\n\n\n<figure class=\"wp-block-image\"><img decoding=\"async\" src=\"https:\/\/s2-gshow.glbimg.com\/M3wS1C2-kBabt0jU4elC_CVeEPc=\/0x0:990x619\/984x0\/smart\/filters:strip_icc()\/i.s3.glbimg.com\/v1\/AUTH_e84042ef78cb4708aeebdf1c68c6cbd6\/internal_photos\/bs\/2024\/Y\/g\/AJdGEBSd21pWMcOqLLLg\/silvio-santos-piadas.webp\" alt=\"Silvio Santos vetava corte das suas piadas na edi\u00e7\u00e3o e n\u00e3o temia pol\u00eamicas: \u2018O p\u00fablico avalia!\u2019 \u2014 Foto: Reprodu\u00e7\u00e3o\/SBT\"\/><\/figure>\n\n\n\n<p class=\"has-small-font-size\">Silvio Santos vetava corte das suas piadas na edi\u00e7\u00e3o e n\u00e3o temia pol\u00eamicas: \u2018O p\u00fablico avalia!\u2019 \u2014 Foto: Reprodu\u00e7\u00e3o\/SBT<\/p>\n\n\n\n<p>Uma das caracter\u00edsticas mais marcantes de Silvio era a sua irrever\u00eancia e espontaneidade no palco. O sorriso solto e as brincadeiras contagiavam o p\u00fablico, e n\u00e3o era dif\u00edcil que ele protagonizasse alguns memes nas redes sociais. Mas nem sempre os coment\u00e1rios do apresentador do \u201cPrograma\u00a0Silvio Santos\u201d eram bem recebidos.<\/p>\n\n\n\n<p>Em algumas ocasi\u00f5es, as falas de Silvio Santos eram controversas e geravam pol\u00eamica. E quando algu\u00e9m da equipe sinalizava que certo deslize poderia dar problema quando fosse ao ar, o dono do Ba\u00fa nem cogitava cortar.<\/p>\n\n\n\n<blockquote class=\"wp-block-quote is-layout-flow wp-block-quote-is-layout-flow\">\n<p>\u201cTeve at\u00e9 uma situa\u00e7\u00e3o dessas que quiseram editar e ele falou: \u2018N\u00e3o! Aconteceu. Eu n\u00e3o fiz nada de errado, deixa o p\u00fablico avaliar!\u2019. Ele faz de puro cora\u00e7\u00e3o, realmente ama e se interessa pelas pessoas, ele n\u00e3o julga, n\u00e3o tem preconceito\u201d, afirmou Renata Abravanel, ca\u00e7ula das seis filhas, ao jornalista Roberto Cabrini.<\/p>\n<\/blockquote>\n\n\n\n<p>Na ocasi\u00e3o, Daniela Beyruti concordou com a irm\u00e3 e explicou como o pai reagia \u00e0s pol\u00eamicas geradas por seus coment\u00e1rios:<\/p>\n\n\n\n<blockquote class=\"wp-block-quote is-layout-flow wp-block-quote-is-layout-flow\">\n<p>\u201cEle fala: \u2018Mas que besteira, eu nem estava pensando nisso!\u2019. Ele fica at\u00e9 bem chateado com a maldade que a pessoa v\u00ea, algo que ele n\u00e3o viu maldade.\u201d<\/p>\n<\/blockquote>\n\n\n\n<p>Fonte G1<\/p>\n","protected":false},"excerpt":{"rendered":"<p>Comunicador morreu na madrugada deste s\u00e1bado (17), aos 93 anos A televis\u00e3o voltou a ficar preta e branca com a\u00a0morte de Silvio Santos neste s\u00e1bado (17). Segundo comunicado emitido pelo Hospital Albert Einstein, o comunicador faleceu aos 93 anos,\u00a0em decorr\u00eancia de uma broncopneumonia. Silvio Santos vetava corte das suas piadas na edi\u00e7\u00e3o e n\u00e3o temia [&hellip;]<\/p>\n","protected":false},"author":8,"featured_media":24115,"comment_status":"closed","ping_status":"open","sticky":false,"template":"","format":"standard","meta":{"rop_custom_images_group":[],"rop_custom_messages_group":[],"rop_publish_now":"initial","rop_publish_now_accounts":[],"rop_publish_now_history":[],"rop_publish_now_status":"pending","footnotes":""},"categories":[237],"tags":[],"class_list":["post-24114","post","type-post","status-publish","format-standard","has-post-thumbnail","hentry","category-luto"],"amp_enabled":true,"_links":{"self":[{"href":"https:\/\/imais.online\/portal\/wp-json\/wp\/v2\/posts\/24114","targetHints":{"allow":["GET"]}}],"collection":[{"href":"https:\/\/imais.online\/portal\/wp-json\/wp\/v2\/posts"}],"about":[{"href":"https:\/\/imais.online\/portal\/wp-json\/wp\/v2\/types\/post"}],"author":[{"embeddable":true,"href":"https:\/\/imais.online\/portal\/wp-json\/wp\/v2\/users\/8"}],"replies":[{"embeddable":true,"href":"https:\/\/imais.online\/portal\/wp-json\/wp\/v2\/comments?post=24114"}],"version-history":[{"count":1,"href":"https:\/\/imais.online\/portal\/wp-json\/wp\/v2\/posts\/24114\/revisions"}],"predecessor-version":[{"id":24116,"href":"https:\/\/imais.online\/portal\/wp-json\/wp\/v2\/posts\/24114\/revisions\/24116"}],"wp:featuredmedia":[{"embeddable":true,"href":"https:\/\/imais.online\/portal\/wp-json\/wp\/v2\/media\/24115"}],"wp:attachment":[{"href":"https:\/\/imais.online\/portal\/wp-json\/wp\/v2\/media?parent=24114"}],"wp:term":[{"taxonomy":"category","embeddable":true,"href":"https:\/\/imais.online\/portal\/wp-json\/wp\/v2\/categories?post=24114"},{"taxonomy":"post_tag","embeddable":true,"href":"https:\/\/imais.online\/portal\/wp-json\/wp\/v2\/tags?post=24114"}],"curies":[{"name":"wp","href":"https:\/\/api.w.org\/{rel}","templated":true}]}}