{"id":24117,"date":"2024-08-17T14:49:55","date_gmt":"2024-08-17T17:49:55","guid":{"rendered":"https:\/\/imais.online\/portal\/?p=24117"},"modified":"2024-08-17T14:49:55","modified_gmt":"2024-08-17T17:49:55","slug":"ultimo-desejo-de-silvio-santos-apresentador-nao-queria-velorio-e-familia-vai-respeitar-diz-sbt","status":"publish","type":"post","link":"https:\/\/imais.online\/portal\/ultimo-desejo-de-silvio-santos-apresentador-nao-queria-velorio-e-familia-vai-respeitar-diz-sbt\/","title":{"rendered":"\u00daltimo desejo de Silvio Santos: apresentador n\u00e3o queria vel\u00f3rio, e fam\u00edlia vai respeitar, diz\u00a0SBT"},"content":{"rendered":"<div class=\"imais-before-content-placement\" id=\"imais-1258057009\"><script async src=\"\/\/pagead2.googlesyndication.com\/pagead\/js\/adsbygoogle.js?client=ca-pub-8787528412751566\" crossorigin=\"anonymous\"><\/script><ins class=\"adsbygoogle\" style=\"display:block;\" data-ad-client=\"ca-pub-8787528412751566\" \ndata-ad-slot=\"\" \ndata-ad-format=\"auto\"><\/ins>\n<script> \n(adsbygoogle = window.adsbygoogle || []).push({}); \n<\/script>\n<\/div>\n<h2 class=\"wp-block-heading\">&#8216;A medida que nosso pai ia ficando mais velho, ele ia expressando um desejo dele, que lev\u00e1ssemos ele direto para o cemit\u00e9rio e fiz\u00e9ssemos uma cerim\u00f4nia judaica, ele pediu para que n\u00e3o explor\u00e1ssemos a sua passagem, ele gostava de ser celebrado em vida&#8217;, afirmou a fam\u00edlia em nota<\/h2>\n\n\n\n<p>A assessoria de imprensa do SBT informou que n\u00e3o haver\u00e1 vel\u00f3rio de Silvio Santos,\u00a0que morreu aos 93 anos na madrugada deste s\u00e1bado (17), em S\u00e3o Paulo, respeitando a vontade do apresentador. O enterro ser\u00e1 uma cerim\u00f4nia judaica, em local n\u00e3o divulgado.<\/p>\n\n\n\n<p>Uma nota da fam\u00edlia Abravanel foi lida na emissora, explicando a decis\u00e3o de n\u00e3o fazer vel\u00f3rio. &#8220;Queremos dizer para voc\u00eas que, por muitas vezes, ao longo da vida, a medida que nosso pai ia ficando mais velho, ele ia expressando um desejo dele com rela\u00e7\u00e3o a sua partida: ele pediu que, assim que ele partisse, que lev\u00e1ssemos ele direto para o cemit\u00e9rio e fiz\u00e9ssemos uma cerim\u00f4nia judaica.\u00a0<strong>Ele pediu para que n\u00e3o explor\u00e1ssemos a sua passagem<\/strong>, ele gostava de ser celebrado em vida, e gostaria de ser lembrado com a alegria com que ele viveu. Ele nos pediu para que respeit\u00e1ssemos o desejo dele, e assim vamos fazer&#8221;, destacou a nota.<\/p>\n\n\n\n<h2 class=\"wp-block-heading\">Morre Silvio Santos:<\/h2>\n\n\n\n<ul class=\"wp-block-list\">\n<li>Criador de um dos maiores grupos de comunica\u00e7\u00e3o do pa\u00eds, o SBT, Silvio Santos marcou como poucos a hist\u00f3ria da TV.\u00a0Ele morreu aos 93 anos, em S\u00e3o Paulo.\u00a0<\/li>\n\n\n\n<li>Silvio Santos ajudou a construir a televis\u00e3o brasileira. Em seis d\u00e9cadas falando com o pa\u00eds,\u00a0ele conquistou tudo na comunica\u00e7\u00e3o, segundo cr\u00edtica da colunista Patricia Kogut.<\/li>\n\n\n\n<li>Frases ic\u00f4nicas como &#8216;Quem quer dinheiro?&#8217;, &#8216;Voc\u00ea est\u00e1 certo disso?&#8217; e &#8216;Namoro ou amizade?&#8217; entraram para o cotidiano dos brasileiros.\u00a0<\/li>\n\n\n\n<li>Emissora, fundada por Silvio Santos em 1981, deu a not\u00edcia da morte do apresentador nas redes sociais.&nbsp;<a href=\"https:\/\/oglobo.globo.com\/cultura\/noticia\/2024\/08\/17\/sbt-o-ceu-esta-alegre-com-a-chegada-do-nosso-amado-silvio-santos.ghtml\" target=\"_blank\" rel=\"noreferrer noopener\">Leia a nota do SBT<\/a>.&nbsp;<\/li>\n<\/ul>\n\n\n\n<p>A fam\u00edlia ainda pediu &#8220;a compreens\u00e3o de todos&#8221; para &#8220;guardar na mem\u00f3ria tudo de bom que ele fez e de tantas alegrias que ele trouxe&#8221; ao longo dos anos. &#8220;Ele foi muito feliz com tudo o que fez, que ele fazia do fundo de seu cora\u00e7\u00e3o. Ele amou o Brasil e os brasileiros. Com muito carinho e respeito a todos voc\u00eas, fam\u00edlia Abravanel\u201d, acrescenta a nota.<\/p>\n\n\n\n<h2 class=\"wp-block-heading\">Causa da morte de Silvio Santos<\/h2>\n\n\n\n<p>O\u00a0Hospital Israelita Albert Einstein confirmou que o apresentador morreu por broncopneumonia ap\u00f3s H1N1. Ele estava internado h\u00e1 17 dias na unidade de sa\u00fade. Segundo o SBT, Silvio deu entrada na unidade no dia 1\u00ba de agosto para realizar exames que n\u00e3o podiam ser feitos em casa. Em julho, o empres\u00e1rio teve um quadro de H1N1 e chegou a ficar hospitalizado, mas teve alta.<\/p>\n\n\n\n<p>A broncopneumonia \u00e9 uma inflama\u00e7\u00e3o que atinge as estruturas internas do pulm\u00e3o, como os br\u00f4nquios e os alv\u00e9olos. A condi\u00e7\u00e3o pode ser causada por um v\u00edrus (como o H1N1), um fungo ou uma bact\u00e9ria.<\/p>\n\n\n\n<p>Fonte O Globo <\/p>\n","protected":false},"excerpt":{"rendered":"<p>&#8216;A medida que nosso pai ia ficando mais velho, ele ia expressando um desejo dele, que lev\u00e1ssemos ele direto para o cemit\u00e9rio e fiz\u00e9ssemos uma cerim\u00f4nia judaica, ele pediu para que n\u00e3o explor\u00e1ssemos a sua passagem, ele gostava de ser celebrado em vida&#8217;, afirmou a fam\u00edlia em nota A assessoria de imprensa do SBT informou [&hellip;]<\/p>\n","protected":false},"author":8,"featured_media":24118,"comment_status":"closed","ping_status":"open","sticky":false,"template":"","format":"standard","meta":{"rop_custom_images_group":[],"rop_custom_messages_group":[],"rop_publish_now":"initial","rop_publish_now_accounts":[],"rop_publish_now_history":[],"rop_publish_now_status":"pending","footnotes":""},"categories":[237],"tags":[],"class_list":["post-24117","post","type-post","status-publish","format-standard","has-post-thumbnail","hentry","category-luto"],"amp_enabled":true,"_links":{"self":[{"href":"https:\/\/imais.online\/portal\/wp-json\/wp\/v2\/posts\/24117","targetHints":{"allow":["GET"]}}],"collection":[{"href":"https:\/\/imais.online\/portal\/wp-json\/wp\/v2\/posts"}],"about":[{"href":"https:\/\/imais.online\/portal\/wp-json\/wp\/v2\/types\/post"}],"author":[{"embeddable":true,"href":"https:\/\/imais.online\/portal\/wp-json\/wp\/v2\/users\/8"}],"replies":[{"embeddable":true,"href":"https:\/\/imais.online\/portal\/wp-json\/wp\/v2\/comments?post=24117"}],"version-history":[{"count":1,"href":"https:\/\/imais.online\/portal\/wp-json\/wp\/v2\/posts\/24117\/revisions"}],"predecessor-version":[{"id":24119,"href":"https:\/\/imais.online\/portal\/wp-json\/wp\/v2\/posts\/24117\/revisions\/24119"}],"wp:featuredmedia":[{"embeddable":true,"href":"https:\/\/imais.online\/portal\/wp-json\/wp\/v2\/media\/24118"}],"wp:attachment":[{"href":"https:\/\/imais.online\/portal\/wp-json\/wp\/v2\/media?parent=24117"}],"wp:term":[{"taxonomy":"category","embeddable":true,"href":"https:\/\/imais.online\/portal\/wp-json\/wp\/v2\/categories?post=24117"},{"taxonomy":"post_tag","embeddable":true,"href":"https:\/\/imais.online\/portal\/wp-json\/wp\/v2\/tags?post=24117"}],"curies":[{"name":"wp","href":"https:\/\/api.w.org\/{rel}","templated":true}]}}