{"id":24120,"date":"2024-08-17T14:54:58","date_gmt":"2024-08-17T17:54:58","guid":{"rendered":"https:\/\/imais.online\/portal\/?p=24120"},"modified":"2024-08-17T14:54:59","modified_gmt":"2024-08-17T17:54:59","slug":"morre-silvio-santos-tv-globo-exibe-globo-reporter-e-domingao-com-huck-especiais-sobre-o-apresentador","status":"publish","type":"post","link":"https:\/\/imais.online\/portal\/morre-silvio-santos-tv-globo-exibe-globo-reporter-e-domingao-com-huck-especiais-sobre-o-apresentador\/","title":{"rendered":"Morre Silvio Santos: TV Globo exibe &#8216;Globo Rep\u00f3rter&#8217; e &#8216;Doming\u00e3o com Huck&#8217; especiais sobre o apresentador"},"content":{"rendered":"<div class=\"imais-before-content-placement\" id=\"imais-515840772\"><script async src=\"\/\/pagead2.googlesyndication.com\/pagead\/js\/adsbygoogle.js?client=ca-pub-8787528412751566\" crossorigin=\"anonymous\"><\/script><ins class=\"adsbygoogle\" style=\"display:block;\" data-ad-client=\"ca-pub-8787528412751566\" \ndata-ad-slot=\"\" \ndata-ad-format=\"auto\"><\/ins>\n<script> \n(adsbygoogle = window.adsbygoogle || []).push({}); \n<\/script>\n<\/div>\n<h2 class=\"wp-block-heading\">&#8216;Fant\u00e1stico&#8217; tamb\u00e9m ter\u00e1 cobertura especial<\/h2>\n\n\n\n<p>A TV Globo vai alterar sua programa\u00e7\u00e3o neste fim de semana para homenagear Silvio Santos, que\u00a0<a class=\"\" href=\"https:\/\/oglobo.globo.com\/cultura\/noticia\/2024\/08\/17\/morre-silvio-santos-apresentador-e-empresario-aos-93-anos.ghtml\">morreu em S\u00e3o Paulo, aos 93 anos<\/a>. Logo ap\u00f3s &#8220;Renascer&#8221;, a emissora exibe um &#8220;Globo rep\u00f3rter&#8221; especial sobre a vida do apresentador e empres\u00e1rio. O programa estava previsto para dezembro, quando Silvio completaria 94 anos. &#8220;Estrela da casa&#8221; e &#8220;Altas Horas&#8221; entram no ar, respectivamente, ap\u00f3s o especial.<\/p>\n\n\n\n<p>O &#8220;Doming\u00e3o com Huck&#8221; tamb\u00e9m ter\u00e1 edi\u00e7\u00e3o especial ao vivo para louvar as contribui\u00e7\u00f5es do apresentador \u00e0 TV brasileira. Por isso, diz a emissora, o quadro &#8220;Batalha do Lip Sync&#8221;, com Xuxa e Ang\u00e9lica, foi adiado.<\/p>\n\n\n\n<p>O &#8220;Fant\u00e1stico&#8221; tamb\u00e9m prepara cobertura completa das homenagens e da repercuss\u00e3o do dono do SBT.<\/p>\n\n\n\n<p>No s\u00e1bado, o &#8220;Jornal Hoje&#8221; teve a dura\u00e7\u00e3o aumentada e o &#8220;Globo esporte&#8221;, &#8220;Sess\u00e3o de s\u00e1bado&#8221; e &#8220;Edi\u00e7\u00e3o Especial&#8221; foram cancelados. Flashes ao vivo sobre a morte de Silvio Santos entram na programa\u00e7\u00e3o durante toda a tarde.<\/p>\n\n\n\n<figure class=\"wp-block-image\"><img decoding=\"async\" src=\"https:\/\/s2-oglobo.glbimg.com\/GgOka-T3rL4b5ew-msVUTlYlo9A=\/0x0:6576x3984\/888x0\/smart\/filters:strip_icc()\/i.s3.glbimg.com\/v1\/AUTH_da025474c0c44edd99332dddb09cabe8\/internal_photos\/bs\/2023\/U\/r\/3IDWHBQfGP6U9SaY4a2g\/sua-majestade-o-ibope-161172-moacyr-dos-santos-sbt-040.jpg\" alt=\"Silvio Santos no programa 'Sua majestade o Ibope'\"\/><\/figure>\n\n\n\n<p class=\"has-small-font-size\">Silvio Santos no programa &#8216;Sua majestade o Ibope&#8217; \u2014 Foto: Moacyr dos Santos\/SBT<\/p>\n\n\n\n<p>Fonte O Globo<\/p>\n","protected":false},"excerpt":{"rendered":"<p>&#8216;Fant\u00e1stico&#8217; tamb\u00e9m ter\u00e1 cobertura especial A TV Globo vai alterar sua programa\u00e7\u00e3o neste fim de semana para homenagear Silvio Santos, que\u00a0morreu em S\u00e3o Paulo, aos 93 anos. Logo ap\u00f3s &#8220;Renascer&#8221;, a emissora exibe um &#8220;Globo rep\u00f3rter&#8221; especial sobre a vida do apresentador e empres\u00e1rio. O programa estava previsto para dezembro, quando Silvio completaria 94 anos. [&hellip;]<\/p>\n","protected":false},"author":8,"featured_media":24121,"comment_status":"closed","ping_status":"open","sticky":false,"template":"","format":"standard","meta":{"rop_custom_images_group":[],"rop_custom_messages_group":[],"rop_publish_now":"initial","rop_publish_now_accounts":[],"rop_publish_now_history":[],"rop_publish_now_status":"pending","footnotes":""},"categories":[237],"tags":[],"class_list":["post-24120","post","type-post","status-publish","format-standard","has-post-thumbnail","hentry","category-luto"],"amp_enabled":true,"_links":{"self":[{"href":"https:\/\/imais.online\/portal\/wp-json\/wp\/v2\/posts\/24120","targetHints":{"allow":["GET"]}}],"collection":[{"href":"https:\/\/imais.online\/portal\/wp-json\/wp\/v2\/posts"}],"about":[{"href":"https:\/\/imais.online\/portal\/wp-json\/wp\/v2\/types\/post"}],"author":[{"embeddable":true,"href":"https:\/\/imais.online\/portal\/wp-json\/wp\/v2\/users\/8"}],"replies":[{"embeddable":true,"href":"https:\/\/imais.online\/portal\/wp-json\/wp\/v2\/comments?post=24120"}],"version-history":[{"count":1,"href":"https:\/\/imais.online\/portal\/wp-json\/wp\/v2\/posts\/24120\/revisions"}],"predecessor-version":[{"id":24122,"href":"https:\/\/imais.online\/portal\/wp-json\/wp\/v2\/posts\/24120\/revisions\/24122"}],"wp:featuredmedia":[{"embeddable":true,"href":"https:\/\/imais.online\/portal\/wp-json\/wp\/v2\/media\/24121"}],"wp:attachment":[{"href":"https:\/\/imais.online\/portal\/wp-json\/wp\/v2\/media?parent=24120"}],"wp:term":[{"taxonomy":"category","embeddable":true,"href":"https:\/\/imais.online\/portal\/wp-json\/wp\/v2\/categories?post=24120"},{"taxonomy":"post_tag","embeddable":true,"href":"https:\/\/imais.online\/portal\/wp-json\/wp\/v2\/tags?post=24120"}],"curies":[{"name":"wp","href":"https:\/\/api.w.org\/{rel}","templated":true}]}}