{"id":24123,"date":"2024-08-17T15:12:06","date_gmt":"2024-08-17T18:12:06","guid":{"rendered":"https:\/\/imais.online\/portal\/?p=24123"},"modified":"2024-08-17T15:12:07","modified_gmt":"2024-08-17T18:12:07","slug":"corpo-de-silvio-santos-deixa-o-hospital-diz-assessoria","status":"publish","type":"post","link":"https:\/\/imais.online\/portal\/corpo-de-silvio-santos-deixa-o-hospital-diz-assessoria\/","title":{"rendered":"Corpo de Silvio Santos deixa o hospital, diz assessoria."},"content":{"rendered":"<div class=\"imais-before-content-placement\" id=\"imais-3372091647\"><script async src=\"\/\/pagead2.googlesyndication.com\/pagead\/js\/adsbygoogle.js?client=ca-pub-8787528412751566\" crossorigin=\"anonymous\"><\/script><ins class=\"adsbygoogle\" style=\"display:block;\" data-ad-client=\"ca-pub-8787528412751566\" \ndata-ad-slot=\"\" \ndata-ad-format=\"auto\"><\/ins>\n<script> \n(adsbygoogle = window.adsbygoogle || []).push({}); \n<\/script>\n<\/div>\n<p><strong>Apresentador de 93 anos, que morreu em decorr\u00eancia de complica\u00e7\u00f5es de uma broncopneumonia<\/strong><\/p>\n\n\n\n<p>O corpo de\u00a0Silvio Santos\u00a0deixou o Hospital Israelita Albert Einstein, na Zona Sul de S\u00e3o Paulo, na tarde deste s\u00e1bado (17), afirma a assessoria de imprensa do local, onde o apresentador passou seus \u00faltimos 17 dias de vida internado at\u00e9 sua morte,\u00a0anunciada pela manh\u00e3. Por meio da assessoria de imprensa do SBT, no entanto, a fam\u00edlia Abravanel negou que o patriarca tenha sido removido do hospital.<\/p>\n\n\n\n<p>&#8220;O Hospital Israelita Albert Einstein confirma com pesar o falecimento de Senor Abravanel, o Silvio Santos, aos 93 anos, no dia de hoje, 17 de agosto de 2024, \u00e0s 4h50 da madrugada, em decorr\u00eancia de uma broncopneumonia, ap\u00f3s uma infec\u00e7\u00e3o por influenza (H1N1). O Hospital Israelita Albert Einstein se solidariza com a fam\u00edlia e todos que sofrem com a perda&#8221;, informou o boletim divulgado nesta manh\u00e3.<\/p>\n\n\n\n<p>A morte do artista e fundador do SBT causou como\u00e7\u00e3o e\u00a0diversos artistas se manifestaram nas redes sociais. Em boa parte das homenagens, famosos destacaram a import\u00e2ncia de Silvio para a TV brasileira. Considerado um dos maiores comunicadores de todos os tempos, ele deixou um grande legado e moldou a forma de fazer programas de audit\u00f3rio, que animaram por anos os domingos dos brasileiros.<\/p>\n\n\n\n<p>Com mais de 60 anos de carreira na televis\u00e3o, o apresentador carioca estava afastado do trabalho nos palcos desde setembro de 2022. Empres\u00e1rio com atua\u00e7\u00e3o em diferentes setores, ele teve como principal marca o SBT, inaugurado em 1981.<\/p>\n\n\n\n<figure class=\"wp-block-image\"><img decoding=\"async\" src=\"https:\/\/s2-quem.glbimg.com\/dSL-ey633y7aZ9RaD6OUnLC6Pmk=\/0x0:720x1280\/984x0\/smart\/filters:strip_icc()\/i.s3.glbimg.com\/v1\/AUTH_b0f0e84207c948ab8b8777be5a6a4395\/internal_photos\/bs\/2024\/h\/b\/v9ABLNQ9AdAIEonMpJBg\/whatsapp-image-2024-08-17-at-13.33.33.jpeg\" alt=\"Corpo de Silvio Santos deixou o hospital \u2014 Foto: Quem\"\/><\/figure>\n\n\n\n<p class=\"has-small-font-size\">Corpo de Silvio Santos deixou o hospital \u2014 Foto: Quem<\/p>\n\n\n\n<p>Fonte Revista Quem <\/p>\n","protected":false},"excerpt":{"rendered":"<p>Apresentador de 93 anos, que morreu em decorr\u00eancia de complica\u00e7\u00f5es de uma broncopneumonia O corpo de\u00a0Silvio Santos\u00a0deixou o Hospital Israelita Albert Einstein, na Zona Sul de S\u00e3o Paulo, na tarde deste s\u00e1bado (17), afirma a assessoria de imprensa do local, onde o apresentador passou seus \u00faltimos 17 dias de vida internado at\u00e9 sua morte,\u00a0anunciada pela [&hellip;]<\/p>\n","protected":false},"author":8,"featured_media":24124,"comment_status":"closed","ping_status":"open","sticky":false,"template":"","format":"standard","meta":{"rop_custom_images_group":[],"rop_custom_messages_group":[],"rop_publish_now":"initial","rop_publish_now_accounts":[],"rop_publish_now_history":[],"rop_publish_now_status":"pending","footnotes":""},"categories":[237],"tags":[],"class_list":["post-24123","post","type-post","status-publish","format-standard","has-post-thumbnail","hentry","category-luto"],"amp_enabled":true,"_links":{"self":[{"href":"https:\/\/imais.online\/portal\/wp-json\/wp\/v2\/posts\/24123","targetHints":{"allow":["GET"]}}],"collection":[{"href":"https:\/\/imais.online\/portal\/wp-json\/wp\/v2\/posts"}],"about":[{"href":"https:\/\/imais.online\/portal\/wp-json\/wp\/v2\/types\/post"}],"author":[{"embeddable":true,"href":"https:\/\/imais.online\/portal\/wp-json\/wp\/v2\/users\/8"}],"replies":[{"embeddable":true,"href":"https:\/\/imais.online\/portal\/wp-json\/wp\/v2\/comments?post=24123"}],"version-history":[{"count":1,"href":"https:\/\/imais.online\/portal\/wp-json\/wp\/v2\/posts\/24123\/revisions"}],"predecessor-version":[{"id":24125,"href":"https:\/\/imais.online\/portal\/wp-json\/wp\/v2\/posts\/24123\/revisions\/24125"}],"wp:featuredmedia":[{"embeddable":true,"href":"https:\/\/imais.online\/portal\/wp-json\/wp\/v2\/media\/24124"}],"wp:attachment":[{"href":"https:\/\/imais.online\/portal\/wp-json\/wp\/v2\/media?parent=24123"}],"wp:term":[{"taxonomy":"category","embeddable":true,"href":"https:\/\/imais.online\/portal\/wp-json\/wp\/v2\/categories?post=24123"},{"taxonomy":"post_tag","embeddable":true,"href":"https:\/\/imais.online\/portal\/wp-json\/wp\/v2\/tags?post=24123"}],"curies":[{"name":"wp","href":"https:\/\/api.w.org\/{rel}","templated":true}]}}