{"id":24129,"date":"2024-08-19T09:00:05","date_gmt":"2024-08-19T12:00:05","guid":{"rendered":"https:\/\/imais.online\/portal\/?p=24129"},"modified":"2024-08-19T09:00:06","modified_gmt":"2024-08-19T12:00:06","slug":"semana-comeca-com-tempo-quente-e-seco-veja-a-previsao-dos-proximos-dias-em-todo-o-pais","status":"publish","type":"post","link":"https:\/\/imais.online\/portal\/semana-comeca-com-tempo-quente-e-seco-veja-a-previsao-dos-proximos-dias-em-todo-o-pais\/","title":{"rendered":"Semana come\u00e7a com tempo quente e seco; veja a previs\u00e3o dos pr\u00f3ximos dias em todo o pa\u00eds"},"content":{"rendered":"<div class=\"imais-before-content-placement\" id=\"imais-2346245700\"><script async src=\"\/\/pagead2.googlesyndication.com\/pagead\/js\/adsbygoogle.js?client=ca-pub-8787528412751566\" crossorigin=\"anonymous\"><\/script><ins class=\"adsbygoogle\" style=\"display:block;\" data-ad-client=\"ca-pub-8787528412751566\" \ndata-ad-slot=\"\" \ndata-ad-format=\"auto\"><\/ins>\n<script> \n(adsbygoogle = window.adsbygoogle || []).push({}); \n<\/script>\n<\/div>\n<h2 class=\"wp-block-heading\">Bloqueio atmosf\u00e9rico mant\u00e9m calor e baixa umidade do ar; term\u00f4metros ultrapassam os 42\u00baC<\/h2>\n\n\n\n<p>Uma forte massa de ar seco vai&nbsp;<a href=\"https:\/\/noticias.r7.com\/jr-na-tv\/previsao-do-tempo\/video\/veja-a-previsao-do-tempo-para-este-domingo-18-em-todo-o-brasil-18082024\/\" target=\"_blank\" rel=\"noreferrer noopener\">intensificar o calor no pa\u00eds<\/a>, elevando as temperaturas a n\u00edveis recordes em algumas cidades. Em Cuiab\u00e1, por exemplo, onde a m\u00e1xima hist\u00f3rica para agosto \u00e9 de 41\u00b0C, a previs\u00e3o \u00e9 de 42\u00baC para ter\u00e7a-feira, (20), segundo o Climatempo.<\/p>\n\n\n\n<p>Goi\u00e2nia, que registrou 36,8\u00b0C em 19 de mar\u00e7o, pode alcan\u00e7ar 37\u00baC. Campo Grande, com um recorde anterior de 36,2\u00b0C em 19 de mar\u00e7o, tamb\u00e9m deve registrar a marca. J\u00e1 em&nbsp;<a href=\"https:\/\/noticias.r7.com\/piaui\/\" target=\"_blank\" rel=\"noreferrer noopener\">Teresina<\/a>, a expectativa \u00e9 que os term\u00f4metros marquem 38\u00baC na quarta-feira (21), superando o recorde anterior de 37,4\u00b0C, registrado em 5 de fevereiro.<\/p>\n\n\n\n<h3 class=\"wp-block-heading\"><strong>Previs\u00e3o para S\u00e3o Paulo<\/strong><\/h3>\n\n\n\n<p>A cidade de&nbsp;<a href=\"https:\/\/noticias.r7.com\/sao-paulo\/\" target=\"_blank\" rel=\"noreferrer noopener\">S\u00e3o Paulo<\/a>&nbsp;amanhece com sol encoberto por nuvens e ter\u00e1 dia quente nesta segunda-feira (19). A grande massa de ar seco que passa pelo Sudeste e pelo Centro-Oeste do Brasil continuar\u00e1 influenciando o clima da capital paulista nos pr\u00f3ximos dias, garantindo tempo firme e temperaturas elevadas.<\/p>\n\n\n\n<p>A temperatura m\u00ednima ser\u00e1 de 14\u00b0C, e a m\u00e1xima, de 32\u00b0C, no meio da tarde, de acordo com o CGE (Centro de Gerenciamento de Emerg\u00eancias Clim\u00e1ticas). A umidade relativa do ar segue baixa, com \u00edndices pr\u00f3ximos a 20%, e n\u00e3o h\u00e1 previs\u00e3o de chuva.<\/p>\n\n\n\n<p>O tempo quente e seco se mant\u00e9m na ter\u00e7a-feira (20), com term\u00f4metros registrando temperatura m\u00ednima de 17\u00baC, e m\u00e1xima, de 31\u00baC. N\u00e3o h\u00e1 chance de precipita\u00e7\u00e3o.<\/p>\n\n\n\n<h3 class=\"wp-block-heading\"><strong>Confira as m\u00ednimas e as m\u00e1ximas para os pr\u00f3ximos dias:<\/strong><\/h3>\n\n\n\n<ul class=\"wp-block-list\">\n<li><strong>Quarta-feira (21):&nbsp;<\/strong>m\u00ednima 14\u00baC de e m\u00e1xima de 32\u00baC<\/li>\n\n\n\n<li><strong>Quinta-feira (22):<\/strong>&nbsp;m\u00ednima 15\u00baC de e m\u00e1xima de 33\u00baC<\/li>\n\n\n\n<li><strong>Sexta-feira (23):<\/strong>&nbsp;m\u00ednima 17\u00baC de e m\u00e1xima de 28\u00baC<\/li>\n\n\n\n<li><strong>S\u00e1bado (24):&nbsp;<\/strong>m\u00ednima 16\u00baC de e m\u00e1xima de 22\u00baC<\/li>\n\n\n\n<li><strong>Domingo (25):\u00a0<\/strong>m\u00ednima 15\u00baC de e m\u00e1xima de 26\u00baC<\/li>\n<\/ul>\n\n\n\n<p>Fonte R7<\/p>\n","protected":false},"excerpt":{"rendered":"<p>Bloqueio atmosf\u00e9rico mant\u00e9m calor e baixa umidade do ar; term\u00f4metros ultrapassam os 42\u00baC Uma forte massa de ar seco vai&nbsp;intensificar o calor no pa\u00eds, elevando as temperaturas a n\u00edveis recordes em algumas cidades. Em Cuiab\u00e1, por exemplo, onde a m\u00e1xima hist\u00f3rica para agosto \u00e9 de 41\u00b0C, a previs\u00e3o \u00e9 de 42\u00baC para ter\u00e7a-feira, (20), segundo [&hellip;]<\/p>\n","protected":false},"author":8,"featured_media":24130,"comment_status":"closed","ping_status":"open","sticky":false,"template":"","format":"standard","meta":{"rop_custom_images_group":[],"rop_custom_messages_group":[],"rop_publish_now":"initial","rop_publish_now_accounts":[],"rop_publish_now_history":[],"rop_publish_now_status":"pending","footnotes":""},"categories":[189],"tags":[],"class_list":["post-24129","post","type-post","status-publish","format-standard","has-post-thumbnail","hentry","category-brasil"],"amp_enabled":true,"_links":{"self":[{"href":"https:\/\/imais.online\/portal\/wp-json\/wp\/v2\/posts\/24129","targetHints":{"allow":["GET"]}}],"collection":[{"href":"https:\/\/imais.online\/portal\/wp-json\/wp\/v2\/posts"}],"about":[{"href":"https:\/\/imais.online\/portal\/wp-json\/wp\/v2\/types\/post"}],"author":[{"embeddable":true,"href":"https:\/\/imais.online\/portal\/wp-json\/wp\/v2\/users\/8"}],"replies":[{"embeddable":true,"href":"https:\/\/imais.online\/portal\/wp-json\/wp\/v2\/comments?post=24129"}],"version-history":[{"count":1,"href":"https:\/\/imais.online\/portal\/wp-json\/wp\/v2\/posts\/24129\/revisions"}],"predecessor-version":[{"id":24131,"href":"https:\/\/imais.online\/portal\/wp-json\/wp\/v2\/posts\/24129\/revisions\/24131"}],"wp:featuredmedia":[{"embeddable":true,"href":"https:\/\/imais.online\/portal\/wp-json\/wp\/v2\/media\/24130"}],"wp:attachment":[{"href":"https:\/\/imais.online\/portal\/wp-json\/wp\/v2\/media?parent=24129"}],"wp:term":[{"taxonomy":"category","embeddable":true,"href":"https:\/\/imais.online\/portal\/wp-json\/wp\/v2\/categories?post=24129"},{"taxonomy":"post_tag","embeddable":true,"href":"https:\/\/imais.online\/portal\/wp-json\/wp\/v2\/tags?post=24129"}],"curies":[{"name":"wp","href":"https:\/\/api.w.org\/{rel}","templated":true}]}}