{"id":24156,"date":"2024-08-20T08:56:51","date_gmt":"2024-08-20T11:56:51","guid":{"rendered":"https:\/\/imais.online\/portal\/?p=24156"},"modified":"2024-08-20T08:56:52","modified_gmt":"2024-08-20T11:56:52","slug":"calor-intenso-segue-no-brasil-mas-tregua-ja-tem-data-onda-de-frio-chega-ao-centro-sul-ate-o-fim-da-semana","status":"publish","type":"post","link":"https:\/\/imais.online\/portal\/calor-intenso-segue-no-brasil-mas-tregua-ja-tem-data-onda-de-frio-chega-ao-centro-sul-ate-o-fim-da-semana\/","title":{"rendered":"Calor intenso segue no Brasil, mas tr\u00e9gua j\u00e1 tem data: onda de frio chega ao Centro-Sul at\u00e9 o fim da semana"},"content":{"rendered":"<div class=\"imais-before-content-placement\" id=\"imais-1107481950\"><script async src=\"\/\/pagead2.googlesyndication.com\/pagead\/js\/adsbygoogle.js?client=ca-pub-8787528412751566\" crossorigin=\"anonymous\"><\/script><ins class=\"adsbygoogle\" style=\"display:block;\" data-ad-client=\"ca-pub-8787528412751566\" \ndata-ad-slot=\"\" \ndata-ad-format=\"auto\"><\/ins>\n<script> \n(adsbygoogle = window.adsbygoogle || []).push({}); \n<\/script>\n<\/div>\n<h2 class=\"wp-block-heading\">Segundo os meteorologistas, uma frente fria, resultado de uma massa de ar frio que vem da Argentina, vai interromper o calor no Centro-Sul do pa\u00eds.<\/h2>\n\n\n\n<p>O calor intenso j\u00e1 tem data para ir embora em parte do Brasil, com a chegada de uma nova onda de frio. A previs\u00e3o \u00e9 de que at\u00e9 o pr\u00f3ximo fim de semana, as temperaturas voltem a baixar no Centro-Sul do pa\u00eds.&nbsp;<em>(Veja os estados abaixo)<\/em><\/p>\n\n\n\n<p>Uma onda de calor interrompeu o frio recorde da \u00faltima semana e elevou os term\u00f4metros a at\u00e9 30\u00b0C em pleno inverno em v\u00e1rias partes do pa\u00eds nesta semana. De acordo com o Instituto Nacional de Meteorologia (Inmet),\u00a0<strong>a previs\u00e3o \u00e9 que a atual onda de calor siga at\u00e9 quarta-feira (21)\u00a0<\/strong>em \u00e1reas de RO, MT, PR, SC, RS, SP, RJ, MG GO e em todo o estado do MS. &#8220;A temperatura pode ficar 5\u00baC acima da m\u00e9dia por um per\u00edodo de 3 a 5 dias&#8221;, afirma o Inmet.<\/p>\n\n\n\n<p>Mas, segundo os meteorologistas, uma frente fria, resultado de uma massa de ar frio que vem da Argentina, vai interromper essa sequ\u00eancia de dias quentes.<\/p>\n\n\n\n<p>A previs\u00e3o \u00e9 de que as baixas temperaturas comecem na quinta-feira (22) pelo Rio Grande do Sul e ganhe for\u00e7a se tornando uma onda de frio at\u00e9 o s\u00e1bado (24) afetando:<\/p>\n\n\n\n<ul class=\"wp-block-list\">\n<li>Santa Catarina<\/li>\n\n\n\n<li>Paran\u00e1<\/li>\n\n\n\n<li>S\u00e3o Paulo<\/li>\n\n\n\n<li>Rio de Janeiro<\/li>\n\n\n\n<li>Mato Grosso do Sul<\/li>\n<\/ul>\n\n\n\n<figure class=\"wp-block-image\"><img decoding=\"async\" src=\"https:\/\/s2-g1.glbimg.com\/_PpZemMB3SNfhoODIPhLPsoXV08=\/0x0:650x900\/984x0\/smart\/filters:strip_icc()\/i.s3.glbimg.com\/v1\/AUTH_59edd422c0c84a879bd37670ae4f538a\/internal_photos\/bs\/2024\/p\/u\/l6LkcXRNAKUypLwCNzVQ\/190824-info-onda-frio-centro-sul.jpg\" alt=\"Onda de frio atinge o pa\u00eds a partir do fim de semana \u2014 Foto: Arte\/g1\"\/><\/figure>\n\n\n\n<p>Quem se assustou com o frio recorde da \u00faltima semana n\u00e3o precisa se preocupar: os especialistas dizem que esta onda de frio n\u00e3o ser\u00e1 semelhante \u00e0quela que levou \u00e0s m\u00ednimas recordes nas \u00faltimas semanas.<\/p>\n\n\n\n<p>A expectativa \u00e9 de que as temperaturas variem de 5\u00b0C a 7\u00b0C em rela\u00e7\u00e3o ao que estamos vendo agora. Com isso, na cidade de S\u00e3o Paulo, por exemplo, a previs\u00e3o \u00e9 de que os term\u00f4metros fiquem pr\u00f3ximos de 19\u00b0C, e em Curitiba, perto de 17\u00b0C. Muito diferente do frio da semana passada, quando S\u00e3o Paulo chegou a 7\u00b0C.<\/p>\n\n\n\n<blockquote class=\"wp-block-quote is-layout-flow wp-block-quote-is-layout-flow\">\n<p>\u201cEssa onda de frio ser\u00e1 menor e menos intensa do que a \u00faltima que vimos. A expectativa \u00e9 de que as temperaturas caiam, mas n\u00e3o tanto quanto na \u00faltima onda de frio. Dificilmente teremos recordes como na anterior, quando S\u00e3o Paulo registrou m\u00ednima de 7\u00b0C&#8221;, explica o meteorologista F\u00e1bio Luengo.<\/p>\n<\/blockquote>\n\n\n\n<p>N\u00e3o h\u00e1 previs\u00e3o de que a onda de frio se estenda para o restante do pa\u00eds. Isso porque a onda de calor criou um bloqueio atmosf\u00e9rico que impede que o frio avance para outras regi\u00f5es.<\/p>\n\n\n\n<p>Fonte G1<\/p>\n","protected":false},"excerpt":{"rendered":"<p>Segundo os meteorologistas, uma frente fria, resultado de uma massa de ar frio que vem da Argentina, vai interromper o calor no Centro-Sul do pa\u00eds. O calor intenso j\u00e1 tem data para ir embora em parte do Brasil, com a chegada de uma nova onda de frio. A previs\u00e3o \u00e9 de que at\u00e9 o pr\u00f3ximo [&hellip;]<\/p>\n","protected":false},"author":8,"featured_media":24157,"comment_status":"closed","ping_status":"open","sticky":false,"template":"","format":"standard","meta":{"rop_custom_images_group":[],"rop_custom_messages_group":[],"rop_publish_now":"initial","rop_publish_now_accounts":[],"rop_publish_now_history":[],"rop_publish_now_status":"pending","footnotes":""},"categories":[189],"tags":[73],"class_list":["post-24156","post","type-post","status-publish","format-standard","has-post-thumbnail","hentry","category-brasil","tag-featured"],"amp_enabled":true,"_links":{"self":[{"href":"https:\/\/imais.online\/portal\/wp-json\/wp\/v2\/posts\/24156","targetHints":{"allow":["GET"]}}],"collection":[{"href":"https:\/\/imais.online\/portal\/wp-json\/wp\/v2\/posts"}],"about":[{"href":"https:\/\/imais.online\/portal\/wp-json\/wp\/v2\/types\/post"}],"author":[{"embeddable":true,"href":"https:\/\/imais.online\/portal\/wp-json\/wp\/v2\/users\/8"}],"replies":[{"embeddable":true,"href":"https:\/\/imais.online\/portal\/wp-json\/wp\/v2\/comments?post=24156"}],"version-history":[{"count":1,"href":"https:\/\/imais.online\/portal\/wp-json\/wp\/v2\/posts\/24156\/revisions"}],"predecessor-version":[{"id":24158,"href":"https:\/\/imais.online\/portal\/wp-json\/wp\/v2\/posts\/24156\/revisions\/24158"}],"wp:featuredmedia":[{"embeddable":true,"href":"https:\/\/imais.online\/portal\/wp-json\/wp\/v2\/media\/24157"}],"wp:attachment":[{"href":"https:\/\/imais.online\/portal\/wp-json\/wp\/v2\/media?parent=24156"}],"wp:term":[{"taxonomy":"category","embeddable":true,"href":"https:\/\/imais.online\/portal\/wp-json\/wp\/v2\/categories?post=24156"},{"taxonomy":"post_tag","embeddable":true,"href":"https:\/\/imais.online\/portal\/wp-json\/wp\/v2\/tags?post=24156"}],"curies":[{"name":"wp","href":"https:\/\/api.w.org\/{rel}","templated":true}]}}