{"id":24162,"date":"2024-08-20T09:05:17","date_gmt":"2024-08-20T12:05:17","guid":{"rendered":"https:\/\/imais.online\/portal\/?p=24162"},"modified":"2024-08-20T09:05:18","modified_gmt":"2024-08-20T12:05:18","slug":"plantas-em-casa-veja-os-erros-que-podem-estar-prejudicando-as-suas","status":"publish","type":"post","link":"https:\/\/imais.online\/portal\/plantas-em-casa-veja-os-erros-que-podem-estar-prejudicando-as-suas\/","title":{"rendered":"Plantas em casa: veja os erros que podem estar prejudicando as suas"},"content":{"rendered":"<div class=\"imais-before-content-placement\" id=\"imais-3984464042\"><script async src=\"\/\/pagead2.googlesyndication.com\/pagead\/js\/adsbygoogle.js?client=ca-pub-8787528412751566\" crossorigin=\"anonymous\"><\/script><ins class=\"adsbygoogle\" style=\"display:block;\" data-ad-client=\"ca-pub-8787528412751566\" \ndata-ad-slot=\"\" \ndata-ad-format=\"auto\"><\/ins>\n<script> \n(adsbygoogle = window.adsbygoogle || []).push({}); \n<\/script>\n<\/div>\n<h2 class=\"wp-block-heading\">Especialistas explicam quais os principais cuidados que voc\u00ea deve ter na hora da rega, al\u00e9m de dicas de aduba\u00e7\u00e3o e como posicionar as suas plantas em casa. Descubra quando a sua planta precisa de mais luz ou sombra.<\/h2>\n\n\n\n<p>Como anda a sa\u00fade das suas plantas em casa? O&nbsp;<strong>g1<\/strong>&nbsp;conversou com especialistas para tentar entender quais os principais cuidados na hora da rega, al\u00e9m de dicas de aduba\u00e7\u00e3o e ilumina\u00e7\u00e3o.&nbsp;<strong>Veja a seguir.<\/strong><\/p>\n\n\n\n<figure class=\"wp-block-image\"><img decoding=\"async\" src=\"https:\/\/s2-g1.glbimg.com\/dc3EuZt5vMmNyMgFrNbMZwlsKyw=\/0x0:984x4762\/984x0\/smart\/filters:strip_icc()\/i.s3.glbimg.com\/v1\/AUTH_59edd422c0c84a879bd37670ae4f538a\/internal_photos\/bs\/2024\/1\/Z\/2lzoxISOun5GeSV2Mw0A\/naofazercomplanta.jpg\" alt=\"O que n\u00e3o fazer com a sua planta. \u2014 Foto: g1\"\/><\/figure>\n\n\n\n<p>O que n\u00e3o fazer com a sua planta. \u2014 Foto: g1<\/p>\n\n\n\n<h2 class=\"wp-block-heading\">Matar a planta de sede ou afog\u00e1-la<\/h2>\n\n\n\n<p>Plantas &#8211; inclusive as suculentas &#8211; podem morrer de sede, mas elas tamb\u00e9m podem se afogar.<\/p>\n\n\n\n<p>Isso acontece porque,&nbsp;com muita \u00e1gua, as ra\u00edzes ficam impedidas de receber oxig\u00eanio suficiente, explica o engenheiro agr\u00f4nomo Gaspar Yamasaki.<\/p>\n\n\n\n<p>E&nbsp;\u00e1gua demais tamb\u00e9m pode apodrecer as ra\u00edzes, atrapalhando a capta\u00e7\u00e3o de nutrientes, destaca o engenheiro florestal, Murilo Soares.<\/p>\n\n\n\n<p>N\u00e3o tem receita \u00fanica: para saber a quantidade ideal para sua planta, pesquise sobre as necessidades da esp\u00e9cie dela.<\/p>\n\n\n\n<h2 class=\"wp-block-heading\"><strong>Voc\u00ea realmente sabe o que \u00e9 sombra?<\/strong><\/h2>\n\n\n\n<p>As&nbsp;plantas tamb\u00e9m precisam de luz,&nbsp;ainda que indireta,&nbsp;para fazer a fotoss\u00edntese. Lembra da aula de biologia? \u00c9 aquele processo importante para que elas consigam armazenar mol\u00e9culas de a\u00e7\u00facar e, assim, continuem crescendo.<\/p>\n\n\n\n<p>Cada esp\u00e9cie precisa de uma quantidade espec\u00edfica de luz, mas, de modo geral, \u00e9 poss\u00edvel seguir a seguinte regra:<\/p>\n\n\n\n<ul class=\"wp-block-list\">\n<li><strong>Folhas escuras<\/strong>: t\u00eam maior capacidade de absorver a luz e, por isso, suportam mais sombra.<\/li>\n\n\n\n<li><strong>Folhas claras<\/strong>: refletem mais a luz, o que as faz precisar de mais ilumina\u00e7\u00e3o.<\/li>\n<\/ul>\n\n\n\n<p>Agora, o que \u00e9 sombra para voc\u00ea pode ser breu para a planta. Da\u00ed a dica de &#8220;testar&#8221; o local onde pretende coloc\u00e1-la, verificando se voc\u00ea consegue ler alguma coisa ali sem precisar acender a luz.<\/p>\n\n\n\n<h2 class=\"wp-block-heading\">Viver de luz e de \u00e1gua n\u00e3o d\u00e1<\/h2>\n\n\n\n<p>Mesmo em vasos, as plantas&nbsp;precisam de nutrientes que s\u00e3o fornecidos por meio de adubos&nbsp;para crescer e se manter, conta Yamasaki. Existem dois tipos:<\/p>\n\n\n\n<ul class=\"wp-block-list\">\n<li><strong>Adubo org\u00e2nico:<\/strong>&nbsp;libera os nutrientes aos poucos. Portanto, deve ser aplicado em intervalos maiores, chegando at\u00e9 em uma vez ao ano apenas.<\/li>\n\n\n\n<li><strong>Adubo qu\u00edmico:<\/strong>&nbsp;fornece imediatamente os nutrientes \u00e0 planta. Por isso, s\u00e3o recomendadas aplica\u00e7\u00f5es a cada 15 dias ou um m\u00eas.<\/li>\n<\/ul>\n\n\n\n<p>O engenheiro agr\u00f4nomo recomenda um&nbsp;esperar tr\u00eas meses, em m\u00e9dia, para a primeira aplica\u00e7\u00e3o ap\u00f3s a compra, porque, depois desse per\u00edodo, os nutrientes da terra j\u00e1 dever\u00e3o ter sido absorvidos.<\/p>\n\n\n\n<p>\u00c9 fundamental usar a quantidade indicada na embalagem, pois&nbsp;adubo demais faz a planta secar. Isso porque, no caso do adubo qu\u00edmico, s\u00e3o liberados sais que podem salinizar a terra e fazer com que a planta perca a \u00e1gua para o meio, explica Yamasaki.<\/p>\n\n\n\n<p>\u00c9 poss\u00edvel fazer o adubo em casa, mas eles s\u00f3 contam como um complemento porque cada item entrega apenas um elemento nutricional. Por exemplo, a casca do ovo tem o c\u00e1lcio e casca da banana, o pot\u00e1ssio.<\/p>\n\n\n\n<h2 class=\"wp-block-heading\">Misturar demais &#8216;d\u00e1 ruim&#8217;<\/h2>\n\n\n\n<p>Caso&nbsp;duas esp\u00e9cies de plantas muito diferentes, com necessidades opostas,&nbsp;sejam colocadas no mesmo vaso, uma pode competir com a outra, o que acarretaria no desenvolvimento de uma em detrimento da outra, conta o engenheiro agr\u00f4nomo Gaspar Yamasaki.<\/p>\n\n\n\n<p>Por isso, \u00e9 fundamental pesquisar as especificidades de cada planta antes de fazer este tipo de jun\u00e7\u00e3o.<\/p>\n\n\n\n<h2 class=\"wp-block-heading\">Falta de &#8216;faxina&#8217; nas folhas<\/h2>\n\n\n\n<p>Assim como m\u00f3veis e objetos, as folhas das plantas acumulam p\u00f3 e isso pode prejudic\u00e1-las, porque&nbsp;ele funciona como uma barreira ao sol, atrapalhando a fotoss\u00edntese.<\/p>\n\n\n\n<p>Ent\u00e3o, sim, tem que faxinar a planta. Mas&nbsp;basta passar um pano levemente umedecido em cada folha, delicadamente, ou jogar \u00e1gua, simulando uma chuva. Com isso, elas ficar\u00e3o mais brilhosas e saud\u00e1veis, conta Yamasaki.<\/p>\n\n\n\n<p>Al\u00e9m de tirar o p\u00f3,\u00a0algumas plantas precisam ter as folhas arrancadas por estarem muito velhas e secas. Mas \u00e9 preciso ter cuidado para n\u00e3o tirar muitas e antes da hora, pois, enquanto as folhas est\u00e3o ligadas \u00e0s plantas, est\u00e3o participando do processo de fotoss\u00edntese e s\u00e3o importantes, alerta o engenheiro florestal Murilo Soares.<\/p>\n\n\n\n<h2 class=\"wp-block-heading\">Oi, sumida!<\/h2>\n\n\n\n<p>Quem come\u00e7a a decorar com plantas pode cair no&nbsp;erro de preencher cantinhos indevidos com elas. O ambiente onde a planta est\u00e1 importa.<\/p>\n\n\n\n<p>N\u00e3o deixe o vaso escondido: \u00e9 importante deix\u00e1-lo em um lugar (e altura) onde seja visto todos os dias, para n\u00e3o acabar esquecendo de regar e tomar outros cuidados.<\/p>\n\n\n\n<p>Tamb\u00e9m \u00e9 preciso\u00a0evitar deixar perto do ar-condicionado, que \u00e9 inimigo das plantas, de acordo com Soares, porque &#8220;sequestra&#8221; a umidade do ar, fazendo a planta secar.<\/p>\n\n\n\n<p>Se n\u00e3o tiver como fugir dele, n\u00e3o a coloque diretamente sob o vento e borrife \u00e1gua nas folhas tr\u00eas vezes por semana para manter a umidade, aconselha o engenheiro florestal.<\/p>\n\n\n\n<h2 class=\"wp-block-heading\">A planta que &#8216;anda&#8217; pela casa<\/h2>\n\n\n\n<p>Mudan\u00e7as repentinas de ambiente tamb\u00e9m n\u00e3o s\u00e3o recomendadas, como ficar trocando a planta de c\u00f4modo. Isso pode estress\u00e1-las e fazer com que a imunidade dela caia. Por consequ\u00eancia, ela vai parar de crescer e vai poder ser afetada por pragas e doen\u00e7as mais facilmente.<\/p>\n\n\n\n<p>A \u00fanica movimenta\u00e7\u00e3o permitida, segundo Soares, \u00e9&nbsp;rotacionar a planta no mesmo local, de maneira que ela cres\u00e7a igualmente.<\/p>\n\n\n\n<figure class=\"wp-block-image\"><img decoding=\"async\" src=\"https:\/\/s2-g1.glbimg.com\/vfTJDgze5EPGrvn5q1yX3Dd0PWw=\/0x0:1280x720\/1008x0\/smart\/filters:strip_icc()\/i.s3.glbimg.com\/v1\/AUTH_59edd422c0c84a879bd37670ae4f538a\/internal_photos\/bs\/2021\/0\/d\/OAnmxeSuGGboFVnZ8iKA\/whatsapp-image-2021-04-13-at-18.41.09.jpeg\" alt=\"Folhas claras refletem mais a luz, o que as faz precisar de mais ilumina\u00e7\u00e3o. \u2014 Foto: Rafael Miotto\/G1\"\/><\/figure>\n\n\n\n<p class=\"has-small-font-size\">Folhas claras refletem mais a luz, o que as faz precisar de mais ilumina\u00e7\u00e3o. \u2014 Foto: Rafael Miotto\/G1<\/p>\n\n\n\n<p class=\"has-medium-font-size\">Fonte G1<\/p>\n","protected":false},"excerpt":{"rendered":"<p>Especialistas explicam quais os principais cuidados que voc\u00ea deve ter na hora da rega, al\u00e9m de dicas de aduba\u00e7\u00e3o e como posicionar as suas plantas em casa. Descubra quando a sua planta precisa de mais luz ou sombra. Como anda a sa\u00fade das suas plantas em casa? O&nbsp;g1&nbsp;conversou com especialistas para tentar entender quais os [&hellip;]<\/p>\n","protected":false},"author":8,"featured_media":24163,"comment_status":"closed","ping_status":"open","sticky":false,"template":"","format":"standard","meta":{"rop_custom_images_group":[],"rop_custom_messages_group":[],"rop_publish_now":"initial","rop_publish_now_accounts":[],"rop_publish_now_history":[],"rop_publish_now_status":"pending","footnotes":""},"categories":[239],"tags":[],"class_list":["post-24162","post","type-post","status-publish","format-standard","has-post-thumbnail","hentry","category-bem-estar"],"amp_enabled":true,"_links":{"self":[{"href":"https:\/\/imais.online\/portal\/wp-json\/wp\/v2\/posts\/24162","targetHints":{"allow":["GET"]}}],"collection":[{"href":"https:\/\/imais.online\/portal\/wp-json\/wp\/v2\/posts"}],"about":[{"href":"https:\/\/imais.online\/portal\/wp-json\/wp\/v2\/types\/post"}],"author":[{"embeddable":true,"href":"https:\/\/imais.online\/portal\/wp-json\/wp\/v2\/users\/8"}],"replies":[{"embeddable":true,"href":"https:\/\/imais.online\/portal\/wp-json\/wp\/v2\/comments?post=24162"}],"version-history":[{"count":1,"href":"https:\/\/imais.online\/portal\/wp-json\/wp\/v2\/posts\/24162\/revisions"}],"predecessor-version":[{"id":24164,"href":"https:\/\/imais.online\/portal\/wp-json\/wp\/v2\/posts\/24162\/revisions\/24164"}],"wp:featuredmedia":[{"embeddable":true,"href":"https:\/\/imais.online\/portal\/wp-json\/wp\/v2\/media\/24163"}],"wp:attachment":[{"href":"https:\/\/imais.online\/portal\/wp-json\/wp\/v2\/media?parent=24162"}],"wp:term":[{"taxonomy":"category","embeddable":true,"href":"https:\/\/imais.online\/portal\/wp-json\/wp\/v2\/categories?post=24162"},{"taxonomy":"post_tag","embeddable":true,"href":"https:\/\/imais.online\/portal\/wp-json\/wp\/v2\/tags?post=24162"}],"curies":[{"name":"wp","href":"https:\/\/api.w.org\/{rel}","templated":true}]}}