{"id":2417,"date":"2021-10-19T10:29:14","date_gmt":"2021-10-19T13:29:14","guid":{"rendered":"https:\/\/imais.online\/portal\/?p=2417"},"modified":"2021-10-19T10:29:16","modified_gmt":"2021-10-19T13:29:16","slug":"preco-do-aluguel-sobe-em-ritmo-5-abaixo-da-inflacao-em-2021","status":"publish","type":"post","link":"https:\/\/imais.online\/portal\/preco-do-aluguel-sobe-em-ritmo-5-abaixo-da-inflacao-em-2021\/","title":{"rendered":"Pre\u00e7o do aluguel sobe em ritmo 5% abaixo da infla\u00e7\u00e3o em 2021"},"content":{"rendered":"<div class=\"imais-before-content-placement\" id=\"imais-1330992550\"><script async src=\"\/\/pagead2.googlesyndication.com\/pagead\/js\/adsbygoogle.js?client=ca-pub-8787528412751566\" crossorigin=\"anonymous\"><\/script><ins class=\"adsbygoogle\" style=\"display:block;\" data-ad-client=\"ca-pub-8787528412751566\" \ndata-ad-slot=\"\" \ndata-ad-format=\"auto\"><\/ins>\n<script> \n(adsbygoogle = window.adsbygoogle || []).push({}); \n<\/script>\n<\/div>\n<h2 class=\"wp-block-heading\">Salto de 1,8% no valor das loca\u00e7\u00f5es eleva pre\u00e7o m\u00e9dio do metro quadrado, anunciado a R$ 30,92, mostra FipeZap<\/h2>\n\n\n\n<p>Os brasileiros que procuraram im\u00f3veis para alugar em setembro se depararam com uma alta de 0,52% no valor das loca\u00e7\u00f5es na compara\u00e7\u00e3o com agosto, de acordo com o \u00cdndice FipeZap, que acompanha a varia\u00e7\u00e3o dos valores anunciados em 25 cidades.<\/p>\n\n\n\n<p>Com o movimento, o pre\u00e7o anunciado das loca\u00e7\u00f5es acumula uma valoriza\u00e7\u00e3o de 1,8% neste ano, mas 4,68% abaixo da\u00a0<strong>infla\u00e7\u00e3o oficial de pre\u00e7os<\/strong>, segundo o IPCA (\u00cdndice Nacional de Pre\u00e7os ao Consumidor Amplo) para o per\u00edodo, de 6,8%.<\/p>\n\n\n\n<p>O resultado apurado entre os meses de janeiro e setembro \u00e9 tamb\u00e9m\u00a0<strong>12,24% menor do que o IGP-M (\u00cdndice Geral de Pre\u00e7os &#8211; Mercado), a infla\u00e7\u00e3o do aluguel<\/strong>, para o mesmo per\u00edodo, que soma 16%.<\/p>\n\n\n\n<p>As varia\u00e7\u00f5es elevam o pre\u00e7o m\u00e9dio do aluguel para R$ 30,92 por metro quadrado.&nbsp;Significa dizer que o brasileiro que deseja locar um apartamento-padr\u00e3o, com um ou dois dormit\u00f3rios e 60 m\u00b2, precisar\u00e1 desembolsar mais de R$ 1.850 mensalmente para viver no im\u00f3vel.<\/p>\n\n\n\n<p>O avan\u00e7o do \u00edndice nos nove primeiros meses de 2021 \u00e9 impulsionado pela varia\u00e7\u00e3o do pre\u00e7o do aluguel em: Curitiba (+9,62%), Recife (+8,31%), Florian\u00f3polis (+6,42%), Fortaleza (+5,19%), Belo Horizonte (+4,74%), Salvador (+4,34%), Goi\u00e2nia (+3,91%), Bras\u00edlia (+2,84%) e Rio de Janeiro (+2,18%). Por outro lado, S\u00e3o Paulo (-2,15%) e Porto Alegre (-1,27%) acumulam queda em 2021.<\/p>\n\n\n\n<h3 class=\"wp-block-heading\">Cidades<\/h3>\n\n\n\n<p><em><\/em><\/p>\n\n\n\n<p>Entre as cidades monitoradas, S\u00e3o Paulo (SP) se manteve respons\u00e1vel pelo aluguel mais caro do Brasil (R$ 39,26\/m\u00b2) e \u00e9 seguida por Barueri (SP), Recife (PE) e Santos (SP), onde o valor m\u00e9dio do metro quadrado dispon\u00edvel para loca\u00e7\u00e3o \u00e9 de, respectivamente, R$ 38,96, R$ 34,29 e R$ 33,58.<\/p>\n\n\n\n<p>Tamb\u00e9m aparecem com o valor do metro quadrado para alugar a um pre\u00e7o acima da m\u00e9dia nacional os munic\u00edpios de Bras\u00edlia (DF) e do Rio de Janeiro (RJ). Nas localidades, o pre\u00e7o m\u00e9dio da loca\u00e7\u00e3o por cada espa\u00e7o m\u00ednimo de terra \u00e9 de R$ 33,25 e R$ 31,56, respectivamente.<\/p>\n\n\n\n<p>Por outro lado, os lugares mais em conta entre os pesquisados para morar de aluguel s\u00e3o Pelotas (RS), S\u00e3o Jos\u00e9 do Rio Preto (SP) e Ribeir\u00e3o Preto (SP), onde o pre\u00e7o m\u00e9dio do metro quadrado dispon\u00edvel para loca\u00e7\u00e3o figura abaixo de R$ 18. Entre as capitais, os menores valores foram localizados em Fortaleza (R$ 18,27), Goi\u00e2nia (R$ 19,55) e Curitiba (R$ 22,76).<\/p>\n\n\n\n<p>Fonte R7<\/p>\n","protected":false},"excerpt":{"rendered":"<p>Salto de 1,8% no valor das loca\u00e7\u00f5es eleva pre\u00e7o m\u00e9dio do metro quadrado, anunciado a R$ 30,92, mostra FipeZap Os brasileiros que procuraram im\u00f3veis para alugar em setembro se depararam com uma alta de 0,52% no valor das loca\u00e7\u00f5es na compara\u00e7\u00e3o com agosto, de acordo com o \u00cdndice FipeZap, que acompanha a varia\u00e7\u00e3o dos valores [&hellip;]<\/p>\n","protected":false},"author":8,"featured_media":2418,"comment_status":"closed","ping_status":"open","sticky":false,"template":"","format":"standard","meta":{"rop_custom_images_group":[],"rop_custom_messages_group":[],"rop_publish_now":"initial","rop_publish_now_accounts":[],"rop_publish_now_history":[],"rop_publish_now_status":"pending","footnotes":""},"categories":[192],"tags":[],"class_list":["post-2417","post","type-post","status-publish","format-standard","has-post-thumbnail","hentry","category-economia"],"amp_enabled":true,"_links":{"self":[{"href":"https:\/\/imais.online\/portal\/wp-json\/wp\/v2\/posts\/2417","targetHints":{"allow":["GET"]}}],"collection":[{"href":"https:\/\/imais.online\/portal\/wp-json\/wp\/v2\/posts"}],"about":[{"href":"https:\/\/imais.online\/portal\/wp-json\/wp\/v2\/types\/post"}],"author":[{"embeddable":true,"href":"https:\/\/imais.online\/portal\/wp-json\/wp\/v2\/users\/8"}],"replies":[{"embeddable":true,"href":"https:\/\/imais.online\/portal\/wp-json\/wp\/v2\/comments?post=2417"}],"version-history":[{"count":1,"href":"https:\/\/imais.online\/portal\/wp-json\/wp\/v2\/posts\/2417\/revisions"}],"predecessor-version":[{"id":2419,"href":"https:\/\/imais.online\/portal\/wp-json\/wp\/v2\/posts\/2417\/revisions\/2419"}],"wp:featuredmedia":[{"embeddable":true,"href":"https:\/\/imais.online\/portal\/wp-json\/wp\/v2\/media\/2418"}],"wp:attachment":[{"href":"https:\/\/imais.online\/portal\/wp-json\/wp\/v2\/media?parent=2417"}],"wp:term":[{"taxonomy":"category","embeddable":true,"href":"https:\/\/imais.online\/portal\/wp-json\/wp\/v2\/categories?post=2417"},{"taxonomy":"post_tag","embeddable":true,"href":"https:\/\/imais.online\/portal\/wp-json\/wp\/v2\/tags?post=2417"}],"curies":[{"name":"wp","href":"https:\/\/api.w.org\/{rel}","templated":true}]}}