{"id":24183,"date":"2024-08-23T13:58:25","date_gmt":"2024-08-23T16:58:25","guid":{"rendered":"https:\/\/imais.online\/portal\/?p=24183"},"modified":"2024-08-23T13:58:26","modified_gmt":"2024-08-23T16:58:26","slug":"governo-federal-nao-preve-reajuste-para-o-programa-bolsa-familia-em-2025","status":"publish","type":"post","link":"https:\/\/imais.online\/portal\/governo-federal-nao-preve-reajuste-para-o-programa-bolsa-familia-em-2025\/","title":{"rendered":"Governo federal n\u00e3o prev\u00ea reajuste para o programa Bolsa Fam\u00edlia em 2025"},"content":{"rendered":"<div class=\"imais-before-content-placement\" id=\"imais-1581725709\"><script async src=\"\/\/pagead2.googlesyndication.com\/pagead\/js\/adsbygoogle.js?client=ca-pub-8787528412751566\" crossorigin=\"anonymous\"><\/script><ins class=\"adsbygoogle\" style=\"display:block;\" data-ad-client=\"ca-pub-8787528412751566\" \ndata-ad-slot=\"\" \ndata-ad-format=\"auto\"><\/ins>\n<script> \n(adsbygoogle = window.adsbygoogle || []).push({}); \n<\/script>\n<\/div>\n<h2 class=\"wp-block-heading\">Minist\u00e9rio do Desenvolvimento Social afirma que n\u00e3o h\u00e1 previs\u00e3o de aumento, mas programa poder\u00e1 ser reavaliado dependendo da infla\u00e7\u00e3o<\/h2>\n\n\n\n<p>O governo federal n\u00e3o prev\u00ea aumento para&nbsp;<a href=\"https:\/\/noticias.r7.com\/prisma\/conta-em-dia\/bolsa-familia-e-auxilio-gas-comecam-a-ser-pagos-nesta-segunda-feira-veja-quem-recebe-19082024\/\" target=\"_blank\" rel=\"noreferrer noopener\">Bolsa Fam\u00edlia<\/a>&nbsp;em 2025. Atualmente o programa beneficia 20,7 milh\u00f5es de pessoas, com parcela m\u00ednima de R$ 600 por m\u00eas. Nos primeiros oito meses deste ano, j\u00e1 foram repassados R$ 113,9 bilh\u00f5es \u00e0s fam\u00edlias, uma m\u00e9dia de R$ 14,3 bilh\u00f5es por m\u00eas.<\/p>\n\n\n\n<p>Em meio \u00e0s discuss\u00f5es sobre corte de gastos, o governo deve enviar at\u00e9 30 de agosto ao Congresso o PLOA (Projeto de Lei Or\u00e7ament\u00e1ria Anual). Na pr\u00e9via do or\u00e7amento, no relat\u00f3rio da LDO (Lei de Diretrizes Or\u00e7ament\u00e1rias), a previs\u00e3o para o Bolsa Fam\u00edli em 2025 \u00e9 de R$ 174,7 bilh\u00f5es.<\/p>\n\n\n\n<p>Caso seja confirmado, o valor \u00e9 pr\u00f3ximo dos R$ 170 bilh\u00f5es dispon\u00edveis neste ano. O que indica que n\u00e3o haver\u00e1 aumento dos benef\u00edcios.<\/p>\n\n\n\n<p>Segundo o Minist\u00e9rio do Desenvolvimento e Assist\u00eancia Social, Fam\u00edlia e Combate \u00e0 Fome, n\u00e3o h\u00e1 previs\u00e3o de aumento, mas poder\u00e1 haver uma avalia\u00e7\u00e3o, dependendo da infla\u00e7\u00e3o e dos pre\u00e7os dos alimentos no pr\u00f3ximo ano.<\/p>\n\n\n\n<p>\u201cN\u00e3o est\u00e1 previsto nenhum reajuste no Bolsa Fam\u00edlia at\u00e9 dezembro de 2024. O poder de compra do benef\u00edcio permanece est\u00e1vel, devido \u00e0 queda nos pre\u00e7os da cesta b\u00e1sica e outros fatores econ\u00f4micos. Dependendo do comportamento da infla\u00e7\u00e3o e dos pre\u00e7os dos alimentos, a situa\u00e7\u00e3o ser\u00e1 reavaliada para 2025\u2033, afirma a pasta em nota.<\/p>\n\n\n\n<h3 class=\"wp-block-heading\"><strong>Parcelas<\/strong><\/h3>\n\n\n\n<p>Todas as fam\u00edlias recebem a parcela m\u00ednima de R$ 600. Aquelas com dependentes com menos de 7 anos ganham um adicional de R$ 150 por crian\u00e7a. Outro extra de R$ 50 por m\u00eas \u00e9 pago \u00e0s fam\u00edlias com gestantes, com crian\u00e7as a partir de 7 anos, com beb\u00eas em amamenta\u00e7\u00e3o e com adolescentes com idade entre 12 e 18 anos.<\/p>\n\n\n\n<p>J\u00e1 as fam\u00edlias em regra de prote\u00e7\u00e3o recebem benef\u00edcio m\u00e9dio de R$ 370,54. A regra se aplica \u00e0s fam\u00edlias que tiveram aumento na renda de at\u00e9 meio sal\u00e1rio m\u00ednimo por integrante, de qualquer idade.<\/p>\n\n\n\n<p>A medida permite a perman\u00eancia dessas fam\u00edlias no programa por at\u00e9 dois anos, recebendo 50% do valor do benef\u00edcio a que teriam direito, incluindo os adicionais para crian\u00e7as, adolescentes, gestantes e nutrizes.<\/p>\n\n\n\n<h3 class=\"wp-block-heading\"><strong>Os valores do Bolsa Fam\u00edlia<\/strong><\/h3>\n\n\n\n<p>\u2022 R$ 600 \u2014 valor m\u00ednimo pago por fam\u00edlia;<\/p>\n\n\n\n<p>\u2022 R$ 150 \u2014 adicional pago por crian\u00e7a de at\u00e9 6 anos;<\/p>\n\n\n\n<p>\u2022 R$ 50 \u2014 adicional para gestantes e lactantes;<\/p>\n\n\n\n<p>\u2022 R$ 50 \u2014 adicional por crian\u00e7a ou adolescente (de 7 a 18 anos);<\/p>\n\n\n\n<p>\u2022 R$ 50 \u2014 adicional por beb\u00ea de at\u00e9 6 meses.<\/p>\n\n\n\n<h3 class=\"wp-block-heading\"><strong>Quem tem direito<\/strong><\/h3>\n\n\n\n<p>T\u00eam direito ao benef\u00edcio as fam\u00edlias cuja renda per capita (por pessoa) \u00e9 de, no m\u00e1ximo, R$ 218 por m\u00eas. \u00c9 preciso estar inscrito no Cad\u00danico (Cadastro \u00danico do governo federal), feito por meio das prefeituras.<\/p>\n\n\n\n<p>Para se inscrever, basta ir pessoalmente em um CRAS (Centro de Refer\u00eancia de Assist\u00eancia Social) ou outro posto de atendimento do munic\u00edpio. O cadastro \u00e9 gratuito.<\/p>\n\n\n\n<p>Fonte R7<\/p>\n","protected":false},"excerpt":{"rendered":"<p>Minist\u00e9rio do Desenvolvimento Social afirma que n\u00e3o h\u00e1 previs\u00e3o de aumento, mas programa poder\u00e1 ser reavaliado dependendo da infla\u00e7\u00e3o O governo federal n\u00e3o prev\u00ea aumento para&nbsp;Bolsa Fam\u00edlia&nbsp;em 2025. Atualmente o programa beneficia 20,7 milh\u00f5es de pessoas, com parcela m\u00ednima de R$ 600 por m\u00eas. Nos primeiros oito meses deste ano, j\u00e1 foram repassados R$ 113,9 [&hellip;]<\/p>\n","protected":false},"author":8,"featured_media":24184,"comment_status":"closed","ping_status":"open","sticky":false,"template":"","format":"standard","meta":{"rop_custom_images_group":[],"rop_custom_messages_group":[],"rop_publish_now":"initial","rop_publish_now_accounts":[],"rop_publish_now_history":[],"rop_publish_now_status":"pending","footnotes":""},"categories":[189],"tags":[73],"class_list":["post-24183","post","type-post","status-publish","format-standard","has-post-thumbnail","hentry","category-brasil","tag-featured"],"amp_enabled":true,"_links":{"self":[{"href":"https:\/\/imais.online\/portal\/wp-json\/wp\/v2\/posts\/24183","targetHints":{"allow":["GET"]}}],"collection":[{"href":"https:\/\/imais.online\/portal\/wp-json\/wp\/v2\/posts"}],"about":[{"href":"https:\/\/imais.online\/portal\/wp-json\/wp\/v2\/types\/post"}],"author":[{"embeddable":true,"href":"https:\/\/imais.online\/portal\/wp-json\/wp\/v2\/users\/8"}],"replies":[{"embeddable":true,"href":"https:\/\/imais.online\/portal\/wp-json\/wp\/v2\/comments?post=24183"}],"version-history":[{"count":1,"href":"https:\/\/imais.online\/portal\/wp-json\/wp\/v2\/posts\/24183\/revisions"}],"predecessor-version":[{"id":24185,"href":"https:\/\/imais.online\/portal\/wp-json\/wp\/v2\/posts\/24183\/revisions\/24185"}],"wp:featuredmedia":[{"embeddable":true,"href":"https:\/\/imais.online\/portal\/wp-json\/wp\/v2\/media\/24184"}],"wp:attachment":[{"href":"https:\/\/imais.online\/portal\/wp-json\/wp\/v2\/media?parent=24183"}],"wp:term":[{"taxonomy":"category","embeddable":true,"href":"https:\/\/imais.online\/portal\/wp-json\/wp\/v2\/categories?post=24183"},{"taxonomy":"post_tag","embeddable":true,"href":"https:\/\/imais.online\/portal\/wp-json\/wp\/v2\/tags?post=24183"}],"curies":[{"name":"wp","href":"https:\/\/api.w.org\/{rel}","templated":true}]}}