{"id":24222,"date":"2024-08-27T08:58:55","date_gmt":"2024-08-27T11:58:55","guid":{"rendered":"https:\/\/imais.online\/portal\/?p=24222"},"modified":"2024-08-27T08:58:56","modified_gmt":"2024-08-27T11:58:56","slug":"sao-paulo-registra-temperatura-negativa-e-gelo-durante-madrugada-desta-terca-27","status":"publish","type":"post","link":"https:\/\/imais.online\/portal\/sao-paulo-registra-temperatura-negativa-e-gelo-durante-madrugada-desta-terca-27\/","title":{"rendered":"S\u00e3o Paulo registra temperatura negativa e gelo durante madrugada desta ter\u00e7a (27)"},"content":{"rendered":"<div class=\"imais-before-content-placement\" id=\"imais-890092775\"><script async src=\"\/\/pagead2.googlesyndication.com\/pagead\/js\/adsbygoogle.js?client=ca-pub-8787528412751566\" crossorigin=\"anonymous\"><\/script><ins class=\"adsbygoogle\" style=\"display:block;\" data-ad-client=\"ca-pub-8787528412751566\" \ndata-ad-slot=\"\" \ndata-ad-format=\"auto\"><\/ins>\n<script> \n(adsbygoogle = window.adsbygoogle || []).push({}); \n<\/script>\n<\/div>\n<h2 class=\"wp-block-heading\">Diversos bairros registraram baixas temperaturas durante as \u00faltimas horas.<\/h2>\n\n\n\n<p>A\u00a0cidade de S\u00e3o Paulo\u00a0registrou temperatura negativa em\u00a0Parelheiros, na zona sul de S\u00e3o Paulo, nesta madrugada. De acordo com o Centro de Gerenciamento de Emerg\u00eancias, as esta\u00e7\u00f5es Parelheiros-Rodoanel e Parelheiros-Marsilac, registram -0,7\u00baC. O Climatempo diz que a temperatura foi de -1\u00baC na Capela do Socorro e -2\u00baC em Engenheiro Marsilac, bairros da Zona Sul do munic\u00edpio.<\/p>\n\n\n\n<p>Outros bairros da cidade tamb\u00e9m registram temperaturas baixas, como em\u00a0Perus,\u00a0com 4\u00b0C, e\u00a0Itaquera,\u00a0com 3\u00b0C. No\u00a0centro, a regi\u00e3o da Consola\u00e7\u00e3o\u00a0registrou m\u00e9dia de 8\u00b0C.<\/p>\n\n\n\n<p>A Defesa Civil Municipal mant\u00e9m o estado de alerta para baixas temperaturas desde a sexta-feira, \u00e0s 15h25.<\/p>\n\n\n\n<p>De acordo com o monitoramento do CGE, a menor m\u00ednima m\u00e9dia em\u00a0S\u00e3o Paulo\u00a0foi de 6,8\u00b0C, no dia 11\/08\/2024 e menor m\u00ednima absoluta de 1\u00b0C no dia 13\/08\/2024, em Parelheiros-Marsilac, Zona Sul.<\/p>\n\n\n\n<p>Fonte CBN <\/p>\n","protected":false},"excerpt":{"rendered":"<p>Diversos bairros registraram baixas temperaturas durante as \u00faltimas horas. A\u00a0cidade de S\u00e3o Paulo\u00a0registrou temperatura negativa em\u00a0Parelheiros, na zona sul de S\u00e3o Paulo, nesta madrugada. De acordo com o Centro de Gerenciamento de Emerg\u00eancias, as esta\u00e7\u00f5es Parelheiros-Rodoanel e Parelheiros-Marsilac, registram -0,7\u00baC. O Climatempo diz que a temperatura foi de -1\u00baC na Capela do Socorro e -2\u00baC [&hellip;]<\/p>\n","protected":false},"author":8,"featured_media":24223,"comment_status":"closed","ping_status":"open","sticky":false,"template":"","format":"standard","meta":{"rop_custom_images_group":[],"rop_custom_messages_group":[],"rop_publish_now":"initial","rop_publish_now_accounts":[],"rop_publish_now_history":[],"rop_publish_now_status":"pending","footnotes":""},"categories":[195],"tags":[],"class_list":["post-24222","post","type-post","status-publish","format-standard","has-post-thumbnail","hentry","category-sao-paulo"],"amp_enabled":true,"_links":{"self":[{"href":"https:\/\/imais.online\/portal\/wp-json\/wp\/v2\/posts\/24222","targetHints":{"allow":["GET"]}}],"collection":[{"href":"https:\/\/imais.online\/portal\/wp-json\/wp\/v2\/posts"}],"about":[{"href":"https:\/\/imais.online\/portal\/wp-json\/wp\/v2\/types\/post"}],"author":[{"embeddable":true,"href":"https:\/\/imais.online\/portal\/wp-json\/wp\/v2\/users\/8"}],"replies":[{"embeddable":true,"href":"https:\/\/imais.online\/portal\/wp-json\/wp\/v2\/comments?post=24222"}],"version-history":[{"count":1,"href":"https:\/\/imais.online\/portal\/wp-json\/wp\/v2\/posts\/24222\/revisions"}],"predecessor-version":[{"id":24224,"href":"https:\/\/imais.online\/portal\/wp-json\/wp\/v2\/posts\/24222\/revisions\/24224"}],"wp:featuredmedia":[{"embeddable":true,"href":"https:\/\/imais.online\/portal\/wp-json\/wp\/v2\/media\/24223"}],"wp:attachment":[{"href":"https:\/\/imais.online\/portal\/wp-json\/wp\/v2\/media?parent=24222"}],"wp:term":[{"taxonomy":"category","embeddable":true,"href":"https:\/\/imais.online\/portal\/wp-json\/wp\/v2\/categories?post=24222"},{"taxonomy":"post_tag","embeddable":true,"href":"https:\/\/imais.online\/portal\/wp-json\/wp\/v2\/tags?post=24222"}],"curies":[{"name":"wp","href":"https:\/\/api.w.org\/{rel}","templated":true}]}}