{"id":24363,"date":"2024-09-08T18:14:59","date_gmt":"2024-09-08T21:14:59","guid":{"rendered":"https:\/\/imais.online\/portal\/?p=24363"},"modified":"2024-09-08T18:15:00","modified_gmt":"2024-09-08T21:15:00","slug":"apresentador-de-tv-consultor-de-etiqueta-apaixonado-por-moda-e-hipopotamos-quem-era-fabio-arruda","status":"publish","type":"post","link":"https:\/\/imais.online\/portal\/apresentador-de-tv-consultor-de-etiqueta-apaixonado-por-moda-e-hipopotamos-quem-era-fabio-arruda\/","title":{"rendered":"Apresentador de TV, consultor de etiqueta, apaixonado por moda e hipop\u00f3tamos: quem era Fabio Arruda"},"content":{"rendered":"<div class=\"imais-before-content-placement\" id=\"imais-2330567363\"><script async src=\"\/\/pagead2.googlesyndication.com\/pagead\/js\/adsbygoogle.js?client=ca-pub-8787528412751566\" crossorigin=\"anonymous\"><\/script><ins class=\"adsbygoogle\" style=\"display:block;\" data-ad-client=\"ca-pub-8787528412751566\" \ndata-ad-slot=\"\" \ndata-ad-format=\"auto\"><\/ins>\n<script> \n(adsbygoogle = window.adsbygoogle || []).push({}); \n<\/script>\n<\/div>\n<h2 class=\"wp-block-heading\">Apresentador de TV morreu aos 54 anos na cidade de S\u00e3o Paulo. Ele foi encontrado morto no sobrado em que morava, no Jardim Paulista, na Zona Oeste na capital, neste s\u00e1bado (7), e havia passado por um cateterismo tr\u00eas dias antes de falecer.<\/h2>\n\n\n\n<p>O consultor de etiqueta e apresentador de TV Fabio Luciano Moura Arruda, de 54 anos, foi encontrado morto no sobrado em que morava, no Jardim Paulista, na Zona Oeste de S\u00e3o Paulo, neste s\u00e1bado (7). A informa\u00e7\u00e3o foi confirmada pela&nbsp;<strong>TV Globo<\/strong>.<\/p>\n\n\n\n<p>Nascido no Rio de Janeiro em maio de 1970, ele estreou na televis\u00e3o no in\u00edcio dos anos 2000 como consultor de etiqueta e moda no programa Note e Anote, da RecordTV. Fabio exerceu a mesma fun\u00e7\u00e3o na Band e na Gazeta.<\/p>\n\n\n\n<p>Ganhou notoriedade em 2008, ap\u00f3s uma participa\u00e7\u00e3o no programa de J\u00f4 Soares, e teve proje\u00e7\u00e3o nacional na primeira edi\u00e7\u00e3o do reality show A Fazenda, da RecordTV, em 2009. Ele foi o quarto eliminado do programa.<\/p>\n\n\n\n<figure class=\"wp-block-image\"><img decoding=\"async\" src=\"https:\/\/s2-g1.glbimg.com\/NVvPA69IWXyqc_xu4Bapzh1qH4c=\/0x0:954x711\/984x0\/smart\/filters:strip_icc()\/i.s3.glbimg.com\/v1\/AUTH_59edd422c0c84a879bd37670ae4f538a\/internal_photos\/bs\/2024\/M\/i\/Iv2wkpQRyqJuVy4dwAwA\/captura-de-tela-2024-09-08-163013.png\" alt=\"Fabio Arruda \u2014 Foto: Reprodu\u00e7\u00e3o\/fabioarruda.com.br\"\/><\/figure>\n\n\n\n<p class=\"has-small-font-size\">Fabio Arruda \u2014 Foto: Reprodu\u00e7\u00e3o\/fabioarruda.com.br<\/p>\n\n\n\n<p>Fabio participou tamb\u00e9m da nova edi\u00e7\u00e3o do reality, em 2017, que teve o elenco formado por pessoas que participaram de edi\u00e7\u00f5es anteriores. Dessa vez, o consultor de etiqueta foi eliminado na terceira semana.<\/p>\n\n\n\n<p>Apresentou, durante dois anos, o quadro Perfil D\u00e9cor e Comportamento no Programa Perfil, de Ot\u00e1vio Mesquita, no SBT. Participou por dois anos do programa Todo Seu, apresentado por Ronnie Von, na TV Gazeta.<\/p>\n\n\n\n<p>Al\u00e9m disso, Fabio Arruda fez participa\u00e7\u00f5es especiais na TV falando sobre sua \u00e1rea de atua\u00e7\u00e3o: teve passagens nos programas de J\u00f4 Soares, Hebe Camargo, Adriane Galisteu, Luciana Gimenez, entre outros.<\/p>\n\n\n\n<p>Ap\u00f3s sua participa\u00e7\u00e3o da primeira edi\u00e7\u00e3o de A Fazenda, foi contratado pela RecordTV e apresentou quadros no Hoje em Dia, Domingo Espetacular, Programa do Gugu e Show do Tom.<\/p>\n\n\n\n<p>Em 2020, concorreu ao cargo de vereador na cidade de S\u00e3o Paulo pelo PSL, antigo partido do ent\u00e3o presidente Jair Bolsonaro, de quem era apoiador.<\/p>\n\n\n\n<h2 class=\"wp-block-heading\">Curiosidades<\/h2>\n\n\n\n<p>Em seu site pessoal, Fabio Arruda dedicou uma se\u00e7\u00e3o para falar sobre curiosidades de sua vida.<\/p>\n\n\n\n<p>Depois de se formar na Universidade de Bridgeport, em Connecticut, nos Estados Unidos, morou e estudou em Madrid para conhecer mais sobre sua ascend\u00eancia espanhola.<\/p>\n\n\n\n<p>Fluente em ingl\u00eas e espanhol se interessou pelos diferentes costumes dos lugares onde viveu e come\u00e7ou a se aprofundar em assuntos sobre etiqueta e comportamento.<\/p>\n\n\n\n<p>Fora do mundo profissional, um hobby inusitado chama a aten\u00e7\u00e3o: colecionar hipop\u00f3tamos, algo que se tornou quase uma mania para ele, sempre \u00e0 procura de novos itens relacionados ao animal \u2014 que variavam entre miniaturas e quadros.<\/p>\n\n\n\n<p>Quando tinha tr\u00eas anos, a m\u00e3e de Fabio perguntou qual animal de estima\u00e7\u00e3o ele queria. &#8220;Um hipop\u00f3tamo&#8221;, respondeu. A mulher, ent\u00e3o, disse ao filho que havia comprado o animal, mas ele teria que morar no Zool\u00f3gico de S\u00e3o Paulo.<\/p>\n\n\n\n<p>&#8220;Dos tr\u00eas aos sete anos, minha motorista me levava ao Zool\u00f3gico toda quinta-feira para ver &#8216;meu&#8217; hipop\u00f3tamo&#8221;, revelou ele em entrevista \u00e0 RedeTV.<\/p>\n\n\n\n<p>&#8220;Comecei a colecionar com sete anos e cheguei a ter 4,5 mil hipop\u00f3tamos&#8221;, disse.<\/p>\n\n\n\n<figure class=\"wp-block-image\"><img decoding=\"async\" src=\"https:\/\/s2-g1.glbimg.com\/O1w2ollVJce9BUJzbUDTxpWZ6-8=\/0x0:1435x1057\/984x0\/smart\/filters:strip_icc()\/i.s3.glbimg.com\/v1\/AUTH_59edd422c0c84a879bd37670ae4f538a\/internal_photos\/bs\/2024\/Q\/5\/PDmBiBSE6qgkEQwPLkWQ\/captura-de-tela-2024-09-08-162209.png\" alt=\"Cole\u00e7\u00e3o de hipop\u00f3tamos de Fabio Arruda \u2014 Foto: Reprodu\u00e7\u00e3o\/RedeTV\"\/><\/figure>\n\n\n\n<p class=\"has-small-font-size\">Cole\u00e7\u00e3o de hipop\u00f3tamos de Fabio Arruda \u2014 Foto: Reprodu\u00e7\u00e3o\/RedeTV<\/p>\n\n\n\n<p>Na gastronomia, o camar\u00e3o era sua comida preferida; em rela\u00e7\u00e3o \u00e0s bebidas, champagne e espumante.<\/p>\n\n\n\n<p>Cary Grant e Rita Hayworth eram seus atores preferidos. Quando o assunto \u00e9 m\u00fasica, era f\u00e3 de Frank Sinatra e Maria Callas, e a faixa predileta era &#8220;Copacabana&#8221;, de Barry Manilow.<\/p>\n\n\n\n<p>Apaixonado por cultura e entretenimento, Fabio gostava de assistir \u00e0 televis\u00e3o, especialmente sitcoms americanos, e n\u00e3o deixava de aproveitar uma boa pe\u00e7a de teatro.<\/p>\n\n\n\n<h2 class=\"wp-block-heading\">Morte<\/h2>\n\n\n\n<p>Na \u00faltima semana, Fabio compartilhou nas redes sociais que exames de rotina haviam detectado a obstru\u00e7\u00e3o de uma art\u00e9ria \u2014 o vaso sangu\u00edneo estava com placas de gordura depositadas em suas paredes, prejudicando a circula\u00e7\u00e3o do sangue pelo corpo.<\/p>\n\n\n\n<p>Por recomenda\u00e7\u00e3o m\u00e9dica, na quarta-feira (4), ele passou por um cateterismo de urg\u00eancia, um procedimento invasivo que visa detectar o grau da obstru\u00e7\u00e3o do vaso, que, no caso, foi apontado como sendo de 90%.<\/p>\n\n\n\n<p>&#8220;Detectamos uma art\u00e9ria que estava em estado cr\u00edtico e, por conta disso, indiquei um cateterismo na urg\u00eancia. Ele n\u00e3o tinha o conv\u00eanio que eu podia acompanh\u00e1-lo intensamente, ent\u00e3o, indicamos para o hospital de refer\u00eancia, onde o conv\u00eanio dele cobria, e com uma equipe muito boa&#8221;, contou o m\u00e9dico Roberto Zeballos, cl\u00ednico geral que acompanhava Fabio Arruda, em v\u00eddeo publicado nas redes sociais.<\/p>\n\n\n\n<p>Um dia ap\u00f3s o procedimento, o consultor de etiqueta teve alta da Unidade de Terapia Intensiva (UTI) e foi liberado para voltar para casa. Segundo a influenciadora Vanessa Palazzi, amiga de Fabio, ele dizia estar se sentindo bem.<\/p>\n\n\n\n<figure class=\"wp-block-image\"><img decoding=\"async\" src=\"https:\/\/s2-g1.glbimg.com\/lHaA7iNhiQhiJHBKIJ20vqEAHR4=\/0x0:887x817\/984x0\/smart\/filters:strip_icc()\/i.s3.glbimg.com\/v1\/AUTH_59edd422c0c84a879bd37670ae4f538a\/internal_photos\/bs\/2024\/E\/M\/NW3Xr8SMKGxyggx0Rb8A\/1725804549376906.jpg\" alt=\"Fabio Arruda, consultor de etiqueta \u2014 Foto: Reprodu\u00e7\u00e3o\/Redes sociais\"\/><\/figure>\n\n\n\n<p class=\"has-small-font-size\">Fabio Arruda, consultor de etiqueta \u2014 Foto: Reprodu\u00e7\u00e3o\/Redes sociais<\/p>\n\n\n\n<p>Na manh\u00e3 deste s\u00e1bado, uma funcion\u00e1ria o encontrou ca\u00eddo no andar superior de sua resid\u00eancia, j\u00e1 sem vida.<\/p>\n\n\n\n<p>&#8220;Foi feito o cateterismo. Pelos crit\u00e9rios da Medicina, tomaram suas decis\u00f5es e infelizmente fomos surpreendidos hoje com sua morte s\u00fabita&#8221;, disse o Dr. Zeballos. &#8220;A gente faz as coisas da melhor maneira poss\u00edvel e, \u00e0s vezes, sai do seu controle, porque a Medicina n\u00e3o \u00e9 uma ci\u00eancia exata&#8221;.<\/p>\n\n\n\n<p>Em depoimento \u00e0 pol\u00edcia, a faxineira que trabalhava na casa de Fabio afirmou que ele tomou caf\u00e9 da manh\u00e3 e almo\u00e7ou normalmente no s\u00e1bado, aparentando estar bem. Durante a tarde, ele subiu as escadas para o piso superior da casa, sem se queixar de dores ou mal estar. Algum tempo depois, quando o procurou para conversar, a senhora se deparou com ele ca\u00eddo no ch\u00e3o e foi em busca de socorro.<\/p>\n\n\n\n<p>Tamb\u00e9m \u00e0 pol\u00edcia, um amigo do consultor informou ter tido acesso \u00e0s imagens das c\u00e2meras de seguran\u00e7a da casa. Nelas, ele disse ter visto Fabio abrindo a geladeira, pegando uma garrafa d&#8217;\u00e1gua, ingerindo o l\u00edquido e caindo no ch\u00e3o em sequ\u00eancia. As grava\u00e7\u00f5es foram enviadas para a verifica\u00e7\u00e3o da pol\u00edcia.<\/p>\n\n\n\n<p>O caso foi registrado como &#8220;morte natural&#8221; no 78\u00ba Distrito Policial de S\u00e3o Paulo.<\/p>\n\n\n\n<p>O vel\u00f3rio de F\u00e1bio est\u00e1 previsto para as 18h deste domingo, no Funeral Home, no Centro da capital. A crema\u00e7\u00e3o deve ocorrer no Horto da Paz, em Itapecerica da Serra, na Grande S\u00e3o Paulo.<\/p>\n\n\n\n<figure class=\"wp-block-image\"><img decoding=\"async\" src=\"https:\/\/s2-g1.glbimg.com\/K_hc3V7c8Ut8NvMCmL2dLkX7mzI=\/0x0:3504x2336\/984x0\/smart\/filters:strip_icc()\/i.s3.glbimg.com\/v1\/AUTH_59edd422c0c84a879bd37670ae4f538a\/internal_photos\/bs\/2024\/t\/t\/7ektb6TDuSpbJFgPBggw\/age20240908020.jpg\" alt=\"Fabio Arruda em evento realizado em outubro de 2009 \u2014 Foto: TIAGO QUEIROZ\/ESTAD\u00c3O CONTE\u00daDO\"\/><\/figure>\n\n\n\n<p class=\"has-small-font-size\">Fabio Arruda em evento realizado em outubro de 2009 \u2014 Foto: TIAGO QUEIROZ\/ESTAD\u00c3O CONTE\u00daDO<\/p>\n\n\n\n<p>Fonte G1<\/p>\n","protected":false},"excerpt":{"rendered":"<p>Apresentador de TV morreu aos 54 anos na cidade de S\u00e3o Paulo. Ele foi encontrado morto no sobrado em que morava, no Jardim Paulista, na Zona Oeste na capital, neste s\u00e1bado (7), e havia passado por um cateterismo tr\u00eas dias antes de falecer. O consultor de etiqueta e apresentador de TV Fabio Luciano Moura Arruda, [&hellip;]<\/p>\n","protected":false},"author":8,"featured_media":24364,"comment_status":"closed","ping_status":"open","sticky":false,"template":"","format":"standard","meta":{"rop_custom_images_group":[],"rop_custom_messages_group":[],"rop_publish_now":"initial","rop_publish_now_accounts":[],"rop_publish_now_history":[],"rop_publish_now_status":"pending","footnotes":""},"categories":[237],"tags":[],"class_list":["post-24363","post","type-post","status-publish","format-standard","has-post-thumbnail","hentry","category-luto"],"amp_enabled":true,"_links":{"self":[{"href":"https:\/\/imais.online\/portal\/wp-json\/wp\/v2\/posts\/24363","targetHints":{"allow":["GET"]}}],"collection":[{"href":"https:\/\/imais.online\/portal\/wp-json\/wp\/v2\/posts"}],"about":[{"href":"https:\/\/imais.online\/portal\/wp-json\/wp\/v2\/types\/post"}],"author":[{"embeddable":true,"href":"https:\/\/imais.online\/portal\/wp-json\/wp\/v2\/users\/8"}],"replies":[{"embeddable":true,"href":"https:\/\/imais.online\/portal\/wp-json\/wp\/v2\/comments?post=24363"}],"version-history":[{"count":1,"href":"https:\/\/imais.online\/portal\/wp-json\/wp\/v2\/posts\/24363\/revisions"}],"predecessor-version":[{"id":24365,"href":"https:\/\/imais.online\/portal\/wp-json\/wp\/v2\/posts\/24363\/revisions\/24365"}],"wp:featuredmedia":[{"embeddable":true,"href":"https:\/\/imais.online\/portal\/wp-json\/wp\/v2\/media\/24364"}],"wp:attachment":[{"href":"https:\/\/imais.online\/portal\/wp-json\/wp\/v2\/media?parent=24363"}],"wp:term":[{"taxonomy":"category","embeddable":true,"href":"https:\/\/imais.online\/portal\/wp-json\/wp\/v2\/categories?post=24363"},{"taxonomy":"post_tag","embeddable":true,"href":"https:\/\/imais.online\/portal\/wp-json\/wp\/v2\/tags?post=24363"}],"curies":[{"name":"wp","href":"https:\/\/api.w.org\/{rel}","templated":true}]}}