{"id":2437,"date":"2021-10-19T16:19:55","date_gmt":"2021-10-19T19:19:55","guid":{"rendered":"https:\/\/imais.online\/portal\/?p=2437"},"modified":"2021-10-19T16:19:58","modified_gmt":"2021-10-19T19:19:58","slug":"com-inflacao-e-furtos-mercados-de-sp-colocam-alarme-em-pecas-de-carne-redes-tambem-entregam-bandejas-vazias-ate-pagamento","status":"publish","type":"post","link":"https:\/\/imais.online\/portal\/com-inflacao-e-furtos-mercados-de-sp-colocam-alarme-em-pecas-de-carne-redes-tambem-entregam-bandejas-vazias-ate-pagamento\/","title":{"rendered":"Com infla\u00e7\u00e3o e furtos, mercados de SP colocam alarme em pe\u00e7as de carne; redes tamb\u00e9m entregam bandejas vazias at\u00e9 pagamento"},"content":{"rendered":"<div class=\"imais-before-content-placement\" id=\"imais-2999710134\"><script async src=\"\/\/pagead2.googlesyndication.com\/pagead\/js\/adsbygoogle.js?client=ca-pub-8787528412751566\" crossorigin=\"anonymous\"><\/script><ins class=\"adsbygoogle\" style=\"display:block;\" data-ad-client=\"ca-pub-8787528412751566\" \ndata-ad-slot=\"\" \ndata-ad-format=\"auto\"><\/ins>\n<script> \n(adsbygoogle = window.adsbygoogle || []).push({}); \n<\/script>\n<\/div>\n<h2 class=\"has-text-align-center wp-block-heading\">Idec afirma que medidas s\u00e3o permitidas, mas clientes t\u00eam o direito de ver o produto ser pesado e cortado. Procon destaca que pr\u00e1ticas n\u00e3o podem ser discriminat\u00f3rias.<\/h2>\n\n\n\n<p>Com o\u00a0aumento do pre\u00e7o da carne bovina e o temor de furtos, supermercados da\u00a0Grande S\u00e3o Paulo\u00a0est\u00e3o adotando diversas medidas de seguran\u00e7a em seus a\u00e7ougues. Al\u00e9m da pr\u00e1tica de\u00a0entregar bandejas de carne vazias aos clientes\u00a0at\u00e9 que o produto seja pago no caixa, h\u00e1 redes que\u00a0colocaram alarmes em pe\u00e7as de carne\u00a0e relatos de seguran\u00e7as dedicados apenas \u00e0 \u00e1rea de a\u00e7ougue<\/p>\n\n\n\n<p>Os alarmes, antes restritos a produtos de maior custo, como bebidas importadas, por exemplo, v\u00eam se tornando corriqueiros no setor de a\u00e7ougue de diversas redes.<\/p>\n\n\n\n<p>Segundo funcion\u00e1rios entrevistados pela&nbsp;<strong>TV Globo<\/strong>, o equipamento tem sido adotada por conta do alto pre\u00e7o da carne, com&nbsp;pe\u00e7as que podem custar mais de R$ 100.<\/p>\n\n\n\n<p>Segundo o Instituto Brasileiro de Defesa do Consumidor\u00a0(Idec), n\u00e3o h\u00e1 ilegalidade nas pr\u00e1ticas da bandeja vazia e do alarme, e os\u00a0mercados podem fazer isso com produtos que considerem muito visados.<\/p>\n\n\n\n<p>No entanto, o Idec alerta que o cliente tem o direto de ver a carne, ou seja, escolher a pe\u00e7a, esperar que o a\u00e7ougueiro a corte na sua frente e a\u00ed receber, no caixa, o mesmo pacote.<\/p>\n\n\n\n<p>&#8220;Faz parte do direito de escolha do consumidor analisar a pe\u00e7a antes de comprar. Isso \u00e9 importante que seja respeitado e qualquer limita\u00e7\u00e3o nesse sentido n\u00e3o pode ocorrer. Tamb\u00e9m \u00e9 importante que o consumidor verifique que o produto entregue \u00e9 aquele que ele solicitou no momento da compra&#8221;, disse o representante do Idec, Igor Marchetti.<\/p>\n\n\n\n<blockquote class=\"wp-block-quote is-layout-flow wp-block-quote-is-layout-flow\"><p>&#8220;Al\u00e9m disso, o fato da rede de supermercados somente nessa regi\u00e3o aplicar tal conduta pode ser considerada atitude discriminat\u00f3ria, ferindo a isonomia que \u00e9 preceito b\u00e1sico das rela\u00e7\u00f5es de consumo&#8221;, completou Marchetti.<\/p><\/blockquote>\n\n\n\n<p>O\u00a0Procon tamb\u00e9m destacou que as medidas n\u00e3o podem ser discriminat\u00f3rias. &#8220;\u00c9 inaceit\u00e1vel crit\u00e9rios de discrimina\u00e7\u00e3o, em raz\u00e3o do local ou porque qualquer outro crit\u00e9rio&#8221;, disse o\u00a0diretor da entidade, sobre o caso da bandeja vazia no Jardim \u00c2ngela.<\/p>\n\n\n\n<h2 class=\"wp-block-heading\">Fios e alarme antifurto<\/h2>\n\n\n\n<p>Nesta ter\u00e7a (19), na\u00a0unidade do Bom Retiro da rede Sam&#8217;s Club, na regi\u00e3o central da capital,\u00a0pe\u00e7as de carnes nobres como\u00a0picanha e fil\u00e9 mignon estavam envoltas em uma rede de fios que se conecta a um alarme antifurto.<\/p>\n\n\n\n<p>A mesma estrat\u00e9gia \u00e9 feita no Carrefour&nbsp;da Casa Verde, na Zona Norte da cidade. No local, carnes de cortes mais baratos, como lagarto e contrafil\u00e9, tamb\u00e9m ficam protegidas por alarmes.<\/p>\n\n\n\n<p>No atacadista Big da Barra Funda, na Zona Oeste da cidade,&nbsp;diversas pe\u00e7as de carne bovina tamb\u00e9m s\u00e3o embaladas com redes e alarmes individuais.<\/p>\n\n\n\n<h2 class=\"wp-block-heading\">Seguran\u00e7a para carnes<\/h2>\n\n\n\n<p>Al\u00e9m dos alarmes, h\u00e1 relatos de clientes que&nbsp;identificaram equipes de seguran\u00e7as espec\u00edficas para o setor de carnes.&nbsp;Segundo usu\u00e1rios das redes sociais, a pr\u00e1tica \u00e9 adotada por lojas do atacadista Assa\u00ed.<\/p>\n\n\n\n<h2 class=\"wp-block-heading\">O que dizem os supermercados<\/h2>\n\n\n\n<p>Em nota, as redes Sam&#8217;s Club e Big, que vendem carnes com alarme, disseram que este \u00e9 um procedimento padr\u00e3o em toda rede e que \u00e9 adotado tamb\u00e9m em outros produtos. O Carrefour tamb\u00e9m disse que trata-se de um padr\u00e3o que \u00e9 usado por quest\u00e3o de seguran\u00e7a.<\/p>\n\n\n\n<p>Tamb\u00e9m em nota, o supermercado Assa\u00ed, que teria seguran\u00e7as s\u00f3 para o a\u00e7ougue, disse que trabalha com equipes de seguran\u00e7a para toda loja, e que n\u00e3o h\u00e1 qualquer orienta\u00e7\u00e3o para produtos espec\u00edficos.<\/p>\n\n\n\n<p>Pesquisa Datafolha divulgada em 20 de setembro pelo jornal &#8220;Folha de S.Paulo&#8221; aponta que 85% dos brasileiros reduziram o consumo de alimentos\u00a0desde o in\u00edcio do ano, com destaque para carne de boi, arroz, feij\u00e3o, frutas, legumes e p\u00e3o. O ovo, ao contr\u00e1rio, ganhou espa\u00e7o nos lares do pa\u00eds como substituto da prote\u00edna, segundo o levantamento, realizado entre 13 e 15 de setembro<\/p>\n\n\n\n<h2 class=\"wp-block-heading\">Atendimento n\u00e3o \u00e9 uniforme<\/h2>\n\n\n\n<p>O procedimento de entregar bandejas vazias at\u00e9 o pagamento do produto,\u00a0adotado no Extra Jardim \u00c2ngela, na periferia da capital, foi denunciado nas redes sociais na \u00faltima quinta (14). A reportagem do<strong>\u00a0g1<\/strong>\u00a0verificou que a pr\u00e1tica tamb\u00e9m ocorreu na unidade do Cambuci, na regi\u00e3o central, nesta segunda (18). Funcion\u00e1rias das duas unidades disseram que a estrat\u00e9gia \u00e9 usada para evitar roubos.<\/p>\n\n\n\n<p>No entanto, nas unidades Brigadeiro Lu\u00eds Ant\u00f4nio, na Bela Vista, e na unidade Jardim Cocaia, em Guarulhos, o procedimento n\u00e3o foi adotado nesta segunda. Os clientes receberam a carne no a\u00e7ougue da loja normalmente.<\/p>\n\n\n\n<p>Em nota, a empresa admitiu que&nbsp;a pr\u00e1tica n\u00e3o \u00e9 pontual, mas declarou que n\u00e3o &#8220;n\u00e3o faz parte de sua pol\u00edtica de atendimento&#8221; e que se trata de &#8220;uma falha de procedimento&#8221;. O Extra declarou ainda que toda a rede &#8220;tomou provid\u00eancias para que a pr\u00e1tica fosse imediatamente descontinuada&#8221;.<\/p>\n\n\n\n<blockquote class=\"wp-block-quote is-layout-flow wp-block-quote-is-layout-flow\"><p>&#8220;Ach\u00e1vamos que era uma loja e, n\u00e3o sendo, estamos fazendo o que \u00e9 poss\u00edvel internamente para que isso n\u00e3o aconte\u00e7a mais e para que sigam o procedimento padr\u00e3o&#8221;, declarou a assessoria de imprensa do Extra, por telefone.<\/p><\/blockquote>\n\n\n\n<h2 class=\"wp-block-heading\">Unidades entregam bandeja ou etiqueta<\/h2>\n\n\n\n<p>Cliente do Extra do Jardim \u00c2ngela, na Zona Sul de S\u00e3o Paulo, a ativista Fabiana Ivo denunciou a pr\u00e1tica nas redes sociais na \u00faltima quinta-feira (14). No seu caso, a situa\u00e7\u00e3o ocorreu durante uma compra de carne bovina no a\u00e7ougue da loja.<\/p>\n\n\n\n<p>Ap\u00f3s escolher o produto e v\u00ea-lo ser pesado, a ativista recebeu uma bandeja vazia com o c\u00f3digo de barras. Ela foi informada de que a carne poderia ser retirada somente ap\u00f3s o pagamento no caixa.<\/p>\n\n\n\n<p>Roberto de Oliveira, outro cliente do supermercado, disse ao<strong>&nbsp;g1&nbsp;<\/strong>que tamb\u00e9m j\u00e1 passou por essa situa\u00e7\u00e3o na mesma unidade Jardim \u00c2ngela.<\/p>\n\n\n\n<blockquote class=\"wp-block-quote is-layout-flow wp-block-quote-is-layout-flow\"><p>&#8220;Tem tanta coisa bizarra aqui que a gente vai, infelizmente, se acostumando com certos absurdos. Tem viol\u00eancias como essas que v\u00e3o se impondo e que nem conseguimos debater&#8221;, disse.<\/p><\/blockquote>\n\n\n\n<figure class=\"wp-block-image\"><img decoding=\"async\" src=\"https:\/\/s2.glbimg.com\/kKMqsqdLUUXxiphc-NMGRVmwwYw=\/0x0:2051x703\/984x0\/smart\/filters:strip_icc()\/i.s3.glbimg.com\/v1\/AUTH_59edd422c0c84a879bd37670ae4f538a\/internal_photos\/bs\/2021\/d\/8\/EDnygkR9yy7rA8swJMww\/mercados-extra.png\" alt=\"A\u00e7ougue do Extra Jardim Cocaia, em Guarulhos, entrega normalmente carne a cliente, \u00e0 esquerda; unidade do Jardim \u00c2ngela, na Zona Sul de SP, fornece carne apenas ap\u00f3s o pagamento, \u00e0 direita \u2014 Foto: Aldieres Batista\/Arquivo pessoal e Reprodu\u00e7\u00e3o\/Facebook \"\/><figcaption> A\u00e7ougue do Extra Jardim Cocaia, em Guarulhos, entrega normalmente carne a cliente, \u00e0 esquerda; unidade do Jardim \u00c2ngela, na Zona Sul de SP, fornece carne apenas ap\u00f3s o pagamento, \u00e0 direita \u2014 Foto: Aldieres Batista\/Arquivo pessoal e Reprodu\u00e7\u00e3o\/Facebook <\/figcaption><\/figure>\n\n\n\n<p>Na sua den\u00fancia, publicada nas redes sociais, Fabiana Ivo relatou que questionou a pr\u00e1tica e que uma funcion\u00e1ria da loja disse que era para &#8220;evitar roubo&#8221;.<\/p>\n\n\n\n<blockquote class=\"wp-block-quote is-layout-flow wp-block-quote-is-layout-flow\"><p>&#8220;Isso \u00e9 uma afronta a toda a popula\u00e7\u00e3o das quebradas, duvido que o mesmo aconte\u00e7a no Extra do Morumbi&#8221;, questionou a ativista, em publica\u00e7\u00e3o nas redes sociais.<\/p><\/blockquote>\n\n\n\n<p>Nesta segunda (18), o&nbsp;<strong>g1<\/strong>&nbsp;esteve na unidade do Cambuci, na regi\u00e3o central de S\u00e3o Paulo, e verificou uma t\u00e1tica similar. Ao solicitar meio quilo de fraldinha, o cliente s\u00f3 recebeu a etiqueta. Depois do pagamento da compra, a funcion\u00e1ria do caixa foi buscar a carne no a\u00e7ougue.<\/p>\n\n\n\n<p>Uma funcion\u00e1ria da unidade disse<strong>&nbsp;<\/strong>que a pr\u00e1tica ocorre porque as pessoas pesam a carne e desistem de comprar, e tamb\u00e9m para evitar roubos.<\/p>\n\n\n\n<figure class=\"wp-block-image\"><img decoding=\"async\" src=\"https:\/\/s2.glbimg.com\/qC4Kr_1sbQus_9p1mI9q4Cwm3nw=\/121x179:1280x958\/984x0\/smart\/filters:strip_icc()\/i.s3.glbimg.com\/v1\/AUTH_59edd422c0c84a879bd37670ae4f538a\/internal_photos\/bs\/2021\/H\/a\/f1WoBMSTAi0Z6z0gfBSg\/whatsapp-image-2021-10-18-at-17.56.21.jpeg\" alt=\"Carne mo\u00edda bovina no Extra Cambuci, na regi\u00e3o central de S\u00e3o Paulo, nesta segunda-feira (18), entregue apenas ap\u00f3s o pagamento \u2014 Foto: Patr\u00edcia Figueiredo\/g1 SP\"\/><figcaption> Carne mo\u00edda bovina no Extra Cambuci, na regi\u00e3o central de S\u00e3o Paulo, nesta segunda-feira (18), entregue apenas ap\u00f3s o pagamento \u2014 Foto: Patr\u00edcia Figueiredo\/g1  <\/figcaption><\/figure>\n\n\n\n<p>Nas redes sociais, clientes dos mercados Extra dos bairros Piraporinha, Avenida Cupec\u00ea, Cohab 2 e Belezinho, al\u00e9m de unidades em Santo Andr\u00e9 e Itapecerica da Serra, na Grande S\u00e3o Paulo, tamb\u00e9m relataram o procedimento de entrega de bandejas vazias ou de etiquetas.<\/p>\n\n\n\n<p>J\u00e1 na unidade da Avenida Brigadeiro Lu\u00eds Ant\u00f4nio, na Zona Sul, a pr\u00e1tica n\u00e3o foi adotada nesta segunda. Os clientes receberam a carne direto no a\u00e7ougue da loja e puderem levar o produto at\u00e9 o caixa ou continuar suas compras normalmente.<\/p>\n\n\n\n<p>Em Guarulhos, no Extra Jardim Cocaia, os clientes tamb\u00e9m receberam a carne direto no a\u00e7ougue nesta segunda-feira (18). N\u00e3o foi necess\u00e1rio aguardar o pagamento para ter o produto em m\u00e3os.<\/p>\n\n\n\n<figure class=\"wp-block-image\"><img decoding=\"async\" src=\"https:\/\/s2.glbimg.com\/_JXuuXXW83ty5pCRMXPgd6O5jMs=\/114x326:1280x1106\/984x0\/smart\/filters:strip_icc()\/i.s3.glbimg.com\/v1\/AUTH_59edd422c0c84a879bd37670ae4f538a\/internal_photos\/bs\/2021\/o\/G\/FeqmH3QTAaI0STEaNc4A\/whatsapp-image-2021-10-18-at-18.36.59.jpeg\" alt=\"Unidade do Supermercado Extra na Avenida Brigadeiro Lu\u00eds Ant\u00f4nio, na Bela Vista, regi\u00e3o central de S\u00e3o Paulo, nesta segunda (18) \u2014 Foto: Patr\u00edcia Figueiredo\/g1 SP\"\/><figcaption> Unidade do Supermercado Extra na Avenida Brigadeiro Lu\u00eds Ant\u00f4nio, na Bela Vista, regi\u00e3o central de S\u00e3o Paulo, nesta segunda (18) \u2014 Foto: Patr\u00edcia Figueiredo\/g1 SP <\/figcaption><\/figure>\n\n\n\n<p>Fonte G1<\/p>\n","protected":false},"excerpt":{"rendered":"<p>Idec afirma que medidas s\u00e3o permitidas, mas clientes t\u00eam o direito de ver o produto ser pesado e cortado. Procon destaca que pr\u00e1ticas n\u00e3o podem ser discriminat\u00f3rias. Com o\u00a0aumento do pre\u00e7o da carne bovina e o temor de furtos, supermercados da\u00a0Grande S\u00e3o Paulo\u00a0est\u00e3o adotando diversas medidas de seguran\u00e7a em seus a\u00e7ougues. Al\u00e9m da pr\u00e1tica de\u00a0entregar [&hellip;]<\/p>\n","protected":false},"author":8,"featured_media":2438,"comment_status":"closed","ping_status":"open","sticky":false,"template":"","format":"standard","meta":{"rop_custom_images_group":[],"rop_custom_messages_group":[],"rop_publish_now":"initial","rop_publish_now_accounts":[],"rop_publish_now_history":[],"rop_publish_now_status":"pending","footnotes":""},"categories":[192],"tags":[],"class_list":["post-2437","post","type-post","status-publish","format-standard","has-post-thumbnail","hentry","category-economia"],"amp_enabled":true,"_links":{"self":[{"href":"https:\/\/imais.online\/portal\/wp-json\/wp\/v2\/posts\/2437","targetHints":{"allow":["GET"]}}],"collection":[{"href":"https:\/\/imais.online\/portal\/wp-json\/wp\/v2\/posts"}],"about":[{"href":"https:\/\/imais.online\/portal\/wp-json\/wp\/v2\/types\/post"}],"author":[{"embeddable":true,"href":"https:\/\/imais.online\/portal\/wp-json\/wp\/v2\/users\/8"}],"replies":[{"embeddable":true,"href":"https:\/\/imais.online\/portal\/wp-json\/wp\/v2\/comments?post=2437"}],"version-history":[{"count":1,"href":"https:\/\/imais.online\/portal\/wp-json\/wp\/v2\/posts\/2437\/revisions"}],"predecessor-version":[{"id":2439,"href":"https:\/\/imais.online\/portal\/wp-json\/wp\/v2\/posts\/2437\/revisions\/2439"}],"wp:featuredmedia":[{"embeddable":true,"href":"https:\/\/imais.online\/portal\/wp-json\/wp\/v2\/media\/2438"}],"wp:attachment":[{"href":"https:\/\/imais.online\/portal\/wp-json\/wp\/v2\/media?parent=2437"}],"wp:term":[{"taxonomy":"category","embeddable":true,"href":"https:\/\/imais.online\/portal\/wp-json\/wp\/v2\/categories?post=2437"},{"taxonomy":"post_tag","embeddable":true,"href":"https:\/\/imais.online\/portal\/wp-json\/wp\/v2\/tags?post=2437"}],"curies":[{"name":"wp","href":"https:\/\/api.w.org\/{rel}","templated":true}]}}