{"id":24381,"date":"2024-09-10T08:42:09","date_gmt":"2024-09-10T11:42:09","guid":{"rendered":"https:\/\/imais.online\/portal\/?p=24381"},"modified":"2024-09-10T08:42:10","modified_gmt":"2024-09-10T11:42:10","slug":"australia-ira-impor-idade-minima-para-uso-de-redes-sociais","status":"publish","type":"post","link":"https:\/\/imais.online\/portal\/australia-ira-impor-idade-minima-para-uso-de-redes-sociais\/","title":{"rendered":"Austr\u00e1lia ir\u00e1 impor idade m\u00ednima para uso de redes sociais"},"content":{"rendered":"<div class=\"imais-before-content-placement\" id=\"imais-1383847999\"><script async src=\"\/\/pagead2.googlesyndication.com\/pagead\/js\/adsbygoogle.js?client=ca-pub-8787528412751566\" crossorigin=\"anonymous\"><\/script><ins class=\"adsbygoogle\" style=\"display:block;\" data-ad-client=\"ca-pub-8787528412751566\" \ndata-ad-slot=\"\" \ndata-ad-format=\"auto\"><\/ins>\n<script> \n(adsbygoogle = window.adsbygoogle || []).push({}); \n<\/script>\n<\/div>\n<p>Acesso a servi\u00e7os como TikTok, Facebook e Instagram dever\u00e1 ser limitado entre 14 e 16 anos<\/p>\n\n\n\n<p>O governo australiano aprovar\u00e1 este ano uma lei que ir\u00e1 impor uma idade m\u00ednima de entre 14 e 16 anos para o uso das redes sociais. O an\u00fancio foi feito nesta ter\u00e7a-feira (hor\u00e1rio local) pelo primeiro-ministro do pa\u00eds, Anthony Albanese.<\/p>\n\n\n\n<p>A idade m\u00ednima para ter acesso a redes como Facebook, Instagram ou TikTok ainda n\u00e3o foi definida, mas ser\u00e1 entre 14 e 16 anos, adiantou o premi\u00ea. O l\u00edder de centro-esquerda explicou que, nos pr\u00f3ximos meses, um sistema de verifica\u00e7\u00e3o de idade ser\u00e1 testado antes da implementa\u00e7\u00e3o da nova legisla\u00e7\u00e3o.<\/p>\n\n\n\n<p>&#8220;Quero ver as crian\u00e7as longe de seus dispositivos e nos campos de futebol, nas piscinas e nas quadras de t\u00eanis\u201d, afirmou Albanese. \u201cQueremos que tenham experi\u00eancias reais com pessoas de verdade porque sabemos que as redes sociais est\u00e3o causando um dano social\u201d, insistiu o pol\u00edtico \u00e0 rede de televis\u00e3o ABC.<\/p>\n\n\n\n<p>Em uma s\u00e9rie de entrevistas a meios de comunica\u00e7\u00e3o sobre este plano, Albanese explicou que sua prefer\u00eancia pessoal seria bloquear o acesso destas plataformas para os menores de 16 anos.<\/p>\n\n\n\n<p>Fonte Correio do Povo<\/p>\n","protected":false},"excerpt":{"rendered":"<p>Acesso a servi\u00e7os como TikTok, Facebook e Instagram dever\u00e1 ser limitado entre 14 e 16 anos O governo australiano aprovar\u00e1 este ano uma lei que ir\u00e1 impor uma idade m\u00ednima de entre 14 e 16 anos para o uso das redes sociais. O an\u00fancio foi feito nesta ter\u00e7a-feira (hor\u00e1rio local) pelo primeiro-ministro do pa\u00eds, Anthony [&hellip;]<\/p>\n","protected":false},"author":8,"featured_media":24382,"comment_status":"closed","ping_status":"open","sticky":false,"template":"","format":"standard","meta":{"rop_custom_images_group":[],"rop_custom_messages_group":[],"rop_publish_now":"initial","rop_publish_now_accounts":[],"rop_publish_now_history":[],"rop_publish_now_status":"pending","footnotes":""},"categories":[212],"tags":[],"class_list":["post-24381","post","type-post","status-publish","format-standard","has-post-thumbnail","hentry","category-internacional"],"amp_enabled":true,"_links":{"self":[{"href":"https:\/\/imais.online\/portal\/wp-json\/wp\/v2\/posts\/24381","targetHints":{"allow":["GET"]}}],"collection":[{"href":"https:\/\/imais.online\/portal\/wp-json\/wp\/v2\/posts"}],"about":[{"href":"https:\/\/imais.online\/portal\/wp-json\/wp\/v2\/types\/post"}],"author":[{"embeddable":true,"href":"https:\/\/imais.online\/portal\/wp-json\/wp\/v2\/users\/8"}],"replies":[{"embeddable":true,"href":"https:\/\/imais.online\/portal\/wp-json\/wp\/v2\/comments?post=24381"}],"version-history":[{"count":1,"href":"https:\/\/imais.online\/portal\/wp-json\/wp\/v2\/posts\/24381\/revisions"}],"predecessor-version":[{"id":24383,"href":"https:\/\/imais.online\/portal\/wp-json\/wp\/v2\/posts\/24381\/revisions\/24383"}],"wp:featuredmedia":[{"embeddable":true,"href":"https:\/\/imais.online\/portal\/wp-json\/wp\/v2\/media\/24382"}],"wp:attachment":[{"href":"https:\/\/imais.online\/portal\/wp-json\/wp\/v2\/media?parent=24381"}],"wp:term":[{"taxonomy":"category","embeddable":true,"href":"https:\/\/imais.online\/portal\/wp-json\/wp\/v2\/categories?post=24381"},{"taxonomy":"post_tag","embeddable":true,"href":"https:\/\/imais.online\/portal\/wp-json\/wp\/v2\/tags?post=24381"}],"curies":[{"name":"wp","href":"https:\/\/api.w.org\/{rel}","templated":true}]}}