{"id":24394,"date":"2024-09-11T08:48:57","date_gmt":"2024-09-11T11:48:57","guid":{"rendered":"https:\/\/imais.online\/portal\/?p=24394"},"modified":"2024-09-11T08:48:58","modified_gmt":"2024-09-11T11:48:58","slug":"cometa-do-seculo-entenda-por-qual-motivo-fenomeno-recebeu-esse-nome","status":"publish","type":"post","link":"https:\/\/imais.online\/portal\/cometa-do-seculo-entenda-por-qual-motivo-fenomeno-recebeu-esse-nome\/","title":{"rendered":"&#8216;Cometa do S\u00e9culo&#8217;: entenda por qual motivo fen\u00f4meno recebeu esse nome"},"content":{"rendered":"<div class=\"imais-before-content-placement\" id=\"imais-2171925790\"><script async src=\"\/\/pagead2.googlesyndication.com\/pagead\/js\/adsbygoogle.js?client=ca-pub-8787528412751566\" crossorigin=\"anonymous\"><\/script><ins class=\"adsbygoogle\" style=\"display:block;\" data-ad-client=\"ca-pub-8787528412751566\" \ndata-ad-slot=\"\" \ndata-ad-format=\"auto\"><\/ins>\n<script> \n(adsbygoogle = window.adsbygoogle || []).push({}); \n<\/script>\n<\/div>\n<h2 class=\"wp-block-heading\">C\/2023 A3 poder\u00e1 ser assistido a partir da segunda quinzena de setembro<\/h2>\n\n\n\n<p>A partir da pr\u00f3xima semana, um dos mais aguardados cometas do ano, o C\/2023 A3, se tornar\u00e1 cada vez mais vis\u00edvel na parte da noite. No dia 15 de setembro, o corpo celeste dever\u00e1 ficar vis\u00edvel no Hemisf\u00e9rio Sul, onde est\u00e1 parte do Brasil.<\/p>\n\n\n\n<p>Sua apari\u00e7\u00e3o carrega a expectativa de trazer um brilho t\u00e3o intenso como o do cometa Hale-Bopp, que passou pela Terra em 1997 e foi considerado um dos mais brilhantes da segunda metade do s\u00e9culo XX, por isso recebe o apelido de &#8220;Cometa do S\u00e9culo&#8221;. Com uma magnitude atual perto de 6 (quanto menor a escala, mais brilhante se torna), tem se tornado mais brilhante.<\/p>\n\n\n\n<p>Os entusiastas poder\u00e3o assistir o fen\u00f4meno, considerado o &#8220;Cometa do S\u00e9culo&#8221;, quando ele se afastar do Sol, o que vai facilitar sua observa\u00e7\u00e3o a olho nu na segunda quinzena de setembro. O fen\u00f4meno foi descoberto em janeiro de 2023 por dois observat\u00f3rios: Observat\u00f3rio de Tsuchinshan (ou Purple Mountain), na China, e o projeto ATLAS (Asteroid Terrestrial-impact Last Alert System), no Hava\u00ed.<\/p>\n\n\n\n<p>Somente em outubro ele atingir\u00e1 seu brilho m\u00e1ximo, com magnitude entre 3,0 e 2,0, de acordo com plataformas especializadas. Assim, ser\u00e1 vis\u00edvel a olho nu ou com bin\u00f3culos, embora a proximidade com o Sol possa dificultar a observa\u00e7\u00e3o. Locais com polui\u00e7\u00e3o luminosa, como S\u00e3o Paulo, podem ser prejudicados.<\/p>\n\n\n\n<p>Fonte O Globo<\/p>\n","protected":false},"excerpt":{"rendered":"<p>C\/2023 A3 poder\u00e1 ser assistido a partir da segunda quinzena de setembro A partir da pr\u00f3xima semana, um dos mais aguardados cometas do ano, o C\/2023 A3, se tornar\u00e1 cada vez mais vis\u00edvel na parte da noite. No dia 15 de setembro, o corpo celeste dever\u00e1 ficar vis\u00edvel no Hemisf\u00e9rio Sul, onde est\u00e1 parte do [&hellip;]<\/p>\n","protected":false},"author":8,"featured_media":24395,"comment_status":"closed","ping_status":"open","sticky":false,"template":"","format":"standard","meta":{"rop_custom_images_group":[],"rop_custom_messages_group":[],"rop_publish_now":"initial","rop_publish_now_accounts":[],"rop_publish_now_history":[],"rop_publish_now_status":"pending","footnotes":""},"categories":[212],"tags":[],"class_list":["post-24394","post","type-post","status-publish","format-standard","has-post-thumbnail","hentry","category-internacional"],"amp_enabled":true,"_links":{"self":[{"href":"https:\/\/imais.online\/portal\/wp-json\/wp\/v2\/posts\/24394","targetHints":{"allow":["GET"]}}],"collection":[{"href":"https:\/\/imais.online\/portal\/wp-json\/wp\/v2\/posts"}],"about":[{"href":"https:\/\/imais.online\/portal\/wp-json\/wp\/v2\/types\/post"}],"author":[{"embeddable":true,"href":"https:\/\/imais.online\/portal\/wp-json\/wp\/v2\/users\/8"}],"replies":[{"embeddable":true,"href":"https:\/\/imais.online\/portal\/wp-json\/wp\/v2\/comments?post=24394"}],"version-history":[{"count":1,"href":"https:\/\/imais.online\/portal\/wp-json\/wp\/v2\/posts\/24394\/revisions"}],"predecessor-version":[{"id":24396,"href":"https:\/\/imais.online\/portal\/wp-json\/wp\/v2\/posts\/24394\/revisions\/24396"}],"wp:featuredmedia":[{"embeddable":true,"href":"https:\/\/imais.online\/portal\/wp-json\/wp\/v2\/media\/24395"}],"wp:attachment":[{"href":"https:\/\/imais.online\/portal\/wp-json\/wp\/v2\/media?parent=24394"}],"wp:term":[{"taxonomy":"category","embeddable":true,"href":"https:\/\/imais.online\/portal\/wp-json\/wp\/v2\/categories?post=24394"},{"taxonomy":"post_tag","embeddable":true,"href":"https:\/\/imais.online\/portal\/wp-json\/wp\/v2\/tags?post=24394"}],"curies":[{"name":"wp","href":"https:\/\/api.w.org\/{rel}","templated":true}]}}