{"id":24405,"date":"2024-09-11T09:05:01","date_gmt":"2024-09-11T12:05:01","guid":{"rendered":"https:\/\/imais.online\/portal\/?p=24405"},"modified":"2024-09-11T09:05:02","modified_gmt":"2024-09-11T12:05:02","slug":"em-1o-debate-trump-e-kamala-trocam-provocacoes-ao-falar-de-economia-imigracao-e-conflitos","status":"publish","type":"post","link":"https:\/\/imais.online\/portal\/em-1o-debate-trump-e-kamala-trocam-provocacoes-ao-falar-de-economia-imigracao-e-conflitos\/","title":{"rendered":"Em 1\u00ba debate, Trump e Kamala trocam provoca\u00e7\u00f5es ao falar de economia, imigra\u00e7\u00e3o e conflitos"},"content":{"rendered":"<div class=\"imais-before-content-placement\" id=\"imais-3926811006\"><script async src=\"\/\/pagead2.googlesyndication.com\/pagead\/js\/adsbygoogle.js?client=ca-pub-8787528412751566\" crossorigin=\"anonymous\"><\/script><ins class=\"adsbygoogle\" style=\"display:block;\" data-ad-client=\"ca-pub-8787528412751566\" \ndata-ad-slot=\"\" \ndata-ad-format=\"auto\"><\/ins>\n<script> \n(adsbygoogle = window.adsbygoogle || []).push({}); \n<\/script>\n<\/div>\n<h2 class=\"wp-block-heading\">Candidatos \u00e0 presid\u00eancia dos EUA se encontraram pela primeira vez e chamaram a aten\u00e7\u00e3o pelas express\u00f5es faciais, al\u00e9m de muitas acusa\u00e7\u00f5es m\u00fatuas<\/h2>\n\n\n\n<p>Donald Trump e Kamala Harris participaram do primeiro \u2014 e possivelmente \u00fanico \u2014, debate para a presid\u00eancia dos Estados Unidos na noite desta ter\u00e7a-feira (10), realizado pela ABC News, com transmiss\u00e3o para todo o Brasil ao vivo pela<strong>&nbsp;RECORD NEWS,<\/strong>&nbsp;com tradu\u00e7\u00e3o simult\u00e2nea. Essa foi a primeira vez que o republicano e a democrata se encontraram pessoalmente. Eles apertaram as m\u00e3os no in\u00edcio da transmiss\u00e3o.<\/p>\n\n\n\n<p>O embate come\u00e7ou com a discuss\u00e3o sobre a economia. A vice-presidente afirmou que o plano de Trump \u00e9 o mesmo de seu primeiro governo e que o candidato governa para as grandes empresas. \u201cEu sou a \u00fanica pessoa nesse palco que tem um plano para elevar a classe m\u00e9dia e todo o povo americano\u201d, disse.<\/p>\n\n\n\n<p>Em contrapartida, o republicano afirmou que os Estados Unidos, atualmente, est\u00e3o com uma infla\u00e7\u00e3o \u201cnunca vista antes\u201d e talvez uma das piores na hist\u00f3ria. \u201cEu criei uma das melhores economias da hist\u00f3ria do nosso pa\u00eds e vou fazer isso mais uma vez, e melhor ainda\u201d.<\/p>\n\n\n\n<p>Quest\u00f5es sobre imigra\u00e7\u00e3o dominaram boa parte do embate. \u201cSou a \u00fanica pessoa aqui em cima que colocou em pauta a quest\u00e3o de armas, drogas e imigrantes. Mas o Congresso dos EUA, que tem grandes conservadores, veio com a quest\u00e3o das fronteiras. Eu tentei que as fronteiras funcionassem. Sabe o que ele fez? Trump ligou para os comparsas dele e pediu para que n\u00e3o fosse aprovado\u201d, disse Kamala.<\/p>\n\n\n\n<p>O republicano rebateu dizendo que se Harris se tornar presidente dos Estados Unidos, o pa\u00eds vai se tornar uma Venezuela com anabolizantes.<\/p>\n\n\n\n<p>\u201cPermitiram criminosos, terroristas e ladr\u00f5es de rua entrarem em nosso pa\u00eds. [&#8230;] Os pa\u00edses removem seus criminosos das ruas e exportando para o nosso pa\u00eds, rebateu Trump.<\/p>\n\n\n\n<p>\u201cEm Springfield, os imigrantes est\u00e3o comendo os cachorros. Eles est\u00e3o comendo os gatos. Comendo os pets de pessoas que moram l\u00e1\u201d, afirmou Trump.<\/p>\n\n\n\n<p>Logo em seguida, o mediador da ABC News chamou aten\u00e7\u00e3o e disse que a produ\u00e7\u00e3o do debate entrou em contato com a prefeitura de Springfield para checar a afirma\u00e7\u00e3o que foi desmentida.<\/p>\n\n\n\n<h3 class=\"wp-block-heading\">Conflitos internacionais<\/h3>\n\n\n\n<p>Quando o tema foi o conflito entre Israel e o grupo terrorista Hamas, Kamala disse que \u201cIsrael tem que se defender, como n\u00f3s nos defender\u00edamos\u201d. Trump declarou que \u201cessa guerra tem que acabar\u201d.<\/p>\n\n\n\n<p>A guerra entre R\u00fassia e Ucr\u00e2nia tamb\u00e9m foi tema. \u201cSe fosse presidente, a R\u00fassia jamais teria entrado na Ucr\u00e2nia e matado milh\u00f5es de pessoas. Vou acabar com a guerra antes de ser presidente. Quero que essa guerra acabe, quero salvar as vidas que est\u00e3o sendo desperdi\u00e7adas. Eu conhe\u00e7o Putin muito bem, tenho bom relacionamento, as pessoas respeitam a mim como presidente, n\u00e3o a Biden\u201d, disse Trump, aproveitando para provocar o atual presidente americano.<\/p>\n\n\n\n<p>\u201cJuntamos 50 pa\u00edses para dar apoio a Ucr\u00e2nia, gra\u00e7as ao nosso suporte, defesa a\u00e9rea, muni\u00e7\u00e3o e artilharia, e gra\u00e7as a n\u00f3s a Ucr\u00e2nia est\u00e1 de p\u00e9\u201d, rebateu Kamala.<\/p>\n\n\n\n<p>Fonte R7<\/p>\n","protected":false},"excerpt":{"rendered":"<p>Candidatos \u00e0 presid\u00eancia dos EUA se encontraram pela primeira vez e chamaram a aten\u00e7\u00e3o pelas express\u00f5es faciais, al\u00e9m de muitas acusa\u00e7\u00f5es m\u00fatuas Donald Trump e Kamala Harris participaram do primeiro \u2014 e possivelmente \u00fanico \u2014, debate para a presid\u00eancia dos Estados Unidos na noite desta ter\u00e7a-feira (10), realizado pela ABC News, com transmiss\u00e3o para todo [&hellip;]<\/p>\n","protected":false},"author":8,"featured_media":24406,"comment_status":"closed","ping_status":"open","sticky":false,"template":"","format":"standard","meta":{"rop_custom_images_group":[],"rop_custom_messages_group":[],"rop_publish_now":"initial","rop_publish_now_accounts":[],"rop_publish_now_history":[],"rop_publish_now_status":"pending","footnotes":""},"categories":[212],"tags":[],"class_list":["post-24405","post","type-post","status-publish","format-standard","has-post-thumbnail","hentry","category-internacional"],"amp_enabled":true,"_links":{"self":[{"href":"https:\/\/imais.online\/portal\/wp-json\/wp\/v2\/posts\/24405","targetHints":{"allow":["GET"]}}],"collection":[{"href":"https:\/\/imais.online\/portal\/wp-json\/wp\/v2\/posts"}],"about":[{"href":"https:\/\/imais.online\/portal\/wp-json\/wp\/v2\/types\/post"}],"author":[{"embeddable":true,"href":"https:\/\/imais.online\/portal\/wp-json\/wp\/v2\/users\/8"}],"replies":[{"embeddable":true,"href":"https:\/\/imais.online\/portal\/wp-json\/wp\/v2\/comments?post=24405"}],"version-history":[{"count":1,"href":"https:\/\/imais.online\/portal\/wp-json\/wp\/v2\/posts\/24405\/revisions"}],"predecessor-version":[{"id":24407,"href":"https:\/\/imais.online\/portal\/wp-json\/wp\/v2\/posts\/24405\/revisions\/24407"}],"wp:featuredmedia":[{"embeddable":true,"href":"https:\/\/imais.online\/portal\/wp-json\/wp\/v2\/media\/24406"}],"wp:attachment":[{"href":"https:\/\/imais.online\/portal\/wp-json\/wp\/v2\/media?parent=24405"}],"wp:term":[{"taxonomy":"category","embeddable":true,"href":"https:\/\/imais.online\/portal\/wp-json\/wp\/v2\/categories?post=24405"},{"taxonomy":"post_tag","embeddable":true,"href":"https:\/\/imais.online\/portal\/wp-json\/wp\/v2\/tags?post=24405"}],"curies":[{"name":"wp","href":"https:\/\/api.w.org\/{rel}","templated":true}]}}