{"id":24408,"date":"2024-09-11T09:06:49","date_gmt":"2024-09-11T12:06:49","guid":{"rendered":"https:\/\/imais.online\/portal\/?p=24408"},"modified":"2024-09-11T09:06:50","modified_gmt":"2024-09-11T12:06:50","slug":"atentado-do-11-de-setembro-completa-23-anos-relembre-caso","status":"publish","type":"post","link":"https:\/\/imais.online\/portal\/atentado-do-11-de-setembro-completa-23-anos-relembre-caso\/","title":{"rendered":"Atentado do 11 de setembro completa 23 anos; relembre caso"},"content":{"rendered":"<div class=\"imais-before-content-placement\" id=\"imais-506639278\"><script async src=\"\/\/pagead2.googlesyndication.com\/pagead\/js\/adsbygoogle.js?client=ca-pub-8787528412751566\" crossorigin=\"anonymous\"><\/script><ins class=\"adsbygoogle\" style=\"display:block;\" data-ad-client=\"ca-pub-8787528412751566\" \ndata-ad-slot=\"\" \ndata-ad-format=\"auto\"><\/ins>\n<script> \n(adsbygoogle = window.adsbygoogle || []).push({}); \n<\/script>\n<\/div>\n<p><strong>Ataque terrorista \u00e0s Torres G\u00eameas do World Trade Center, em Nova York deixou cerca de 3 mil v\u00edtimas<\/strong><\/p>\n\n\n\n<p>Conhecido como um dos ataques terroristas mais impactantes da hist\u00f3ria, o 11 de setembro completa 23 anos nesta quarta-feira (11). O atentado foi ocasionado por dois avi\u00f5es que colidiram, intencionalmente, nas Torres G\u00eameas localizado no World Trend Center, em Nova York, Estados Unidos. Cerca de 3 mil pessoas morreram da colis\u00e3o.&nbsp;<\/p>\n\n\n\n<p>O World Trend Center era um conjunto de sete pr\u00e9dios empresariais que foi inaugurado em 1973. Dentro dele, estavam as Torres G\u00eameas, que possu\u00edam 110 andares e 417 metros de altura cada. Elas eram consideradas um dos maiores pr\u00e9dios do mundo, al\u00e9m de serem um dos grandes s\u00edmbolos da cidade norte-americana.<\/p>\n\n\n\n<p>O atentado suicida foi realizado por um grupo de fundamentalistas isl\u00e2micos ligados \u00e0 organiza\u00e7\u00e3o Al-Qaeda (tradu\u00e7\u00e3o: A Base), liderada \u00e0 \u00e9poca por Osama Bin Laden. Foram dois anos de planejamento do atentado com base na jihad \u2013 uma ideia de guerra santa na religi\u00e3o isl\u00e2mica.&nbsp;<\/p>\n\n\n\n<p><strong>O Ataque&nbsp;<\/strong><\/p>\n\n\n\n<p>No dia do ataque, cerca de 19 terroristas se dividiram e sequestraram quatro avi\u00f5es que sa\u00edram da costa leste dos Estados Unidos, com o destino para o estado da Calif\u00f3rnia. Eles entraram e assumiram o comando do ve\u00edculo.&nbsp;<\/p>\n\n\n\n<p>O primeiro avi\u00e3o saiu \u00e0s 9h00 da manh\u00e3, lan\u00e7ado contra a Torre Sul do World Trade Center. Em seguida, \u00e0s 9h30 mais um avi\u00e3o decolou e colidiu com a segunda Torre, aumentando ainda mais a destrui\u00e7\u00e3o no local.&nbsp;<\/p>\n\n\n\n<p>O terceiro voo foi lan\u00e7ado contra o Pent\u00e1gono, pr\u00e9dio que sediava o Departamento de Defesa dos Estados Unidos. O quarto e \u00faltimo voo contendo 93 passageiros, que se rebelaram, &nbsp;foi lan\u00e7ado na zona rural de Shanksville, localizado no Estado da Pensilv\u00e2nia. Entretanto, o alvo original era o Capit\u00f3lio, centro do Poder Legislativo dos Estados Unidos.<\/p>\n\n\n\n<p>As Torres G\u00eameas desabaram n\u00e3o por causa da colis\u00e3o em si, mas por conta de um inc\u00eandio que ocorreu ap\u00f3s o ataque, que fez com o pr\u00e9dio superaquecesse e desmoronasse.&nbsp;<\/p>\n\n\n\n<p>Ao todo, o atentado resultou em 2996 mortes: 2606 em Nova York; 125 no Pent\u00e1gono; 246 v\u00edtimas dos avi\u00f5es e, por fim, a morte dos 19 terroristas.<\/p>\n\n\n\n<p><strong>Motiva\u00e7\u00f5es para o atentado&nbsp;<\/strong><\/p>\n\n\n\n<p>A principal raz\u00e3o para o ato foi a inimizade entre a organiza\u00e7\u00e3o fundamentalista e os EUA, devido \u00e0s interven\u00e7\u00f5es das tropas norte-americanas no Afeganist\u00e3o.&nbsp;<\/p>\n\n\n\n<p>Al\u00e9m disso, o Al-Qaeda, liderado por Osama Bin Laden, possui cren\u00e7as extremistas isl\u00e2micas que fizeram com que eles odiassem ainda mais os norte-americanos.&nbsp;<\/p>\n\n\n\n<p><strong>Consequ\u00eancias do 11 de setembro&nbsp;<\/strong><\/p>\n\n\n\n<p>O desastre ocasionou na morte de mais de 3 mil pessoas; intensa destrui\u00e7\u00e3o material em um dos principais pontos da cidade de Nova York; Ado\u00e7\u00e3o de medidas pr\u00e1ticas de seguran\u00e7a dos voos, tornando-as mais rigorosas e criteriosas.&nbsp;<\/p>\n\n\n\n<p>Onde havia as Torres G\u00eameas, foi constru\u00eddo um Memorial e o Museu Nacional do 11 de setembro para lembrar de todos aqueles que tiveram suas vidas perdidas no atentado. No local, h\u00e1 uma enorme pra\u00e7a com duas piscinas com cascatas que leva o nome das v\u00edtimas nas bordas.<br><br><img decoding=\"async\" alt=\"\" src=\"https:\/\/api.varelanet.com.br\/fotos\/varela_noticias\/57225\/mg\/WhatsApp%20Image%202024-09-10%20at%2012.29.43..jpg\"><\/p>\n\n\n\n<p>Al\u00e9m disso, os Estados Unidos invadiu o Afeganist\u00e3o com o intuito de capturar Osama Bin Laden e derrubar o Talib\u00e3 &#8211; Havia rumores que esse grupo estaria ajudando o l\u00edder da Al-Qaeda. Tamb\u00e9m foi criada uma legisla\u00e7\u00e3o antiterrorismo extremamente r\u00edgida nos EUA.\u00a0<\/p>\n\n\n\n<p>Fonte Varela Net<\/p>\n","protected":false},"excerpt":{"rendered":"<p>Ataque terrorista \u00e0s Torres G\u00eameas do World Trade Center, em Nova York deixou cerca de 3 mil v\u00edtimas Conhecido como um dos ataques terroristas mais impactantes da hist\u00f3ria, o 11 de setembro completa 23 anos nesta quarta-feira (11). O atentado foi ocasionado por dois avi\u00f5es que colidiram, intencionalmente, nas Torres G\u00eameas localizado no World Trend [&hellip;]<\/p>\n","protected":false},"author":8,"featured_media":24409,"comment_status":"closed","ping_status":"open","sticky":false,"template":"","format":"standard","meta":{"rop_custom_images_group":[],"rop_custom_messages_group":[],"rop_publish_now":"initial","rop_publish_now_accounts":[],"rop_publish_now_history":[],"rop_publish_now_status":"pending","footnotes":""},"categories":[212],"tags":[],"class_list":["post-24408","post","type-post","status-publish","format-standard","has-post-thumbnail","hentry","category-internacional"],"amp_enabled":true,"_links":{"self":[{"href":"https:\/\/imais.online\/portal\/wp-json\/wp\/v2\/posts\/24408","targetHints":{"allow":["GET"]}}],"collection":[{"href":"https:\/\/imais.online\/portal\/wp-json\/wp\/v2\/posts"}],"about":[{"href":"https:\/\/imais.online\/portal\/wp-json\/wp\/v2\/types\/post"}],"author":[{"embeddable":true,"href":"https:\/\/imais.online\/portal\/wp-json\/wp\/v2\/users\/8"}],"replies":[{"embeddable":true,"href":"https:\/\/imais.online\/portal\/wp-json\/wp\/v2\/comments?post=24408"}],"version-history":[{"count":1,"href":"https:\/\/imais.online\/portal\/wp-json\/wp\/v2\/posts\/24408\/revisions"}],"predecessor-version":[{"id":24410,"href":"https:\/\/imais.online\/portal\/wp-json\/wp\/v2\/posts\/24408\/revisions\/24410"}],"wp:featuredmedia":[{"embeddable":true,"href":"https:\/\/imais.online\/portal\/wp-json\/wp\/v2\/media\/24409"}],"wp:attachment":[{"href":"https:\/\/imais.online\/portal\/wp-json\/wp\/v2\/media?parent=24408"}],"wp:term":[{"taxonomy":"category","embeddable":true,"href":"https:\/\/imais.online\/portal\/wp-json\/wp\/v2\/categories?post=24408"},{"taxonomy":"post_tag","embeddable":true,"href":"https:\/\/imais.online\/portal\/wp-json\/wp\/v2\/tags?post=24408"}],"curies":[{"name":"wp","href":"https:\/\/api.w.org\/{rel}","templated":true}]}}