{"id":24414,"date":"2024-09-12T08:45:46","date_gmt":"2024-09-12T11:45:46","guid":{"rendered":"https:\/\/imais.online\/portal\/?p=24414"},"modified":"2024-09-12T08:45:47","modified_gmt":"2024-09-12T11:45:47","slug":"katy-perry-recebe-o-premio-video-vanguard-award-e-canta-seus-classicos-no-vma-2024","status":"publish","type":"post","link":"https:\/\/imais.online\/portal\/katy-perry-recebe-o-premio-video-vanguard-award-e-canta-seus-classicos-no-vma-2024\/","title":{"rendered":"Katy Perry recebe o pr\u00eamio Video Vanguard Award e canta seus cl\u00e1ssicos no VMA 2024"},"content":{"rendered":"<div class=\"imais-before-content-placement\" id=\"imais-850112983\"><script async src=\"\/\/pagead2.googlesyndication.com\/pagead\/js\/adsbygoogle.js?client=ca-pub-8787528412751566\" crossorigin=\"anonymous\"><\/script><ins class=\"adsbygoogle\" style=\"display:block;\" data-ad-client=\"ca-pub-8787528412751566\" \ndata-ad-slot=\"\" \ndata-ad-format=\"auto\"><\/ins>\n<script> \n(adsbygoogle = window.adsbygoogle || []).push({}); \n<\/script>\n<\/div>\n<h4 class=\"wp-block-heading\">Cantora agradeceu, especialmente, aos f\u00e3s pelo importante reconhecimento recebido da MTV<\/h4>\n\n\n\n<p>A cantora&nbsp;<a href=\"https:\/\/www.vagalume.com.br\/katy-perry\/\">Katy Perry<\/a>, 39, levantou o p\u00fablico presente no VMA 2024, realizado na noite desta quarta-feira (11), com a sua participa\u00e7\u00e3o. Aclamada por sua carreira, ela recebeu o prestigioso pr\u00eamio Video Vanguard Award, que reconhece a videografia dos artistas.<\/p>\n\n\n\n<p>Katy Perry tamb\u00e9m apresentou no palco do VMA os seus grandes sucessos, como &#8220;<a href=\"https:\/\/www.vagalume.com.br\/katy-perry\/futuristic-lover.html\">E.T (Futuristic Lover)<\/a>&#8220;, &#8220;<a href=\"https:\/\/www.vagalume.com.br\/katy-perry\/california-gurls.html\">California Gurls (feat. Snoop Dogg)<\/a>&#8220;, &#8220;<a href=\"https:\/\/www.vagalume.com.br\/katy-perry\/i-kissed-a-girl.html\">I Kissed A Girl<\/a>&#8220;, &#8220;<a href=\"https:\/\/www.vagalume.com.br\/katy-perry\/teenage-dream.html\">Teenage Dream<\/a>&#8220;, &#8220;<a href=\"https:\/\/www.vagalume.com.br\/katy-perry\/firework.html\">Firework<\/a>&#8221; e &#8220;<a href=\"https:\/\/www.vagalume.com.br\/katy-perry\/dark-horse-feat-juicy-j.html\">Dark Horse (Feat. Juicy J)<\/a>&#8220;. A apresenta\u00e7\u00e3o culminou com sua mais recente can\u00e7\u00e3o, &#8220;<a href=\"https:\/\/www.vagalume.com.br\/katy-perry\/lifetimes.html\">LIFETIMES<\/a>&#8220;.<\/p>\n\n\n\n<p>Emocionada, a cantora agradeceu \u00e0 MTV por acreditar em sua singularidade e destacou o apoio recebido de familiares, amigos, equipe e especialmente de seus f\u00e3s, os &#8220;Katycats&#8221;. No tapete vermelho, ela foi \u00e0s l\u00e1grimas ao ganhar o pr\u00eamio de performance mais ic\u00f4nica do VMA por sua apresenta\u00e7\u00e3o de &#8220;<a href=\"https:\/\/www.vagalume.com.br\/katy-perry\/roar.html\">Roar<\/a>&#8220;, em 2013.<\/p>\n\n\n\n<p>A artista terminou seu discurso agradecendo e informando sobre o lan\u00e7amento de seu novo \u00e1lbum de est\u00fadio, &#8220;143&#8221;, que acontecer\u00e1 em 20 de setembro: &#8220;Dia 20 a gente tem mais&#8221;, avisou.<\/p>\n\n\n\n<p>No mesmo dia, ela se apresentar\u00e1 no Brasil durante o Rock in Rio 2024.<\/p>\n\n\n\n<p>Veja como foi a performance de Katy Perry no VMA 2024:<\/p>\n\n\n<p><iframe loading=\"lazy\" title=\"Katy Perry - &quot;Roar&quot; \/ &quot;ET&quot; \/ &quot;I Kissed A Girl&quot; \/ &quot;I&#039;m His, He&#039;s Mine&quot; ft. Doechii &amp; More | 2024 VMAs\" width=\"740\" height=\"416\" src=\"https:\/\/www.youtube.com\/embed\/p7zrX4NU8YE?feature=oembed\" frameborder=\"0\" allow=\"accelerometer; autoplay; clipboard-write; encrypted-media; gyroscope; picture-in-picture; web-share\" referrerpolicy=\"strict-origin-when-cross-origin\" allowfullscreen><\/iframe><\/p>\n\n\n<p>Assista ao discurso de agradecimento da cantora ao receber o Video Vanguard Award a seguir:<\/p>\n\n\n\n<p><\/p>\n\n\n<p><iframe loading=\"lazy\" title=\"Katy Perry Accepts the Video Vanguard Award | 2024 VMAs\" width=\"740\" height=\"416\" src=\"https:\/\/www.youtube.com\/embed\/3XXAMJ_0htg?feature=oembed\" frameborder=\"0\" allow=\"accelerometer; autoplay; clipboard-write; encrypted-media; gyroscope; picture-in-picture; web-share\" referrerpolicy=\"strict-origin-when-cross-origin\" allowfullscreen><\/iframe><\/p>\n\n\n<p>Fonte VagaLume<\/p>\n","protected":false},"excerpt":{"rendered":"<p>Cantora agradeceu, especialmente, aos f\u00e3s pelo importante reconhecimento recebido da MTV A cantora&nbsp;Katy Perry, 39, levantou o p\u00fablico presente no VMA 2024, realizado na noite desta quarta-feira (11), com a sua participa\u00e7\u00e3o. Aclamada por sua carreira, ela recebeu o prestigioso pr\u00eamio Video Vanguard Award, que reconhece a videografia dos artistas. Katy Perry tamb\u00e9m apresentou no [&hellip;]<\/p>\n","protected":false},"author":8,"featured_media":24415,"comment_status":"closed","ping_status":"open","sticky":false,"template":"","format":"standard","meta":{"rop_custom_images_group":[],"rop_custom_messages_group":[],"rop_publish_now":"initial","rop_publish_now_accounts":[],"rop_publish_now_history":[],"rop_publish_now_status":"pending","footnotes":""},"categories":[212],"tags":[],"class_list":["post-24414","post","type-post","status-publish","format-standard","has-post-thumbnail","hentry","category-internacional"],"amp_enabled":true,"_links":{"self":[{"href":"https:\/\/imais.online\/portal\/wp-json\/wp\/v2\/posts\/24414","targetHints":{"allow":["GET"]}}],"collection":[{"href":"https:\/\/imais.online\/portal\/wp-json\/wp\/v2\/posts"}],"about":[{"href":"https:\/\/imais.online\/portal\/wp-json\/wp\/v2\/types\/post"}],"author":[{"embeddable":true,"href":"https:\/\/imais.online\/portal\/wp-json\/wp\/v2\/users\/8"}],"replies":[{"embeddable":true,"href":"https:\/\/imais.online\/portal\/wp-json\/wp\/v2\/comments?post=24414"}],"version-history":[{"count":1,"href":"https:\/\/imais.online\/portal\/wp-json\/wp\/v2\/posts\/24414\/revisions"}],"predecessor-version":[{"id":24416,"href":"https:\/\/imais.online\/portal\/wp-json\/wp\/v2\/posts\/24414\/revisions\/24416"}],"wp:featuredmedia":[{"embeddable":true,"href":"https:\/\/imais.online\/portal\/wp-json\/wp\/v2\/media\/24415"}],"wp:attachment":[{"href":"https:\/\/imais.online\/portal\/wp-json\/wp\/v2\/media?parent=24414"}],"wp:term":[{"taxonomy":"category","embeddable":true,"href":"https:\/\/imais.online\/portal\/wp-json\/wp\/v2\/categories?post=24414"},{"taxonomy":"post_tag","embeddable":true,"href":"https:\/\/imais.online\/portal\/wp-json\/wp\/v2\/tags?post=24414"}],"curies":[{"name":"wp","href":"https:\/\/api.w.org\/{rel}","templated":true}]}}