{"id":24417,"date":"2024-09-12T08:48:04","date_gmt":"2024-09-12T11:48:04","guid":{"rendered":"https:\/\/imais.online\/portal\/?p=24417"},"modified":"2024-09-12T08:48:05","modified_gmt":"2024-09-12T11:48:05","slug":"presidente-joe-biden-usa-bone-de-campanha-de-donald-trump-e-imagem-viraliza","status":"publish","type":"post","link":"https:\/\/imais.online\/portal\/presidente-joe-biden-usa-bone-de-campanha-de-donald-trump-e-imagem-viraliza\/","title":{"rendered":"Presidente Joe Biden usa bon\u00e9 de campanha de Donald Trump e imagem viraliza"},"content":{"rendered":"<div class=\"imais-before-content-placement\" id=\"imais-1205150931\"><script async src=\"\/\/pagead2.googlesyndication.com\/pagead\/js\/adsbygoogle.js?client=ca-pub-8787528412751566\" crossorigin=\"anonymous\"><\/script><ins class=\"adsbygoogle\" style=\"display:block;\" data-ad-client=\"ca-pub-8787528412751566\" \ndata-ad-slot=\"\" \ndata-ad-format=\"auto\"><\/ins>\n<script> \n(adsbygoogle = window.adsbygoogle || []).push({}); \n<\/script>\n<\/div>\n<h2 class=\"wp-block-heading\">Segundo a Casa Branca, o gesto foi uma demonstra\u00e7\u00e3o de \u2018unidade bipartid\u00e1ria\u2019, como na \u00e9poca do 11\/9<\/h2>\n\n\n\n<p>O presidente dos Estados Unidos, Joe Biden, foi fotografada usando um bon\u00e9 de apoio a Donald Trump, nesta quarta-feira (11). Biden foi registrado sorrindo com o acess\u00f3rio, enquanto participava de um evento em mem\u00f3ria dos atentados de 11\/9, em um quartel do corpo de bombeiros de Shanksville, na Pensilv\u00e2nia \u2014 local da queda do voo United 93.<\/p>\n\n\n\n<p>A imagem imediatamente viralizou nas redes sociais e foi publicada por v\u00e1rias contas que apoiam o candidato republicano Donald Trump, que agradeceram o \u201capoio\u201d. Segundo a Casa Branca, o gesto foi uma forma de mostrar \u201cunidade bipartid\u00e1ria\u201d.<\/p>\n\n\n\n<p>\u201cNo quartel de bombeiros de Shanksville, o presidente Joe Biden falou sobre a unidade bipartid\u00e1ria do pa\u00eds ap\u00f3s o 11 de setembro e disse que precis\u00e1vamos voltar a isso\u201d, afirmou Andrew Bates, porta-voz da Casa Branca, na rede social X.<\/p>\n\n\n\n<p>\u201cComo gesto, ele deu um bon\u00e9 a um apoiador de Trump, que disse que, no mesmo esp\u00edrito, o presidente deveria colocar seu bon\u00e9 de Trump. Ele o usou brevemente\u201d, completou Bates.<\/p>\n\n\n\n<p>O momento foi registrado um dia ap\u00f3s o\u00a0<a rel=\"noreferrer noopener\" href=\"https:\/\/noticias.r7.com\/internacional\/kamala-harris-poe-trump-na-defensiva-e-esconde-heranca-de-biden-em-debate-11092024\/\" target=\"_blank\">debate entre Donald Trump e Kamala Harris<\/a>, promovido pela rede ABC News.<\/p>\n\n\n\n<p>Fonte R7<\/p>\n","protected":false},"excerpt":{"rendered":"<p>Segundo a Casa Branca, o gesto foi uma demonstra\u00e7\u00e3o de \u2018unidade bipartid\u00e1ria\u2019, como na \u00e9poca do 11\/9 O presidente dos Estados Unidos, Joe Biden, foi fotografada usando um bon\u00e9 de apoio a Donald Trump, nesta quarta-feira (11). Biden foi registrado sorrindo com o acess\u00f3rio, enquanto participava de um evento em mem\u00f3ria dos atentados de 11\/9, [&hellip;]<\/p>\n","protected":false},"author":8,"featured_media":24418,"comment_status":"closed","ping_status":"open","sticky":false,"template":"","format":"standard","meta":{"rop_custom_images_group":[],"rop_custom_messages_group":[],"rop_publish_now":"initial","rop_publish_now_accounts":[],"rop_publish_now_history":[],"rop_publish_now_status":"pending","footnotes":""},"categories":[212],"tags":[73],"class_list":["post-24417","post","type-post","status-publish","format-standard","has-post-thumbnail","hentry","category-internacional","tag-featured"],"amp_enabled":true,"_links":{"self":[{"href":"https:\/\/imais.online\/portal\/wp-json\/wp\/v2\/posts\/24417","targetHints":{"allow":["GET"]}}],"collection":[{"href":"https:\/\/imais.online\/portal\/wp-json\/wp\/v2\/posts"}],"about":[{"href":"https:\/\/imais.online\/portal\/wp-json\/wp\/v2\/types\/post"}],"author":[{"embeddable":true,"href":"https:\/\/imais.online\/portal\/wp-json\/wp\/v2\/users\/8"}],"replies":[{"embeddable":true,"href":"https:\/\/imais.online\/portal\/wp-json\/wp\/v2\/comments?post=24417"}],"version-history":[{"count":1,"href":"https:\/\/imais.online\/portal\/wp-json\/wp\/v2\/posts\/24417\/revisions"}],"predecessor-version":[{"id":24419,"href":"https:\/\/imais.online\/portal\/wp-json\/wp\/v2\/posts\/24417\/revisions\/24419"}],"wp:featuredmedia":[{"embeddable":true,"href":"https:\/\/imais.online\/portal\/wp-json\/wp\/v2\/media\/24418"}],"wp:attachment":[{"href":"https:\/\/imais.online\/portal\/wp-json\/wp\/v2\/media?parent=24417"}],"wp:term":[{"taxonomy":"category","embeddable":true,"href":"https:\/\/imais.online\/portal\/wp-json\/wp\/v2\/categories?post=24417"},{"taxonomy":"post_tag","embeddable":true,"href":"https:\/\/imais.online\/portal\/wp-json\/wp\/v2\/tags?post=24417"}],"curies":[{"name":"wp","href":"https:\/\/api.w.org\/{rel}","templated":true}]}}