{"id":24425,"date":"2024-09-13T06:52:03","date_gmt":"2024-09-13T09:52:03","guid":{"rendered":"https:\/\/imais.online\/portal\/?p=24425"},"modified":"2024-09-13T06:52:04","modified_gmt":"2024-09-13T09:52:04","slug":"hq-fest-acontece-neste-sabado-14-no-shopping-jaragua-indaiatuba","status":"publish","type":"post","link":"https:\/\/imais.online\/portal\/hq-fest-acontece-neste-sabado-14-no-shopping-jaragua-indaiatuba\/","title":{"rendered":"HQ Fest acontece neste s\u00e1bado (14) no Shopping Jaragu\u00e1 Indaiatuba"},"content":{"rendered":"<div class=\"imais-before-content-placement\" id=\"imais-3530408767\"><script async src=\"\/\/pagead2.googlesyndication.com\/pagead\/js\/adsbygoogle.js?client=ca-pub-8787528412751566\" crossorigin=\"anonymous\"><\/script><ins class=\"adsbygoogle\" style=\"display:block;\" data-ad-client=\"ca-pub-8787528412751566\" \ndata-ad-slot=\"\" \ndata-ad-format=\"auto\"><\/ins>\n<script> \n(adsbygoogle = window.adsbygoogle || []).push({}); \n<\/script>\n<\/div>\n<p class=\"has-text-align-center\"><em>Bruno Zago, autor da HQ OGIVA e editor da Pipoca &amp; Nanquim, \u00e9 presen\u00e7a confirmada no evento, que acontece das 10 \u00e0s 19h, com entrada gratuita<\/em><\/p>\n\n\n\n<p>A sexta edi\u00e7\u00e3o da HQ Fest acontece no s\u00e1bado, 14 de setembro, no Shopping Jaragu\u00e1 Indaiatuba, com a presen\u00e7a confirmada de 50 artistas e a quadrinista e ilustradora L\u00edgia Zanella como convidada especial. Mas as novidades n\u00e3o param por a\u00ed: Bruno Zago, s\u00f3cio da Pipoca &amp; Nanquim, uma das mais importantes editoras nacionais da atualidade, e roteirista da HQ OGIVA, que chega ainda em 2024 ao cinemas, ap\u00f3s ter sido gravada em Indaiatuba em parceria com a Monolito Produ\u00e7\u00f5es, \u00e9 presen\u00e7a confirmada no evento. Confira abaixo a programa\u00e7\u00e3o completa.<\/p>\n\n\n\n<p>\u201cA HQ Fest recebe convidados especiais todos os anos e em 2024, al\u00e9m da L\u00edgia Zanella, teremos tamb\u00e9m a presen\u00e7a de Bruno Zago, da Pipoca &amp; Nanquim, que vem trazer novidades da editora e do <em>live-action <\/em>de OGIVA, que estreia em breve\u201d, revela o quadrinista Moacir Torres, do Est\u00fadio EMT, criador e realizador da HQ Fest.<\/p>\n\n\n\n<p>\u201cPara o Shopping Jaragu\u00e1, \u00e9 sempre especial receber eventos como a HQ Fest, que re\u00fane fam\u00edlia inteiras para celebrar a cultura geek. Em 2024, esperamos um p\u00fablico estimado de quatro mil pessoas ao longo do dia 14 de setembro\u201d, destaca Fernando Loggar, respons\u00e1vel pelo departamento de marketing empreendimento.<\/p>\n\n\n\n<p><strong>Pipoca &amp; Nanquim<\/strong><\/p>\n\n\n\n<p>A marca Pipoca &amp; Nanquim surgiu em 2009, atrav\u00e9s do canal oficial no YouTube, onde Bruno Zago, Daniel Lopes e Alexandre Callari publicavam v\u00eddeos todas as quartas, sextas e domingos, cheios de informa\u00e7\u00e3o e entretenimento, com o objetivo de debater quadrinhos, livros, filmes, s\u00e9ries e games de um jeito bastante irreverente.<\/p>\n\n\n\n<p>A editora Pipoca &amp; Nanquim nasceu em maio de 2017 como uma extens\u00e3o direta do trabalho feito pelo trio em seu canal hom\u00f4nimo no YouTube, com a miss\u00e3o de responder uma simples pergunta: como tantas excelentes HQs, de autores t\u00e3o incr\u00edveis, n\u00e3o s\u00e3o publicadas no Brasil? O amor pelos quadrinhos e o respeito pelos f\u00e3s colecionadores s\u00e3o o eixo da Pipoca &amp; Nanquim, cujo mote \u00e9 prezar pela melhor qualidade gr\u00e1fica e editorial, oferecer uma curadoria cuidadosa de t\u00edtulos e promover o crescimento do mercado.<\/p>\n\n\n\n<p>Em 2020, a Pipoca &amp; Nanquim lan\u00e7ou seu selo de quadrinhos nacionais e originais, com a chegada de OGIVA, escrito por Bruno Zago e ilustrada por Guilherme Petreca, que em breve ganhar\u00e1 um longa-metragem nos cinemas, contando detalhes do que ocorreu antes dos acontecimentos vistos na hist\u00f3ria em quadrinhos.<\/p>\n\n\n\n<p>Realizado em parceria com a Monolito Produ\u00e7\u00f5es, o filme chega em breve aos cinemas. \u201cPara n\u00f3s, da Monolito Produ\u00e7\u00f5es, foi uma honra participar deste projeto, j\u00e1 que somos f\u00e3s do material produzido por Bruno Zago e Guilherme Petreca na HQ\u201d, ressalta o diretor Cadu Rosenfeld. \u201cFoi um verdadeiro sonho realizado. E melhor ainda, inteiramente gravado em Indaiatuba, nossa casa\u201d.<\/p>\n\n\n\n<p>\u201cEstarei na HQ Fest para trazer um pouco dos projetos da editora Pipoca &amp; Nanquim e tamb\u00e9m para falar, junto com o pessoal da Monolito Produ\u00e7\u00f5es, sobre o que vem por a\u00ed no longa-metragem de OGIVA. Est\u00e3o todos convidados\u201d, convida Bruno Zago. O Mais informa\u00e7\u00f5es sobre a editora est\u00e3o em <a href=\"http:\/\/www.pipocaenanquim.com.br\">www.pipocaenanquim.com.br<\/a>.<\/p>\n\n\n\n<p>Outra novidade para o p\u00fablico \u00e9 o show da banda Acoustic Four, que conta com Cintia Krahumbuhl nos vocais, Dainel Dimenor Bonome no baixo, Cristiano Silva no viol\u00e3o e Paulo Gomes na percuss\u00e3o, que se apresenta \u00e0s 13h na Pra\u00e7a de Alimenta\u00e7\u00e3o. Vale lembrar que Paulo \u00e9 tamb\u00e9m artista respons\u00e1vel pela MCL Est\u00fadio, que exp\u00f5e uma escultura do Alien no Shopping Jaragu\u00e1 Indaiatuba e levar\u00e1 mais novidades para a HQ Fest.<\/p>\n\n\n\n<p><\/p>\n\n\n\n<p><strong>Lan\u00e7amento<\/strong><\/p>\n\n\n\n<p>Lan\u00e7ada em 2012 como livro infanto-juvenil, <em>Crescer na Terra do Nunca <\/em>\u00e9 a obra que mais fez sucesso entre os 11 que a escritora Anna Osta produziu ao longo da sua carreira. Para celebrar, ela se uniu ao ilustrador Laudo Ferreira, que tamb\u00e9m adaptou o texto, para lan\u00e7ar a obra em quadrinhos pela Mirarte Editora, com lan\u00e7amento marcado na HQ Fest Indaiatuba.<\/p>\n\n\n\n<p>Durante o evento, o livro estar\u00e1 \u00e0 venda com 30% de desconto no quiosque da Mirarte, onde Anna e Laudo receber\u00e3o seus f\u00e3s. Tr\u00eas modelos caracterizados como Jo\u00e3o, Bel e Pedro, os personagens principais do livro, circular\u00e3o pelo shopping, interagindo com o p\u00fablico para proporcionar uma experi\u00eancia mais divertida.<\/p>\n\n\n\n<p><em>Crescer na Terra do Nunca<\/em> em HQ usa a ic\u00f4nica Terra do Nunca do livro Peter Pan como met\u00e1fora para o escapismo t\u00edpico da adolesc\u00eancia. A narrativa conta a hist\u00f3ria de Jo\u00e3o, adolescente introspectivo que se refugia na fam\u00edlia de seu melhor amigo, Pedro. Em uma viagem de f\u00e9rias ao litoral, ele vai para a &#8220;Terra do Nunca&#8221;.<\/p>\n\n\n\n<p>Tudo acontece de forma muito diferente do que ele imaginava. N\u00e3o h\u00e1 fadas, piratas ou garotos perdidos. Em vez disso, ele descobre que crescer e enfrentar os desafios da vida constituem a aventura mais corajosa de todas. A publica\u00e7\u00e3o visa orientar adolescentes sobre medo, experi\u00eancias amorosas e escolha da profiss\u00e3o.<\/p>\n\n\n\n<p>A inten\u00e7\u00e3o de Anna Osta com <em>Crescer na Terra do Nunca<\/em> em HQ \u00e9 oferecer um livro com informa\u00e7\u00f5es importantes para os adolescentes nessa fase da vida. \u201cEu queria ter lido um livro assim na minha adolesc\u00eancia. Fiquei t\u00e3o feliz com o tra\u00e7o do Laudo e com o resultado alcan\u00e7ado pela Mirarte. Para mim, \u00e9 uma obra de arte\u201d, ressalta.<\/p>\n\n\n\n<p>O livro tem adapta\u00e7\u00e3o e ilustra\u00e7\u00e3o de Laudo Ferreira, coloriza\u00e7\u00e3o de Thaynan Lana e consultoria pedag\u00f3gica de Vanderlei Jorand, com produ\u00e7\u00e3o editorial de Rose Ferrari e impress\u00e3o da Mirarte Editora.<\/p>\n\n\n\n<p><strong>Concurso de Cosplay<\/strong><\/p>\n\n\n\n<p>Emulando os grandes eventos geek da atualidade, a HQ Fest contar\u00e1 ainda Desfile de Cosplay, com premia\u00e7\u00f5es oferecidas pela Canson do Brasil, sediada em Indaiatuba. O desfile ser\u00e1 dividido em duas categorias: Infantil (at\u00e9 14 anos) e P\u00fablico Geral (15 anos ou mais).<\/p>\n\n\n\n<p>Os jurados do concurso ser\u00e3o o Casal Warrior (@casalwarrior), formado por Giorgia Isabel e Paulo Alecrim, cosplayers h\u00e1 mais de sete anos; Nekojub (@nekojub_), estudante de Letras, wigmaker e cosplayer desde 2019, foi primeiro lugar no concurso da MEGA CAF (Campinas Anime Fest) em 2023; e Alex Fernando Ayala (alex_fer91), figura de destaque no universo dos cosplayers e vencedor do concurso do HQ Fest em 2018.<\/p>\n\n\n\n<p><strong>HQ FEST 2024 &#8211; PROGRAMA\u00c7\u00c3O<\/strong><\/p>\n\n\n\n<p>10h \u2013 Abertura Oficial da 6\u00aa edi\u00e7\u00e3o da HQ Fest<\/p>\n\n\n\n<p>11h \u2013 Ligia Zanella: lan\u00e7amento de <em>Calendar<\/em>, da Editora JBC, e painel<\/p>\n\n\n\n<p><em>Atua\u00e7\u00e3o das Mulheres no Mercado dos Quadrinhos<\/em><\/p>\n\n\n\n<p>12h \u2013 Pedro Mauro: lan\u00e7amento da revista <em>TEX<\/em> no Brasil e sua trajet\u00f3ria de sucesso nos quadrinhos<\/p>\n\n\n\n<p>13h \u2013 Banda Acoustic Four<\/p>\n\n\n\n<p>14h \u2013 Painel com Bruno Zago, da editora Pipoca &amp; Nanquim<\/p>\n\n\n\n<p>15h \u2013 Painel com diretor Cadu Rosenfeld e equipe da Monolito Produ\u00e7\u00f5es sobre o longa-metragem <em>live-action<\/em> <em>OGIVA<\/em>, da Editora Pipoca &amp; Nanquim<\/p>\n\n\n\n<p>16h \u2013 Lan\u00e7amento oficial da HQ <em>Crescer na Terra do Nunca<\/em>, da Editora Mirarte, com a escritora Anna Osta e o quadrinhista Laudo Ferreira<\/p>\n\n\n\n<p>17h \u2013 Desfile de Cosplay com premia\u00e7\u00f5es da Canson do Brasil nas categorias Adulto e Infantojuvenil com j\u00fari t\u00e9cnico<\/p>\n\n\n\n<p><strong>HQ Fest 2024<\/strong><\/p>\n\n\n\n<p>Data: 14 de setembro<br>Hor\u00e1rio: 10h \u00e0s 18h<br>Local: Shopping Jaragu\u00e1 Indaiatuba<br>Endere\u00e7o: Rua 15 de Novembro, 1,200, Centro<\/p>\n\n\n\n<p>Atividades: bate-papo com quadrinistas; exposi\u00e7\u00e3o e venda de hist\u00f3rias em quadrinhos; desfile de cosplayers e workshops<br>Informa\u00e7\u00f5es: www.hqfest.com.br<br>Aberta ao p\u00fablico e com entrada gratuita<\/p>\n\n\n\n<p><strong>PATROCINADORES<\/strong><\/p>\n\n\n\n<p>Editora Mirarte<br>Projeto For\u00e7a BR<br>Canson Brasil<br>Shopping Jaragu\u00e1 Indaiatuba<\/p>\n\n\n\n<p><strong>APOIADORES<\/strong><\/p>\n\n\n\n<p>Top\u00e1zio Cinemas<br>EPGrupo<br>MCL Studio<br>Nerd Interior<br>R\u00e1dio Jornal Indaiatuba<\/p>\n\n\n\n<p><strong>PARTICIPANTES CONFIRMADOS<\/strong><\/p>\n\n\n\n<p>01 \u2013 Ligia Zanella @ligiazanella<\/p>\n\n\n\n<p>02 \u2013 Pedro Mauro @pedromauroart<\/p>\n\n\n\n<p>03 \u2013 Marcel Bartholo @marcelbartholo<\/p>\n\n\n\n<p>04 \u2013 Lais Braga @lais.eduardoart<\/p>\n\n\n\n<p>05 \u2013 Mariana Tiye Sakaki Smit @dinorumi.craft<\/p>\n\n\n\n<p>06 \u2013 Claudia Akemi Ito @tabbycat_ink<\/p>\n\n\n\n<p>07 \u2013 Victoria Bracco @_vilusivi<\/p>\n\n\n\n<p>08 \u2013 Yugi Leonardo Ono @yugilono.art<\/p>\n\n\n\n<p>09 \u2013 Gabriela Mei Murakami @dodominart<\/p>\n\n\n\n<p>10 \u2013 Carlos Baku @carlos_baku<\/p>\n\n\n\n<p>11 \u2013 Vitor Rodrigues @demon0n0<\/p>\n\n\n\n<p>12 \u2013 Leonardo Pascoal @ljpascoal<\/p>\n\n\n\n<p>13 \u2013 Yara de Mauro @galghera.orld<\/p>\n\n\n\n<p>14 \u2013 Guilherme Feliciano de Oliveira<\/p>\n\n\n\n<p>15 \u2013 Fabio Ruiz @frstudio.decor<\/p>\n\n\n\n<p>16 \u2013 Lisa Miho Ito @arte.misaly<\/p>\n\n\n\n<p>17 \u2013 Marcela Nohama @marisolmaryline<\/p>\n\n\n\n<p>18 \u2013 Bianca Bruzzese @milkaa.biscuit<\/p>\n\n\n\n<p>19 \u2013 Rogerio Ferraz @rogerioferraz7<\/p>\n\n\n\n<p>20 \u2013 Valentina Fortes Manzini @ilustra.vavis<\/p>\n\n\n\n<p>21 \u2013 Thais Bulh\u00f5es da Silva @taiyakii_<\/p>\n\n\n\n<p>22 \u2013 Gabriela Carretto @lelacarretto<\/p>\n\n\n\n<p>23 \u2013 Caroline Carretto @carolcarretto<\/p>\n\n\n\n<p>24 \u2013 Juan Pablo Almeida Oliveira @pablitu.zzz<\/p>\n\n\n\n<p>25 \u2013 Regis Rocha @afrodinamic<\/p>\n\n\n\n<p>26 \u2013 Mauricio Owada Souza @mauricio.owada<\/p>\n\n\n\n<p>27 \u2013 Patricia Pereira Oliveira (Patynha Dice) @patynhadice<\/p>\n\n\n\n<p>28 \u2013 Veronica Mayol @xmeglex<\/p>\n\n\n\n<p>29 \u2013 Fabio Mikk @art_by_fabio_mikk<\/p>\n\n\n\n<p>30 \u2013 Nilson Felix @nilsonfellixcartuns<\/p>\n\n\n\n<p>31 \u2013 Gabriela Magri (Gabi Magri) @dreamer.ecriativo<\/p>\n\n\n\n<p>32 \u2013 Matheus Jorge Rosa Pereira @poposalto<\/p>\n\n\n\n<p>33 \u2013 Henrique Domingos Melo @meloodramatico<\/p>\n\n\n\n<p>34 \u2013 Nickolas Peres Zanini @nick.peresautor<\/p>\n\n\n\n<p>35 \u2013 Daniel Saks (Ink&amp;Blood Comics)<\/p>\n\n\n\n<p>36 \u2013 Marco Lesko @marco_lesko<\/p>\n\n\n\n<p>37 \u2013 Marcos Macedo<\/p>\n\n\n\n<p>38 \u2013 Juan Diego Silva Moreno @Drjuansilvablue<\/p>\n\n\n\n<p>39 \u2013 Vit\u00f3ria Amaral (Vikki) @vikkisonfire<\/p>\n\n\n\n<p>40 \u2013 Jairo Moreno @jairomorenoilustrador<\/p>\n\n\n\n<p>41 \u2013 Aya Andrade @aia_andrade<\/p>\n\n\n\n<p>42 \u2013 Flavio Artteiro @aresocao<\/p>\n\n\n\n<p>43 \u2013 Rafaella Vecchiato Fabri @koai.shop<\/p>\n\n\n\n<p>44 \u2013 Lillo Parra @lilloparra.bd<\/p>\n\n\n\n<p>45 \u2013 Paula Mya @paula.mya<\/p>\n\n\n\n<p>46 \u2013 Pedro Corin @apenasumpedro<\/p>\n\n\n\n<p>47 \u2013 Sun Sugiyama @junraiya<\/p>\n\n\n\n<p>48 \u2013 Lucas Matheus Santos<br><br>49 \u2013 Marcos Venceslau<br><br>50 \u2013 Carlos Ramalho<\/p>\n\n\n\n<p><\/p>\n\n\n\n<p><strong>Sobre o Shopping Jaragu\u00e1 Indaiatuba<\/strong><\/p>\n\n\n\n<p>O Shopping Jaragu\u00e1 Indaiatuba \u00e9 uma empresa do Grupo Sol Panamby e administrado pela WE9, inaugurado em 1993, \u00e9 o destino preferido das fam\u00edlias em um ambiente confort\u00e1vel e seguro, conta com uma infraestrutura completa, com mix de lojas diversificado, estacionamento, pra\u00e7a de alimenta\u00e7\u00e3o com v\u00e1rias op\u00e7\u00f5es gastron\u00f4micas, al\u00e9m de opera\u00e7\u00f5es de servi\u00e7os e de lazer<\/p>\n\n\n\n<p>Endere\u00e7o: Rua Quinze de Novembro, 1.200, Centro.<br>Informa\u00e7\u00f5es: (19) 3875-8933<br>Site: <a href=\"http:\/\/www.shoppingjaragua.com.br\/indaiatuba\">www.shoppingjaragua.com.br\/indaiatuba<\/a><\/p>\n","protected":false},"excerpt":{"rendered":"<p>Bruno Zago, autor da HQ OGIVA e editor da Pipoca &amp; Nanquim, \u00e9 presen\u00e7a confirmada no evento, que acontece das 10 \u00e0s 19h, com entrada gratuita A sexta edi\u00e7\u00e3o da HQ Fest acontece no s\u00e1bado, 14 de setembro, no Shopping Jaragu\u00e1 Indaiatuba, com a presen\u00e7a confirmada de 50 artistas e a quadrinista e ilustradora L\u00edgia [&hellip;]<\/p>\n","protected":false},"author":7,"featured_media":24426,"comment_status":"closed","ping_status":"open","sticky":false,"template":"","format":"standard","meta":{"rop_custom_images_group":[],"rop_custom_messages_group":[],"rop_publish_now":"initial","rop_publish_now_accounts":[],"rop_publish_now_history":[],"rop_publish_now_status":"pending","footnotes":""},"categories":[188],"tags":[],"class_list":["post-24425","post","type-post","status-publish","format-standard","has-post-thumbnail","hentry","category-indaiatuba"],"amp_enabled":true,"_links":{"self":[{"href":"https:\/\/imais.online\/portal\/wp-json\/wp\/v2\/posts\/24425","targetHints":{"allow":["GET"]}}],"collection":[{"href":"https:\/\/imais.online\/portal\/wp-json\/wp\/v2\/posts"}],"about":[{"href":"https:\/\/imais.online\/portal\/wp-json\/wp\/v2\/types\/post"}],"author":[{"embeddable":true,"href":"https:\/\/imais.online\/portal\/wp-json\/wp\/v2\/users\/7"}],"replies":[{"embeddable":true,"href":"https:\/\/imais.online\/portal\/wp-json\/wp\/v2\/comments?post=24425"}],"version-history":[{"count":1,"href":"https:\/\/imais.online\/portal\/wp-json\/wp\/v2\/posts\/24425\/revisions"}],"predecessor-version":[{"id":24427,"href":"https:\/\/imais.online\/portal\/wp-json\/wp\/v2\/posts\/24425\/revisions\/24427"}],"wp:featuredmedia":[{"embeddable":true,"href":"https:\/\/imais.online\/portal\/wp-json\/wp\/v2\/media\/24426"}],"wp:attachment":[{"href":"https:\/\/imais.online\/portal\/wp-json\/wp\/v2\/media?parent=24425"}],"wp:term":[{"taxonomy":"category","embeddable":true,"href":"https:\/\/imais.online\/portal\/wp-json\/wp\/v2\/categories?post=24425"},{"taxonomy":"post_tag","embeddable":true,"href":"https:\/\/imais.online\/portal\/wp-json\/wp\/v2\/tags?post=24425"}],"curies":[{"name":"wp","href":"https:\/\/api.w.org\/{rel}","templated":true}]}}