{"id":24428,"date":"2024-09-13T06:55:51","date_gmt":"2024-09-13T09:55:51","guid":{"rendered":"https:\/\/imais.online\/portal\/?p=24428"},"modified":"2024-09-13T06:55:52","modified_gmt":"2024-09-13T09:55:52","slug":"projeto-historias-sobre-o-vento-reune-oito-curtas-metragens","status":"publish","type":"post","link":"https:\/\/imais.online\/portal\/projeto-historias-sobre-o-vento-reune-oito-curtas-metragens\/","title":{"rendered":"Projeto \u2018Hist\u00f3rias Sobre o Vento\u2019 re\u00fane oito curtas-metragens"},"content":{"rendered":"<div class=\"imais-before-content-placement\" id=\"imais-3282434917\"><script async src=\"\/\/pagead2.googlesyndication.com\/pagead\/js\/adsbygoogle.js?client=ca-pub-8787528412751566\" crossorigin=\"anonymous\"><\/script><ins class=\"adsbygoogle\" style=\"display:block;\" data-ad-client=\"ca-pub-8787528412751566\" \ndata-ad-slot=\"\" \ndata-ad-format=\"auto\"><\/ins>\n<script> \n(adsbygoogle = window.adsbygoogle || []).push({}); \n<\/script>\n<\/div>\n<p class=\"has-text-align-center\"><em>Apresenta\u00e7\u00f5es acontecem dia 19, no cinema de Indaiatuba, dentro da programa\u00e7\u00e3o do Festival de curtas LPG<\/em><\/p>\n\n\n\n<p>Voc\u00ea j\u00e1 ouviu o termo \u2018hist\u00f3rias contadas pelo vento?\u2019 Seja ele manso ou vendaval, sempre tem hist\u00f3rias para contar. Baseado nessa analogia \u00e9 que nasceu o&nbsp;<strong>Hist\u00f3rias Sobre o Vento<\/strong>, projeto que apresenta a s\u00e9rie de&nbsp;<strong>oito curtas-metragens<\/strong>, que integram a programa\u00e7\u00e3o do&nbsp;<strong>Festival de Curtas LPG&nbsp;<\/strong>em Indaiatuba.<\/p>\n\n\n\n<p>Idealizado por&nbsp;<a href=\"https:\/\/www.instagram.com\/umaporvez\/\"><strong>Rafaela Santos<\/strong><\/a>, os poemas descrevem sentimentos e sensa\u00e7\u00f5es da autora em rela\u00e7\u00e3o ao mundo que a cerca, descritos de forma muito particular, utilizando o recurso audiovisual e mesclando Libras e portugu\u00eas. Al\u00e9m disso, conta ainda com um videodocument\u00e1rio que relata todo seu rocesso de produ\u00e7\u00e3o.<\/p>\n\n\n\n<p>Segundo a autora, a escolha do nome se deu devido ao poema inicial, que impulsiomou a sua cria\u00e7\u00e3o. \u201cNeste primeiro poema tentei descrever minha rela\u00e7\u00e3o com o \u2018redemoinho de vento\u2019 que pulsa dentro de mim e que me permite colocar para fora sentimentos que me acompanham. Como o vento, que \u00e9 algo subjetivo &#8211; j\u00e1 que n\u00e3o vemos \u2013 mas que est\u00e1 l\u00e1 porque o sentimos, acho que os poemas conversam muito sobre a forma como as coisas do mundo me perpassam e acredito que muitas pessoas se identificar\u00e3o com estas percep\u00e7\u00f5es\u201d, destaca Rafaela.<\/p>\n\n\n\n<p>A apresenta\u00e7\u00e3o dos curtas<strong>&nbsp;Hist\u00f3rias Sobre o Vento<\/strong>&nbsp;acontece no pr\u00f3ximo dia&nbsp;<strong>19<\/strong>, \u00e0s&nbsp;<strong>19h15<\/strong>, no&nbsp;<strong>Top\u00e1zio Cinemas&nbsp;<\/strong>do&nbsp;<strong>Shopping Jaragu\u00e1<\/strong>, em Indaiatuba (SP), sendo que cada v\u00eddeo-poema tem dura\u00e7\u00e3o m\u00e9dia de tr\u00eas minutos. A&nbsp;<strong>entrada<\/strong>&nbsp;\u00e9<strong>&nbsp;gratuita<\/strong>, e os ingressos podem ser adquiridos neste&nbsp;<a href=\"https:\/\/www.veloxtickets.com\/Portal\/Evento\/cinema\/Indaiatuba\/Festival-de-Curtas-LPG-Lei-Paulo-Gustavo\/59134\/2024-09-13\/Topazio-Cinemas-Jaragua\/JAR\"><strong>link<\/strong><\/a>. No dia da sess\u00e3o ser\u00e3o distribu\u00eddos 250 exemplares do livreto contendo os poemas com imagens do curta.<\/p>\n\n\n\n<p>O projeto&nbsp;<strong>Hist\u00f3ria Sobre o Vento<\/strong>&nbsp;foi contemplado no edital&nbsp;<strong>LPG_01\/2023<\/strong>&nbsp;por interm\u00e9dio de recursos da&nbsp;<a href=\"https:\/\/www.gov.br\/secom\/pt-br\/acesso-a-informacao\/comunicabr\/lista-de-acoes-e-programas\/lei-paulo-gustavo\"><strong>Lei Paulo Gustavo<\/strong><\/a>&nbsp;implementada pelo Governo Federal.<\/p>\n\n\n\n<p><strong>FICHA T\u00c9CNICA<\/strong>&nbsp;Produ\u00e7\u00e3o Cultural: Rafaela Santos | Produ\u00e7\u00e3o dos v\u00eddeos poemas:&nbsp; Rafaela Santos, Isart Silva e Gabriel Nardi &nbsp;| Elenco: Rafaela Santos e Isart Silva | Fotografia, Capta\u00e7\u00e3o de \u00e1udio e edi\u00e7\u00e3o de v\u00eddeo: Gabriel Nardi | Narra\u00e7\u00e3o: Rafaela Santos |Interpreta\u00e7\u00e3o em Libras: Isart Silva | Consultoria de Libras: JP Acciari | Roteiro e cenografia: Rafaela Santos, Isart Silva e Gabriel Nardi | Produ\u00e7\u00e3o do livreto e Projeto gr\u00e1fico: Karoline Marques &nbsp;| Assessoria de Imprensa: Samanta De Martino<\/p>\n\n\n\n<p><strong>SERVI\u00c7O<br>Festival LPG \u2013 Hist\u00f3ria Sobre o Vento<br><\/strong><strong>Data&nbsp;<\/strong>19\/09<strong>&nbsp;l Hor\u00e1rio&nbsp;<\/strong>19h15<br><strong>Local&nbsp;<\/strong>Top\u00e1zio Cinemas &#8211; Shopping Jaragu\u00e1 Indaiatuba &#8211; Rua Quinze de Novembro, 1200 &#8211; Centro &#8211; Indaiatuba (SP<a href=\"https:\/\/maps.app.goo.gl\/k98B55inMA3CoimB9\">)&nbsp;<strong>MAPA AQUI<\/strong><\/a><br><strong>Informa\u00e7\u00f5es<\/strong>&nbsp;clique&nbsp;<a href=\"https:\/\/www.topaziocinemas.com.br\/detalhes\/3380\/festival-de-curtas-lpg\">aqui<\/a><br><strong>Acessibilidade<\/strong>&nbsp;Libras (L\u00edngua Brasileira de Sinais) l Classifica\u00e7\u00e3o Livre<br><strong>Instagram&nbsp;<\/strong>@umaporvez<\/p>\n","protected":false},"excerpt":{"rendered":"<p>Apresenta\u00e7\u00f5es acontecem dia 19, no cinema de Indaiatuba, dentro da programa\u00e7\u00e3o do Festival de curtas LPG Voc\u00ea j\u00e1 ouviu o termo \u2018hist\u00f3rias contadas pelo vento?\u2019 Seja ele manso ou vendaval, sempre tem hist\u00f3rias para contar. Baseado nessa analogia \u00e9 que nasceu o&nbsp;Hist\u00f3rias Sobre o Vento, projeto que apresenta a s\u00e9rie de&nbsp;oito curtas-metragens, que integram a [&hellip;]<\/p>\n","protected":false},"author":7,"featured_media":24429,"comment_status":"closed","ping_status":"open","sticky":false,"template":"","format":"standard","meta":{"rop_custom_images_group":[],"rop_custom_messages_group":[],"rop_publish_now":"initial","rop_publish_now_accounts":[],"rop_publish_now_history":[],"rop_publish_now_status":"pending","footnotes":""},"categories":[188],"tags":[],"class_list":["post-24428","post","type-post","status-publish","format-standard","has-post-thumbnail","hentry","category-indaiatuba"],"amp_enabled":true,"_links":{"self":[{"href":"https:\/\/imais.online\/portal\/wp-json\/wp\/v2\/posts\/24428","targetHints":{"allow":["GET"]}}],"collection":[{"href":"https:\/\/imais.online\/portal\/wp-json\/wp\/v2\/posts"}],"about":[{"href":"https:\/\/imais.online\/portal\/wp-json\/wp\/v2\/types\/post"}],"author":[{"embeddable":true,"href":"https:\/\/imais.online\/portal\/wp-json\/wp\/v2\/users\/7"}],"replies":[{"embeddable":true,"href":"https:\/\/imais.online\/portal\/wp-json\/wp\/v2\/comments?post=24428"}],"version-history":[{"count":1,"href":"https:\/\/imais.online\/portal\/wp-json\/wp\/v2\/posts\/24428\/revisions"}],"predecessor-version":[{"id":24430,"href":"https:\/\/imais.online\/portal\/wp-json\/wp\/v2\/posts\/24428\/revisions\/24430"}],"wp:featuredmedia":[{"embeddable":true,"href":"https:\/\/imais.online\/portal\/wp-json\/wp\/v2\/media\/24429"}],"wp:attachment":[{"href":"https:\/\/imais.online\/portal\/wp-json\/wp\/v2\/media?parent=24428"}],"wp:term":[{"taxonomy":"category","embeddable":true,"href":"https:\/\/imais.online\/portal\/wp-json\/wp\/v2\/categories?post=24428"},{"taxonomy":"post_tag","embeddable":true,"href":"https:\/\/imais.online\/portal\/wp-json\/wp\/v2\/tags?post=24428"}],"curies":[{"name":"wp","href":"https:\/\/api.w.org\/{rel}","templated":true}]}}