{"id":24431,"date":"2024-09-13T07:02:35","date_gmt":"2024-09-13T10:02:35","guid":{"rendered":"https:\/\/imais.online\/portal\/?p=24431"},"modified":"2024-09-13T07:02:36","modified_gmt":"2024-09-13T10:02:36","slug":"funssol-divulga-nova-data-para-a-realizacao-do-concurso-de-miss-e-mister-terceira-idade-2024","status":"publish","type":"post","link":"https:\/\/imais.online\/portal\/funssol-divulga-nova-data-para-a-realizacao-do-concurso-de-miss-e-mister-terceira-idade-2024\/","title":{"rendered":"Funssol divulga nova data para a realiza\u00e7\u00e3o do concurso de Miss e Mister Terceira Idade 2024"},"content":{"rendered":"<div class=\"imais-before-content-placement\" id=\"imais-1849219908\"><script async src=\"\/\/pagead2.googlesyndication.com\/pagead\/js\/adsbygoogle.js?client=ca-pub-8787528412751566\" crossorigin=\"anonymous\"><\/script><ins class=\"adsbygoogle\" style=\"display:block;\" data-ad-client=\"ca-pub-8787528412751566\" \ndata-ad-slot=\"\" \ndata-ad-format=\"auto\"><\/ins>\n<script> \n(adsbygoogle = window.adsbygoogle || []).push({}); \n<\/script>\n<\/div>\n<h3 class=\"wp-block-heading has-text-align-center\">Evento acontece em outubro e, al\u00e9m da data, tamb\u00e9m ocorreu a altera\u00e7\u00e3o do local<\/h3>\n\n\n\n<p>A 24\u00aa edi\u00e7\u00e3o do concurso de&nbsp;Miss&nbsp;e Mister Terceira Idade realizada pelo Fundo Social de Solidariedade (Funssol) mudou de data. Como divulgado anteriormente o evento seria realizado no dia 22 de setembro, mas agora passar\u00e1 a acontecer no dia 27 de outubro. Al\u00e9m da data, tamb\u00e9m houve a altera\u00e7\u00e3o do espa\u00e7o e, ao inv\u00e9s de ocorrer no Centro Integrado de Apoio \u00e0 Educa\u00e7\u00e3o de Indaiatuba (Ciaei) o desfile com a premia\u00e7\u00e3o acontecer\u00e1 no Indaiatuba Clube. J\u00e1 o hor\u00e1rio permanece \u00e0s 19h, com entrada gratuita e aberta ao p\u00fablico.<\/p>\n\n\n\n<p>O evento contar\u00e1 com um desfile cujo tema &nbsp;\u00e9 \u201cN\u00e3o me pare agora\u201d. O objetivo \u00e9 eleger durante a cerim\u00f4nia os representantes das categorias:&nbsp;Miss&nbsp;e Mister Terceira Idade,&nbsp;Miss&nbsp;e Mister Eleg\u00e2ncia e&nbsp;Miss&nbsp;e Mister Simpatia. Ao todo foram recebidas 36 inscri\u00e7\u00f5es, sendo 30 mulheres e seis homens. No dia 17 de maio aconteceu a seletiva, no Centro Comunit\u00e1rio Castelo Branco, classificando para final 20 mulheres para&nbsp;Miss&nbsp;Terceira idade e &nbsp;dois homens, pois quatro candidatos a Mister Terceira Idade desistiram de participar. A sele\u00e7\u00e3o ocorreu de maneira interna sob a responsabilidade da coordena\u00e7\u00e3o do concurso e a comiss\u00e3o de jurados, composta por profissionais da \u00e1rea da m\u00e9dica, beleza e pessoas que est\u00e3o ligadas a \u00e1reas do envelhecimento.<\/p>\n\n\n\n<p>No dia da escolha de&nbsp;Miss&nbsp;e Mister Terceira Idade, tamb\u00e9m ser\u00e3o escolhidos, em setembro, o&nbsp;Miss&nbsp;e Mister Simpatia e&nbsp;Miss&nbsp;e Mister Eleg\u00e2ncia. Os vencedores representar\u00e3o a cidade at\u00e9 outubro de 2025. Os candidatos variam na faixa et\u00e1ria entre 60 e 81 anos. Na ocasi\u00e3o, acontecer\u00e1 o show de intervalo com a banda \u201cBohemian Rock Queen cover\u201d e apresenta\u00e7\u00f5es de dan\u00e7a com o grupo 60+.<\/p>\n\n\n\n<p>Durante o processo do concurso at\u00e9 a data do evento os candidatos realizar\u00e3o v\u00e1rias atividades. Os finalistas ter\u00e3o um dia de fotos, receber\u00e3o dicas de passarela e auto cuidado, bem como, participar\u00e3o de palestra sobre express\u00e3o corporal e autoajuda. Al\u00e9m disso, ser\u00e1 organizada uma viagem, &nbsp;marcados encontros e&nbsp; ensaios semanais para que tudo esteja em harmonia no dia do desfile.<\/p>\n\n\n\n<p>As mulheres finalistas do concurso s\u00e3o: Aurelina Caetana dos Santos, Beatriz Virginia Zegana Ortiz, Claudia Ap\u00aa dos Reis Manzano; Edna Coleone; Josefa Salido Ribeiro; Lori Wazlavick Nunes; Maria da Gl\u00f3ria da Cruz Silva; Maria da Penha; Maria da Silva Bruschi; Maria de Lourdes Brand\u00e3o; Maria Eunice Sena Hort\u00eancia; Maria Irene Rodrigues de Paula Santana; Maria Josiete G Montagnani; Maria L\u00facia Frederico de Souza; Maria Odete da Silva; Maria Romilda de Gouveia Suzuki; Marina dos Santos Negr\u00e3o; Valdira Aparecida Cunha e Valtelice Soares Batista. J\u00e1 os homens s\u00e3o: Edson Henry de Souza&nbsp; e Jo\u00e3o Batista Lopes Neto.<\/p>\n\n\n\n<p><strong>Servi\u00e7o<\/strong><\/p>\n\n\n\n<p><strong>24\u00aa edi\u00e7\u00e3o do&nbsp;<\/strong><strong>Miss<\/strong><strong>&nbsp;e Mister Terceira Idade<\/strong><\/p>\n\n\n\n<p><strong>Data:&nbsp;<\/strong>27 de outubro.<\/p>\n\n\n\n<p><strong>Hor\u00e1rio:&nbsp;<\/strong>19h.<\/p>\n\n\n\n<p><strong>Local:&nbsp;<\/strong>Indaiatuba Clube &#8211;&nbsp;R. Dr. Oswaldo Cruz, 40 &#8211; Jardim Rossignatti, Indaiatuba.<\/p>\n","protected":false},"excerpt":{"rendered":"<p>Evento acontece em outubro e, al\u00e9m da data, tamb\u00e9m ocorreu a altera\u00e7\u00e3o do local A 24\u00aa edi\u00e7\u00e3o do concurso de&nbsp;Miss&nbsp;e Mister Terceira Idade realizada pelo Fundo Social de Solidariedade (Funssol) mudou de data. Como divulgado anteriormente o evento seria realizado no dia 22 de setembro, mas agora passar\u00e1 a acontecer no dia 27 de outubro. [&hellip;]<\/p>\n","protected":false},"author":7,"featured_media":24432,"comment_status":"closed","ping_status":"open","sticky":false,"template":"","format":"standard","meta":{"rop_custom_images_group":[],"rop_custom_messages_group":[],"rop_publish_now":"initial","rop_publish_now_accounts":[],"rop_publish_now_history":[],"rop_publish_now_status":"pending","footnotes":""},"categories":[188],"tags":[],"class_list":["post-24431","post","type-post","status-publish","format-standard","has-post-thumbnail","hentry","category-indaiatuba"],"amp_enabled":true,"_links":{"self":[{"href":"https:\/\/imais.online\/portal\/wp-json\/wp\/v2\/posts\/24431","targetHints":{"allow":["GET"]}}],"collection":[{"href":"https:\/\/imais.online\/portal\/wp-json\/wp\/v2\/posts"}],"about":[{"href":"https:\/\/imais.online\/portal\/wp-json\/wp\/v2\/types\/post"}],"author":[{"embeddable":true,"href":"https:\/\/imais.online\/portal\/wp-json\/wp\/v2\/users\/7"}],"replies":[{"embeddable":true,"href":"https:\/\/imais.online\/portal\/wp-json\/wp\/v2\/comments?post=24431"}],"version-history":[{"count":1,"href":"https:\/\/imais.online\/portal\/wp-json\/wp\/v2\/posts\/24431\/revisions"}],"predecessor-version":[{"id":24433,"href":"https:\/\/imais.online\/portal\/wp-json\/wp\/v2\/posts\/24431\/revisions\/24433"}],"wp:featuredmedia":[{"embeddable":true,"href":"https:\/\/imais.online\/portal\/wp-json\/wp\/v2\/media\/24432"}],"wp:attachment":[{"href":"https:\/\/imais.online\/portal\/wp-json\/wp\/v2\/media?parent=24431"}],"wp:term":[{"taxonomy":"category","embeddable":true,"href":"https:\/\/imais.online\/portal\/wp-json\/wp\/v2\/categories?post=24431"},{"taxonomy":"post_tag","embeddable":true,"href":"https:\/\/imais.online\/portal\/wp-json\/wp\/v2\/tags?post=24431"}],"curies":[{"name":"wp","href":"https:\/\/api.w.org\/{rel}","templated":true}]}}