{"id":24440,"date":"2024-09-15T15:28:51","date_gmt":"2024-09-15T18:28:51","guid":{"rendered":"https:\/\/imais.online\/portal\/?p=24440"},"modified":"2024-09-15T15:28:52","modified_gmt":"2024-09-15T18:28:52","slug":"cadaver-de-santa-morta-em-1582-surpreende-apos-exumacao-pelo-bom-estado-de-conservacao","status":"publish","type":"post","link":"https:\/\/imais.online\/portal\/cadaver-de-santa-morta-em-1582-surpreende-apos-exumacao-pelo-bom-estado-de-conservacao\/","title":{"rendered":"Cad\u00e1ver de santa morta em 1582 surpreende ap\u00f3s exuma\u00e7\u00e3o pelo bom estado de conserva\u00e7\u00e3o"},"content":{"rendered":"<div class=\"imais-before-content-placement\" id=\"imais-3878904995\"><script async src=\"\/\/pagead2.googlesyndication.com\/pagead\/js\/adsbygoogle.js?client=ca-pub-8787528412751566\" crossorigin=\"anonymous\"><\/script><ins class=\"adsbygoogle\" style=\"display:block;\" data-ad-client=\"ca-pub-8787528412751566\" \ndata-ad-slot=\"\" \ndata-ad-format=\"auto\"><\/ins>\n<script> \n(adsbygoogle = window.adsbygoogle || []).push({}); \n<\/script>\n<\/div>\n<h2 class=\"wp-block-heading\">Mesmo sem ser embalsado, o corpo de Santa Teresa de \u00c1vila n\u00e3o se decomp\u00f4s<\/h2>\n\n\n\n<p>Um t\u00famulo de uma santa cat\u00f3lica medieval foi aberto no m\u00eas passado, causando grande surpresa aos que viram os restos mortais, por causa do seu bom estado de conserva\u00e7\u00e3o.<\/p>\n\n\n\n<p>Em um comunicado \u00e0 imprensa no fim de agosto, a Diocese de \u00c1vila (Espanha) anunciou a recente abertura do t\u00famulo de Santa Teresa de Jesus, tamb\u00e9m conhecida como Santa Teresa de \u00c1vila, uma freira carmelita descal\u00e7a que morreu em 1582.<\/p>\n\n\n\n<p>O t\u00famulo cont\u00e9m a maior parte do cad\u00e1ver de Santa Teresa e, segundo a diocese, &#8220;permaneceu incorrupto (na religi\u00e3o cat\u00f3lica, um corpo incorrupto \u00e9 um corpo humano que n\u00e3o se decomp\u00f5e ap\u00f3s a morte, sem que tenha sido embalsamado) desde 1582&#8221;.<\/p>\n\n\n\n<p>Um grupo de freiras, monges e padres carmelitas descal\u00e7os abriu seu t\u00famulo como parte de um processo complexo para estudar as rel\u00edquias do cora\u00e7\u00e3o e de membros de Santa Teresa.<\/p>\n\n\n\n<p>&#8220;O processo para chegar \u00e0 urna de prata que o corpo de Santa Teresa tem \u00e9 muito complexo&#8221;, afirma o comunicado. Primeiro, a laje de m\u00e1rmore do t\u00famulo teve que ser removida. Mais tarde, na sala preparada para os estudos aos quais as principais rel\u00edquias da Santa ser\u00e3o submetidas \u2013 e somente com a presen\u00e7a da equipe m\u00e9dica cient\u00edfica e dos membros do tribunal eclesi\u00e1stico \u2013 o t\u00famulo de prata foi aberto&#8221;, acrescentou o documento.<\/p>\n\n\n\n<figure class=\"wp-block-image\"><img decoding=\"async\" src=\"https:\/\/s2-extra.glbimg.com\/ZWf-KERkNSGejcOqaE6Vx8Dv4Zc=\/0x0:624x351\/984x0\/smart\/filters:strip_icc()\/i.s3.glbimg.com\/v1\/AUTH_1f551ea7087a47f39ead75f64041559a\/internal_photos\/bs\/2024\/R\/1\/gVzZrWS9qMLXxGHkXtRA\/blog-teresa-avila.jpg\" alt=\"Cad\u00e1ver de santa morta em 1582 surpreende ap\u00f3s exuma\u00e7\u00e3o pelo bom estado de conserva\u00e7\u00e3o \u2014 Foto: Divulga\u00e7\u00e3o\/Diocese de \u00c1vila\"\/><\/figure>\n\n\n\n<p class=\"has-small-font-size\">Cad\u00e1ver de santa morta em 1582 surpreende ap\u00f3s exuma\u00e7\u00e3o pelo bom estado de conserva\u00e7\u00e3o \u2014 Foto: Divulga\u00e7\u00e3o\/Diocese de \u00c1vila<\/p>\n\n\n\n<figure class=\"wp-block-image\"><img decoding=\"async\" src=\"https:\/\/s2-extra.glbimg.com\/n8b_fOubAR2sWHZ22duWnmkDqBY=\/0x0:445x274\/984x0\/smart\/filters:strip_icc()\/i.s3.glbimg.com\/v1\/AUTH_1f551ea7087a47f39ead75f64041559a\/internal_photos\/bs\/2024\/j\/2\/O4jGHMQ7eZYzJL9T1L5w\/blog-teresa-1914.jpg\" alt=\"Cabe\u00e7a de Santa Teresa de \u00c1vila em 1914 \u2014 Foto: Reprodu\u00e7\u00e3o\"\/><\/figure>\n\n\n\n<p class=\"has-small-font-size\">Cabe\u00e7a de Santa Teresa de \u00c1vila em 1914 \u2014 Foto: Reprodu\u00e7\u00e3o<\/p>\n\n\n\n<figure class=\"wp-block-image\"><img decoding=\"async\" src=\"https:\/\/s2-extra.glbimg.com\/0LcCgaOX2a_Ho7_2evqBNjn_ju4=\/0x0:507x694\/984x0\/smart\/filters:strip_icc()\/i.s3.glbimg.com\/v1\/AUTH_1f551ea7087a47f39ead75f64041559a\/internal_photos\/bs\/2024\/o\/x\/bS1zmVSK2CxaAP5URjyg\/blog-teresa-reliquia.jpg\" alt=\"Corpo de Santa Teresa de \u00c1vila, exumado em 1914 \u2014 Foto: Reprodu\u00e7\u00e3o\/Facebook\"\/><\/figure>\n\n\n\n<p class=\"has-small-font-size\">Corpo de Santa Teresa de \u00c1vila, exumado em 1914 \u2014 Foto: Reprodu\u00e7\u00e3o\/Facebook<\/p>\n\n\n\n<p>De acordo com o padre Marco Chiesa, os restos mortais da santa foram preservados notavelmente bem.<\/p>\n\n\n\n<p>Os carmelitas descal\u00e7os consultaram as fotografias de 1914, ano em que o t\u00famulo foi aberto pela primeira vez, do cad\u00e1ver da santa para ver se a condi\u00e7\u00e3o f\u00edsica do corpo de Teresa havia mudado.<\/p>\n\n\n\n<p>A diocese explicou que o evento ocorreu como parte do reconhecimento can\u00f4nico dos restos mortais da santa, solicitado ao Vaticano em 1\u00ba de julho pelo bispo de Salamanca, Luis Retana, com autoriza\u00e7\u00e3o concedida pelo Papa Francisco por meio do Dicast\u00e9rio para as Causas dos Santos.<\/p>\n\n\n\n<figure class=\"wp-block-image\"><img decoding=\"async\" src=\"https:\/\/s2-extra.glbimg.com\/9BvsF5SbWsYJUDlIaoxY7DZ2QUQ=\/0x0:320x417\/984x0\/smart\/filters:strip_icc()\/i.s3.glbimg.com\/v1\/AUTH_1f551ea7087a47f39ead75f64041559a\/internal_photos\/bs\/2024\/f\/J\/VC9NtOSBOQA2DBX1HpBg\/blog-teresa-santa.jpg\" alt=\"Santa Teresa de \u00c1vila \u2014 Foto: Reprodu\u00e7\u00e3o\"\/><\/figure>\n\n\n\n<p class=\"has-small-font-size\">Santa Teresa de \u00c1vila \u2014 Foto: Reprodu\u00e7\u00e3o<\/p>\n\n\n\n<p>Nascida na Espanha em 1515, Tereza de Cepeda e Ahumada tamb\u00e9m foi uma m\u00edstica e escritora de ascend\u00eancia judaica, reconhecida tanto por sua contribui\u00e7\u00e3o \u00e0 espiritualidade cat\u00f3lica quanto \u00e0 literatura espanhola. Ainda jovem, gostava de ler hist\u00f3rias de santos, chegando a fugir de casa com seu irm\u00e3o para tentar evangelizar mouros. Seu pai n\u00e3o queria que Teresa se tornasse religiosa, mas com 20 anos ela &#8220;fugiu&#8221; para o Convento Carmelita da Encarna\u00e7\u00e3o, em \u00c1vila.<\/p>\n\n\n\n<p>&#8220;Que nada te perturbe, que nada te assuste. Tudo passa, Deus n\u00e3o muda. A paci\u00eancia alcan\u00e7a tudo. Quem tem Deus n\u00e3o lhe falta nada. S\u00f3 Deus basta&#8221;, escreveu a religiosa. Sua obra pregava a &#8220;fidelidade total&#8221; \u00e0 Igreja. Ela fundou v\u00e1rios conventos (32 mosteiros, 17 femininos e 15 masculinos), com uma r\u00edgida forma de vida, trabalho e sil\u00eancio.<\/p>\n\n\n\n<p>Santa Teresa morreu no dia 4 de outubro de 1582, com 67 anos. Ela foi canonizada no dia 27 de setembro de 1970, pelo Papa Paulo Vl.<\/p>\n\n\n\n<p>Fonte Extra <\/p>\n","protected":false},"excerpt":{"rendered":"<p>Mesmo sem ser embalsado, o corpo de Santa Teresa de \u00c1vila n\u00e3o se decomp\u00f4s Um t\u00famulo de uma santa cat\u00f3lica medieval foi aberto no m\u00eas passado, causando grande surpresa aos que viram os restos mortais, por causa do seu bom estado de conserva\u00e7\u00e3o. Em um comunicado \u00e0 imprensa no fim de agosto, a Diocese de [&hellip;]<\/p>\n","protected":false},"author":8,"featured_media":24441,"comment_status":"closed","ping_status":"open","sticky":false,"template":"","format":"standard","meta":{"rop_custom_images_group":[],"rop_custom_messages_group":[],"rop_publish_now":"initial","rop_publish_now_accounts":[],"rop_publish_now_history":[],"rop_publish_now_status":"pending","footnotes":""},"categories":[212],"tags":[],"class_list":["post-24440","post","type-post","status-publish","format-standard","has-post-thumbnail","hentry","category-internacional"],"amp_enabled":true,"_links":{"self":[{"href":"https:\/\/imais.online\/portal\/wp-json\/wp\/v2\/posts\/24440","targetHints":{"allow":["GET"]}}],"collection":[{"href":"https:\/\/imais.online\/portal\/wp-json\/wp\/v2\/posts"}],"about":[{"href":"https:\/\/imais.online\/portal\/wp-json\/wp\/v2\/types\/post"}],"author":[{"embeddable":true,"href":"https:\/\/imais.online\/portal\/wp-json\/wp\/v2\/users\/8"}],"replies":[{"embeddable":true,"href":"https:\/\/imais.online\/portal\/wp-json\/wp\/v2\/comments?post=24440"}],"version-history":[{"count":1,"href":"https:\/\/imais.online\/portal\/wp-json\/wp\/v2\/posts\/24440\/revisions"}],"predecessor-version":[{"id":24442,"href":"https:\/\/imais.online\/portal\/wp-json\/wp\/v2\/posts\/24440\/revisions\/24442"}],"wp:featuredmedia":[{"embeddable":true,"href":"https:\/\/imais.online\/portal\/wp-json\/wp\/v2\/media\/24441"}],"wp:attachment":[{"href":"https:\/\/imais.online\/portal\/wp-json\/wp\/v2\/media?parent=24440"}],"wp:term":[{"taxonomy":"category","embeddable":true,"href":"https:\/\/imais.online\/portal\/wp-json\/wp\/v2\/categories?post=24440"},{"taxonomy":"post_tag","embeddable":true,"href":"https:\/\/imais.online\/portal\/wp-json\/wp\/v2\/tags?post=24440"}],"curies":[{"name":"wp","href":"https:\/\/api.w.org\/{rel}","templated":true}]}}