{"id":24477,"date":"2024-09-18T09:12:37","date_gmt":"2024-09-18T12:12:37","guid":{"rendered":"https:\/\/imais.online\/portal\/?p=24477"},"modified":"2024-09-18T09:12:38","modified_gmt":"2024-09-18T12:12:38","slug":"primeiro-debate-apos-cadeirada-tem-novas-brigas-e-gritaria-em-meio-a-acusacoes-entre-candidatos-a-prefeitura-de-sp","status":"publish","type":"post","link":"https:\/\/imais.online\/portal\/primeiro-debate-apos-cadeirada-tem-novas-brigas-e-gritaria-em-meio-a-acusacoes-entre-candidatos-a-prefeitura-de-sp\/","title":{"rendered":"Primeiro debate ap\u00f3s cadeirada tem novas brigas e gritaria em meio a acusa\u00e7\u00f5es entre candidatos \u00e0 Prefeitura de SP"},"content":{"rendered":"<div class=\"imais-before-content-placement\" id=\"imais-1764691840\"><script async src=\"\/\/pagead2.googlesyndication.com\/pagead\/js\/adsbygoogle.js?client=ca-pub-8787528412751566\" crossorigin=\"anonymous\"><\/script><ins class=\"adsbygoogle\" style=\"display:block;\" data-ad-client=\"ca-pub-8787528412751566\" \ndata-ad-slot=\"\" \ndata-ad-format=\"auto\"><\/ins>\n<script> \n(adsbygoogle = window.adsbygoogle || []).push({}); \n<\/script>\n<\/div>\n<h2 class=\"wp-block-heading\">Evento foi realizado pelo Uol e a RedeTv! na manh\u00e3 desta ter\u00e7a (17). Cadeiras foram parafusadas ap\u00f3s Datena atingir Mar\u00e7al durante debate no domingo na TV Cultura. Encontro teve in\u00fameros pedidos de direitos de resposta e quase nenhuma proposta para a cidade.<\/h2>\n\n\n\n<p>Menos de dois dias depois da cadeirada dada por&nbsp;<a class=\"\" href=\"https:\/\/g1.globo.com\/tudo-sobre\/jose-luiz-datena\/\">Jos\u00e9 Luiz Datena<\/a>&nbsp;(<a class=\"\" href=\"https:\/\/g1.globo.com\/politica\/partido\/psdb\/\">PSDB<\/a>) em Pablo Mar\u00e7al (<a class=\"\" href=\"https:\/\/g1.globo.com\/politica\/partido\/prtb\/\">PRTB<\/a>), o debate entre candidatos \u00e0 Prefeitura de&nbsp;<a class=\"\" href=\"https:\/\/g1.globo.com\/sp\/sao-paulo\/cidade\/sao-paulo\/\">S\u00e3o Paulo<\/a>&nbsp;, realizado pela RedeTV! e o portal Uol na manh\u00e3 desta ter\u00e7a-feira (17),&nbsp;<strong>foi marcado por novas brigas, trocas de acusa\u00e7\u00f5es, gritaria e in\u00fameros pedidos de direito de resposta.<\/strong><\/p>\n\n\n\n<p>Participaram os candidatos que lideram a disputa na cidade:&nbsp;<a class=\"\" href=\"https:\/\/g1.globo.com\/politica\/politico\/guilherme-boulos\/\">Guilherme Boulos<\/a>&nbsp;(PSOL), Jos\u00e9 Luiz Datena (PSDB),&nbsp;<a class=\"\" href=\"https:\/\/g1.globo.com\/politica\/politico\/marina-helena-cunha-pereira-santos\/\">Marina Helena<\/a>&nbsp;(Novo), Pablo Mar\u00e7al (PRTB),&nbsp;<a class=\"\" href=\"https:\/\/g1.globo.com\/politica\/politico\/ricardo-luis-reis-nunes\/\">Ricardo Nunes<\/a>&nbsp;(MDB) e&nbsp;<a class=\"\" href=\"https:\/\/g1.globo.com\/tudo-sobre\/tabata-amaral\/\">Tabata Amaral<\/a>&nbsp;(<a class=\"\" href=\"https:\/\/g1.globo.com\/politica\/partido\/psb\/\">PSB<\/a>).<\/p>\n\n\n\n<p>O encontro come\u00e7ou \u00e0s 10h20 j\u00e1 em clima de tens\u00e3o sob cr\u00edticas e an\u00e1lises do que ocorreu no debate da<a class=\"\" href=\"https:\/\/g1.globo.com\/sp\/sao-paulo\/eleicoes\/2024\/noticia\/2024\/09\/16\/cadeirada-de-datena-em-marcal-novas-imagens-de-agressao-sao-divulgadas.ghtml\">&nbsp;TV Cultura no domingo (15).<\/a><\/p>\n\n\n\n<p>Datena e Mar\u00e7al falaram sobre o epis\u00f3dio e trocaram acusa\u00e7\u00f5es. O candidato do PRTB disse que Datena teve um comportamento &#8220;an\u00e1logo a orangotango&#8221;.<\/p>\n\n\n\n<p>&#8220;No \u00faltimo debate, eu estava terminando a minha fala, falando que o Datena n\u00e3o \u00e9 homem e aqui eu retifico, retifico n\u00e3o, ratifico, ele n\u00e3o \u00e9 homem, ele \u00e9 um agressor e as cadeiras aqui foram parafusadas no ch\u00e3o porque ele teve um comportamento an\u00e1logo a um orangotango, numa tentativa de homic\u00eddio contra mim. E eu quero agradecer todos os candidatos aqui que n\u00e3o foram solid\u00e1rios&#8221;.<\/p>\n\n\n\n<p>Datena pediu direito de resposta e rebateu afirmando que n\u00e3o se orgulhava do ocorrido, mas que agiu em defesa de sua fam\u00edlia e disse que n\u00e3o bateria em &#8220;covarde&#8221; duas vezes.<\/p>\n\n\n\n<p>&#8220;Voc\u00ea pode me provocar da forma que voc\u00ea quiser, que eu n\u00e3o vou partir pra agress\u00e3o com voc\u00ea porque eu n\u00e3o bato em covarde duas vezes. Covarde apanha uma vez s\u00f3, eu n\u00e3o vou fazer isso.&#8221;<\/p>\n\n\n\n<p>Logo depois, o debate\u00a0<strong>chegou a ser interrompido por conta de um bate-boca e gritaria protagonizados por Ricardo Nunes (MDB) e Pablo Mar\u00e7al (PRTB).<\/strong><\/p>\n\n\n\n<p>A moderadora precisou elevar a voz e avisar que ambos seriam suspensos caso n\u00e3o parassem.<\/p>\n\n\n\n<p>Desde o in\u00edcio, Mar\u00e7al se recusou a falar com a imprensa, depois disse que n\u00e3o iria beber a \u00e1gua oferecida pelo evento, e n\u00e3o aceitava o previsto em regra, que deveria se referir aos advers\u00e1rios pelo nome &#8211; e n\u00e3o por apelidos pejorativos.<\/p>\n\n\n\n<p>Em uma das perguntas de livre escolha, ele se referiu a Nunes como &#8220;Bananinha&#8221; e questionou o atual prefeito sobre o&nbsp;<a class=\"\" href=\"https:\/\/g1.globo.com\/sp\/sao-paulo\/eleicoes\/2020\/noticia\/2020\/10\/16\/covas-afirma-que-violencia-contra-mulher-e-inaceitavel-apos-seu-vice-ser-acusado-de-ter-ameacado-a-esposa-em-2011.ghtml?_gl=1*1nll2jc*_ga*YW1wLUk1VzlaTW12T3lkbktJSklaQjFhalowS1M2TGhtQXhGU093X0lHNkFlbnZxMzJaYTFKVkFOa2NpVVZiemZDak0.&amp;utm_source=share-universal&amp;utm_medium=share-bar-app&amp;utm_campaign=materias\">boletim de ocorr\u00eancia por viol\u00eancia dom\u00e9stica feito pela esposa de Nunes em 2011<\/a>. O caso foi revelado pela Folha de S. Paulo em 2020.<\/p>\n\n\n\n<figure class=\"wp-block-image\"><img decoding=\"async\" src=\"https:\/\/s2-g1.glbimg.com\/xcr9IFykgadSrNASbHafPnfNPUo=\/0x0:1127x618\/984x0\/smart\/filters:strip_icc()\/i.s3.glbimg.com\/v1\/AUTH_59edd422c0c84a879bd37670ae4f538a\/internal_photos\/bs\/2024\/e\/Z\/9G0rAFRIuORAI7R5hXog\/nunes-e-marcal-redetv.jpg\" alt=\"Ricardo Nunes (MDB) e Pablo Mar\u00e7al (PRTB) em debate na RedeTV, nesta ter\u00e7a (17) \u2014 Foto: TABA BENEDICTO\/ESTAD\u00c3O CONTE\u00daDO\"\/><\/figure>\n\n\n\n<p class=\"has-small-font-size\">Ricardo Nunes (MDB) e Pablo Mar\u00e7al (PRTB) em debate na RedeTV, nesta ter\u00e7a (17) \u2014 Foto: TABA BENEDICTO\/ESTAD\u00c3O CONTE\u00daDO<\/p>\n\n\n\n<p>Nunes tamb\u00e9m optou pela estrat\u00e9gia de acusa\u00e7\u00e3o e usou como argumento a condena\u00e7\u00e3o de Mar\u00e7al por furto qualificado em 2010, em primeira inst\u00e2ncia, em rela\u00e7\u00e3o \u00e0 Opera\u00e7\u00e3o P\u00e9gasus, deflagrada pela Pol\u00edcia Federal em 2005, e que teve como objetivo desmantelar uma quadrilha especializada em invadir contas banc\u00e1rias por meio da internet.<\/p>\n\n\n\n<p>&#8220;Ele saiu da cadeia, mas a cadeia n\u00e3o saiu de dentro dele. A forma como ele vem colocando e tratando as pessoas assim, \u00e9 a forma da malandragem de cadeia. Ele cria na provoca\u00e7\u00e3o, ele manda mensagens das pessoas, como mandou pra mim, se solidarizando, como o Datena colocou e saiu no Uol, na mesma estrat\u00e9gia que fez com aqueles aposentados, pessoas humildes, de mandar e-mail, querendo ganhar a confian\u00e7a da pessoa, a pessoa acessava, levava ali \u00e0 abertura das suas contas correntes, pra ele subtrair o recurso, quem t\u00e1 falando isso \u00e9 a justi\u00e7a, \u00e9 a condena\u00e7\u00e3o de 4 anos e 5 meses, onde ele j\u00e1 foi preso. Agora, \u00e9 o tempo todo atacando as pessoas.&#8221;<\/p>\n\n\n\n<h2 class=\"wp-block-heading\">Muitas acusa\u00e7\u00f5es, poucas propostas<\/h2>\n\n\n\n<figure class=\"wp-block-image\"><img decoding=\"async\" src=\"https:\/\/s2-g1.glbimg.com\/TTUFhGOFSQvsSLdBIk0-U09x1gQ=\/0x0:915x510\/984x0\/smart\/filters:strip_icc()\/i.s3.glbimg.com\/v1\/AUTH_59edd422c0c84a879bd37670ae4f538a\/internal_photos\/bs\/2024\/8\/q\/9UjheBQcKxTPb9zoXoFw\/captura-de-tela-2024-09-17-111238.png\" alt=\"Debate entre candidatos \u00e0 Prefeitura de S\u00e3o Paulo \u2014 Foto: Reprodu\u00e7\u00e3o\/YouTube\"\/><\/figure>\n\n\n\n<p class=\"has-small-font-size\">Debate entre candidatos \u00e0 Prefeitura de S\u00e3o Paulo \u2014 Foto: Reprodu\u00e7\u00e3o\/YouTube<\/p>\n\n\n\n<p>O segundo bloco foi mais civilizado, mas permaneceu com escassez de propostas.<\/p>\n\n\n\n<p>As acusa\u00e7\u00f5es seguiram em pauta, e esquentaram o clima quando Marina Helena (Novo) acusou sem provas Tabata Amaral de fazer viagens em jatinho particular para visitar o namorado, Jo\u00e3o Campos (PSB), atual prefeito de Recife e candidato \u00e0 reelei\u00e7\u00e3o.<\/p>\n\n\n\n<p>Tabata negou e classificou as acusa\u00e7\u00f5es de Marina como um &#8220;deliro grave&#8221;.<\/p>\n\n\n\n<p>&#8220;Aguarde um processo. Voc\u00ea n\u00e3o pode trazer uma afirma\u00e7\u00e3o que simplesmente n\u00e3o corresponde \u00e0 realidade.&#8221;<\/p>\n\n\n\n<p>O terceiro bloco manteve a ret\u00f3rica dos ataques e pedidos de direito de resposta, principalmente por conta das acusa\u00e7\u00f5es feitas por Mar\u00e7al a Ricardo Nunes e Datena.<\/p>\n\n\n\n<p>No segundo e quarto blocos, os candidatos tamb\u00e9m tiveram que responder perguntas feitas por jornalistas do Uol e da RedeTv!.<\/p>\n\n\n\n<p>Dentre os questionamentos, Nunes foi indagado sobre irregularidades em contratos emergenciais da prefeitura.<\/p>\n\n\n\n<p>J\u00e1 Boulos, a respeito da falta de ades\u00e3o da periferia em sua campanha. Marina Helena respondeu sobre sua proposta a tarifa vari\u00e1vel do \u00f4nibus e se considerava o candidato Pablo Mar\u00e7al um representante da direita.<\/p>\n\n\n\n<p>Pablo Mar\u00e7al foi questionado sobre suas cr\u00edticas ao programa de transfer\u00eancia de Renda, Bolsa Fam\u00edlia, ao qual ele afirma que desejaria acabar caso chegasse \u00e0 presid\u00eancia.<\/p>\n\n\n\n<p>Datena respondeu se tinha se arrependido de ser vice-prefeito de Tabata Amaral e se lan\u00e7ado candidato.<\/p>\n\n\n\n<p>No quinto e \u00faltimo bloco, foram apresentadas as considera\u00e7\u00f5es finais de cada candidato.<\/p>\n\n\n\n<h2 class=\"wp-block-heading\">Cadeiras parafusadas e regras<\/h2>\n\n\n\n<p>Para evitar novas agress\u00f5es do tipo, a RedeTV! parafusou as cadeiras no ch\u00e3o durante o encontro.<\/p>\n\n\n\n<p>O debate ocorreu na sede da emissora em Osasco, na Grande SP. A organiza\u00e7\u00e3o tamb\u00e9m determinou a expuls\u00e3o em caso de agress\u00e3o verbal.<\/p>\n\n\n\n<p>Um v\u00eddeo obtido pelo blog da jornalista Andr\u00e9ia Sadi mostra<a class=\"\" href=\"https:\/\/g1.globo.com\/politica\/blog\/andreia-sadi\/post\/2024\/09\/17\/primeiro-debate-apos-cadeirada-tem-reforco-na-seguranca.ghtml\">&nbsp;que um seguran\u00e7a foi destacado para cada candidato presente no est\u00fadio.<\/a><\/p>\n\n\n\n<figure class=\"wp-block-image\"><img decoding=\"async\" src=\"https:\/\/s2-g1.glbimg.com\/3gkkb8sgG-VECCjzSQT7av7NBGo=\/0x0:239x477\/984x0\/smart\/filters:strip_icc()\/i.s3.glbimg.com\/v1\/AUTH_59edd422c0c84a879bd37670ae4f538a\/internal_photos\/bs\/2024\/T\/8\/jnA4EpSTWQtnbHHAQPxg\/banco-parafusado-no-chao.jpg\" alt=\"Banquetas parafusadas no ch\u00e3o durante em cen\u00e1rio da RedeTV! em Osasco, na Grande SP. \u2014 Foto: Reprodu\u00e7\u00e3o\/Instagram\"\/><\/figure>\n\n\n\n<p class=\"has-small-font-size\">Banquetas parafusadas no ch\u00e3o durante em cen\u00e1rio da RedeTV! em Osasco, na Grande SP. \u2014 Foto: Reprodu\u00e7\u00e3o\/Instagram<\/p>\n\n\n\n<p><strong>Agress\u00e3o em debate<\/strong><\/p>\n\n\n\n<p>Jos\u00e9 Luiz Datena (PSDB) agrediu Pablo Mar\u00e7al (PRTB) com uma cadeirada durante um debate com os candidatos \u00e0 Prefeitura de S\u00e3o Paulo, neste domingo (15). O encontro, organizado pela TV Cultura, foi temporariamente interrompido ap\u00f3s o incidente.<\/p>\n\n\n\n<p>Mar\u00e7al foi levado para o Hospital S\u00edrio-Liban\u00eas, onde ficou internado durante a madrugada e teve alta na segunda-feira (16).<\/p>\n\n\n\n<p>Segundo o boletim m\u00e9dico divulgado pela unidade, Mar\u00e7al teve traumatismo na regi\u00e3o do t\u00f3rax \u00e0 direita e em punho direito, sem maiores complica\u00e7\u00f5es associadas.<\/p>\n\n\n\n<p>A agress\u00e3o aconteceu depois que Pablo Mar\u00e7al fez uma pergunta para Datena. O candidato do PRTB perguntou ao apresentador quando ele pararia com a &#8220;palha\u00e7ada&#8221; e desistiria da candidatura. Antes, ele havia citado uma den\u00fancia de ass\u00e9dio sexual contra Datena.<\/p>\n\n\n\n<p>&#8220;A gente quer saber que horas voc\u00ea vai parar. J\u00e1 abandonou entrevista chorando. Voc\u00ea, que \u00e9 um cara que s\u00f3 fala quando tem uma televis\u00e3ozinha escrevendo ali, que horas o Datena vai parar com essa palha\u00e7ada que ele t\u00e1 fazendo aqui?&#8221;, disse.<\/p>\n\n\n\n<p>Datena disse que Mar\u00e7al estava fazendo acusa\u00e7\u00f5es e cal\u00fanias contra ele. O apresentador chamou Mar\u00e7al de &#8220;bandidinho&#8221;.<\/p>\n\n\n\n<p>&#8220;A acusa\u00e7\u00e3o que voc\u00ea fez sobre mim eu j\u00e1, repito, n\u00e3o foi investigada porque n\u00e3o havia provas. Foi arquivada pelo Minist\u00e9rio P\u00fablico&#8221;, disse. &#8220;O que voc\u00ea fez comigo hoje foi terr\u00edvel. Espero que Deus lhe perdoe. Voc\u00ea me pediu perd\u00e3o anteontem. Eu te perdoei.&#8221;<\/p>\n\n\n\n<p>Na r\u00e9plica, Mar\u00e7al disse que Datena n\u00e3o sabia o que estava fazendo no debate e o chamou de &#8220;arreg\u00e3o&#8221;. Ele disse que Datena queria agredi-lo no debate da TV Gazeta, em 8 de setembro.<\/p>\n\n\n\n<p>&#8220;Voc\u00ea n\u00e3o respondeu \u00e0 pergunta. A gente quer saber. Voc\u00ea \u00e9 um arreg\u00e3o. Voc\u00ea atravessou o debate esses dias para me dar tapa e falou que voc\u00ea queria ter feito. Voc\u00ea n\u00e3o \u00e9 homem nem para fazer isso. Voc\u00ea n\u00e3o \u00e9 homem,\u201d afirmou Mar\u00e7al.<\/p>\n\n\n\n<p>Na sequ\u00eancia, Datena agrediu Pablo Mar\u00e7al com uma cadeira. O programa foi interrompido.<\/p>\n\n\n\n<p>Um v\u00eddeo publicado no Instagram da jornalista Monica Bergamo, da &#8220;Folha de S.Paulo&#8221;, mostra os momentos seguintes \u00e0 agress\u00e3o. As imagens registraram Datena e Mar\u00e7al sendo separados e trocando ofensas. Mar\u00e7al, ent\u00e3o, voltou ao p\u00falpito.<\/p>\n\n\n\n<h2 class=\"wp-block-heading\">Pol\u00edcia investiga<\/h2>\n\n\n\n<p>Na segunda, a Pol\u00edcia Civil abriu inqu\u00e9rito para apurar os crimes de les\u00e3o corporal e inj\u00faria ap\u00f3s Datena agredir Pablo Mar\u00e7al (PRTB) com uma cadeira durante um debate realizado na TV Cultura na noite de domingo (15).<\/p>\n\n\n\n<p>Em nota, a Secretaria da Seguran\u00e7a P\u00fablica (SSP) confirmou que o caso foi registrado no 78\u00b0 Distrito Policial (Jardins) ap\u00f3s a confus\u00e3o.<\/p>\n\n\n\n<p>No registro, o advogado de Mar\u00e7al foi orientado quanto ao prazo para ofertar representa\u00e7\u00e3o criminal para o prosseguimento da investiga\u00e7\u00e3o. Com isso, a representa\u00e7\u00e3o, que poderia ser feita em at\u00e9 seis meses, foi realizada nesta segunda no 15\u00ba Distrito Policial.<\/p>\n\n\n\n<h2 class=\"wp-block-heading\">Den\u00fancia no MP Eleitoral<\/h2>\n\n\n\n<p>Nesta ter\u00e7a, o candidato Jos\u00e9 Luiz Datena (PSDB) representou criminalmente contra Pablo Mar\u00e7al por cal\u00fania e difama\u00e7\u00e3o na Justi\u00e7a Eleitoral.<\/p>\n\n\n\n<p>O documento \u00e9 assinado pelo criminalista Roberto Podval e mais seis advogados de Datena.<\/p>\n\n\n\n<p>Nele, a defesa do apresentador afirma que a a conduta Mar\u00e7al \u00e9 &#8220;ilegal, ardilosa, politiqueira e mesquinha, e deve ser banida pela Justi\u00e7a Eleitoral, tendo em vista se tratar de atitude que visa confundir o eleitor e manchar a honra e a imagem de advers\u00e1rio&#8221;.<\/p>\n\n\n\n<p><em>*Com supervis\u00e3o de L\u00edvia Machado<\/em><\/p>\n\n\n\n<p>Fonte G1<\/p>\n","protected":false},"excerpt":{"rendered":"<p>Evento foi realizado pelo Uol e a RedeTv! na manh\u00e3 desta ter\u00e7a (17). Cadeiras foram parafusadas ap\u00f3s Datena atingir Mar\u00e7al durante debate no domingo na TV Cultura. Encontro teve in\u00fameros pedidos de direitos de resposta e quase nenhuma proposta para a cidade. Menos de dois dias depois da cadeirada dada por&nbsp;Jos\u00e9 Luiz Datena&nbsp;(PSDB) em Pablo [&hellip;]<\/p>\n","protected":false},"author":8,"featured_media":24478,"comment_status":"closed","ping_status":"open","sticky":false,"template":"","format":"standard","meta":{"rop_custom_images_group":[],"rop_custom_messages_group":[],"rop_publish_now":"initial","rop_publish_now_accounts":[],"rop_publish_now_history":[],"rop_publish_now_status":"pending","footnotes":""},"categories":[195],"tags":[73],"class_list":["post-24477","post","type-post","status-publish","format-standard","has-post-thumbnail","hentry","category-sao-paulo","tag-featured"],"amp_enabled":true,"_links":{"self":[{"href":"https:\/\/imais.online\/portal\/wp-json\/wp\/v2\/posts\/24477","targetHints":{"allow":["GET"]}}],"collection":[{"href":"https:\/\/imais.online\/portal\/wp-json\/wp\/v2\/posts"}],"about":[{"href":"https:\/\/imais.online\/portal\/wp-json\/wp\/v2\/types\/post"}],"author":[{"embeddable":true,"href":"https:\/\/imais.online\/portal\/wp-json\/wp\/v2\/users\/8"}],"replies":[{"embeddable":true,"href":"https:\/\/imais.online\/portal\/wp-json\/wp\/v2\/comments?post=24477"}],"version-history":[{"count":1,"href":"https:\/\/imais.online\/portal\/wp-json\/wp\/v2\/posts\/24477\/revisions"}],"predecessor-version":[{"id":24479,"href":"https:\/\/imais.online\/portal\/wp-json\/wp\/v2\/posts\/24477\/revisions\/24479"}],"wp:featuredmedia":[{"embeddable":true,"href":"https:\/\/imais.online\/portal\/wp-json\/wp\/v2\/media\/24478"}],"wp:attachment":[{"href":"https:\/\/imais.online\/portal\/wp-json\/wp\/v2\/media?parent=24477"}],"wp:term":[{"taxonomy":"category","embeddable":true,"href":"https:\/\/imais.online\/portal\/wp-json\/wp\/v2\/categories?post=24477"},{"taxonomy":"post_tag","embeddable":true,"href":"https:\/\/imais.online\/portal\/wp-json\/wp\/v2\/tags?post=24477"}],"curies":[{"name":"wp","href":"https:\/\/api.w.org\/{rel}","templated":true}]}}