{"id":24493,"date":"2024-09-22T18:26:29","date_gmt":"2024-09-22T21:26:29","guid":{"rendered":"https:\/\/imais.online\/portal\/?p=24493"},"modified":"2024-09-22T18:26:30","modified_gmt":"2024-09-22T21:26:30","slug":"quatro-em-cada-dez-brasileiros-tem-gastos-fixos-com-cuidados-de-saude-mental-diz-pesquisa","status":"publish","type":"post","link":"https:\/\/imais.online\/portal\/quatro-em-cada-dez-brasileiros-tem-gastos-fixos-com-cuidados-de-saude-mental-diz-pesquisa\/","title":{"rendered":"Quatro em cada dez brasileiros t\u00eam gastos fixos com cuidados de sa\u00fade mental, diz pesquisa"},"content":{"rendered":"<div class=\"imais-before-content-placement\" id=\"imais-3301334984\"><script async src=\"\/\/pagead2.googlesyndication.com\/pagead\/js\/adsbygoogle.js?client=ca-pub-8787528412751566\" crossorigin=\"anonymous\"><\/script><ins class=\"adsbygoogle\" style=\"display:block;\" data-ad-client=\"ca-pub-8787528412751566\" \ndata-ad-slot=\"\" \ndata-ad-format=\"auto\"><\/ins>\n<script> \n(adsbygoogle = window.adsbygoogle || []).push({}); \n<\/script>\n<\/div>\n<h2 class=\"wp-block-heading\">Sa\u00fade mental \u00e9 a 6\u00aa prioridade de gastos dos consumidores, perdendo para faturas de cart\u00e3o de cr\u00e9dito, internet e aluguel<\/h2>\n\n\n\n<p>Quatro a cada 10 brasileiros t\u00eam gastos fixos com cuidados de sa\u00fade mental. O dado foi revelado pelo estudo \u201cO Impacto das Finan\u00e7as na Sa\u00fade Mental do Brasileiro\u201d. Al\u00e9m disso, mais da metade dos entrevistados afirmou que destina at\u00e9 R$ 330 do or\u00e7amento mensal para tratar aspectos relacionados \u00e0 sa\u00fade mental. J\u00e1 67% dos brasileiros expressaram o desejo de investir mais nessa \u00e1rea.<\/p>\n\n\n\n<p>A pesquisa foi desenvolvida pelo Instituto Opinion Box em parceria com o Serasa, e ouviu consumidores de todas as regi\u00f5es do pa\u00eds, com idades entre 18 e 60 anos ou mais, sendo 52% mulheres e 48% homens.<\/p>\n\n\n\n<h3 class=\"wp-block-heading\">Principais gastos com sa\u00fade mental<\/h3>\n\n\n\n<ul class=\"wp-block-list\">\n<li><strong>Medicamentos<\/strong>: 24%<\/li>\n\n\n\n<li><strong>Esportes<\/strong>: 13%<\/li>\n\n\n\n<li><strong>Terapia\/Psic\u00f3logo<\/strong>: 12%<\/li>\n\n\n\n<li><strong>Plano de Sa\u00fade<\/strong>: 11%<\/li>\n\n\n\n<li><strong>Psiquiatra<\/strong>: 8%<\/li>\n\n\n\n<li><strong>Terapias Alternativas (yoga, medita\u00e7\u00e3o)<\/strong>: 3%<\/li>\n<\/ul>\n\n\n\n<p>Outro ponto destacado no estudo \u00e9 que a sa\u00fade mental \u00e9 a sexta maior prioridade de gastos dos consumidores, perdendo para faturas de cart\u00e3o de cr\u00e9dito, internet e aluguel. Veja a lista completa:<\/p>\n\n\n\n<h3 class=\"wp-block-heading\">Prioridades de gastos dos consumidores<\/h3>\n\n\n\n<ul class=\"wp-block-list\">\n<li><strong>Contas B\u00e1sicas<\/strong>: 90%<\/li>\n\n\n\n<li><strong>Supermercados<\/strong>: 86%<\/li>\n\n\n\n<li><strong>Fatura de Cart\u00e3o de Cr\u00e9dito<\/strong>: 82%<\/li>\n\n\n\n<li><strong>Internet e Telefone<\/strong>: 76%<\/li>\n\n\n\n<li><strong>Aluguel ou Presta\u00e7\u00e3o do Financiamento do Im\u00f3vel<\/strong>: 69%<\/li>\n\n\n\n<li><strong>Sa\u00fade Mental<\/strong>: 61%<\/li>\n\n\n\n<li><strong>Gastos com Autom\u00f3vel<\/strong>: 59%<\/li>\n\n\n\n<li><strong>Escola\/Faculdade<\/strong>: 58%<\/li>\n<\/ul>\n\n\n\n<p>Al\u00e9m disso, um em cada tr\u00eas entrevistados j\u00e1 enfrentou dificuldades financeiras decorrentes de gastos relacionados a problemas de sa\u00fade mental, com a desorganiza\u00e7\u00e3o financeira e as d\u00edvidas sendo as principais dificuldades enfrentadas.<\/p>\n\n\n\n<h3 class=\"wp-block-heading\">Outros Pontos da Pesquisa<\/h3>\n\n\n\n<ul class=\"wp-block-list\">\n<li><strong>86%<\/strong>&nbsp;dos brasileiros acreditam que cuidar da sa\u00fade mental pode melhorar sua situa\u00e7\u00e3o financeira a longo prazo.<\/li>\n\n\n\n<li><strong>67%<\/strong>&nbsp;afirmam que gostariam de investir mais em sua sa\u00fade mental.<\/li>\n\n\n\n<li><strong>55%<\/strong>\u00a0das pessoas j\u00e1 relataram ter sofrido problemas que impactam tanto a sa\u00fade mental quanto as finan\u00e7as.<\/li>\n<\/ul>\n\n\n\n<p>Fonte R7<\/p>\n","protected":false},"excerpt":{"rendered":"<p>Sa\u00fade mental \u00e9 a 6\u00aa prioridade de gastos dos consumidores, perdendo para faturas de cart\u00e3o de cr\u00e9dito, internet e aluguel Quatro a cada 10 brasileiros t\u00eam gastos fixos com cuidados de sa\u00fade mental. O dado foi revelado pelo estudo \u201cO Impacto das Finan\u00e7as na Sa\u00fade Mental do Brasileiro\u201d. Al\u00e9m disso, mais da metade dos entrevistados [&hellip;]<\/p>\n","protected":false},"author":8,"featured_media":24494,"comment_status":"closed","ping_status":"open","sticky":false,"template":"","format":"standard","meta":{"rop_custom_images_group":[],"rop_custom_messages_group":[],"rop_publish_now":"initial","rop_publish_now_accounts":[],"rop_publish_now_history":[],"rop_publish_now_status":"pending","footnotes":""},"categories":[205],"tags":[],"class_list":["post-24493","post","type-post","status-publish","format-standard","has-post-thumbnail","hentry","category-saude"],"amp_enabled":true,"_links":{"self":[{"href":"https:\/\/imais.online\/portal\/wp-json\/wp\/v2\/posts\/24493","targetHints":{"allow":["GET"]}}],"collection":[{"href":"https:\/\/imais.online\/portal\/wp-json\/wp\/v2\/posts"}],"about":[{"href":"https:\/\/imais.online\/portal\/wp-json\/wp\/v2\/types\/post"}],"author":[{"embeddable":true,"href":"https:\/\/imais.online\/portal\/wp-json\/wp\/v2\/users\/8"}],"replies":[{"embeddable":true,"href":"https:\/\/imais.online\/portal\/wp-json\/wp\/v2\/comments?post=24493"}],"version-history":[{"count":1,"href":"https:\/\/imais.online\/portal\/wp-json\/wp\/v2\/posts\/24493\/revisions"}],"predecessor-version":[{"id":24495,"href":"https:\/\/imais.online\/portal\/wp-json\/wp\/v2\/posts\/24493\/revisions\/24495"}],"wp:featuredmedia":[{"embeddable":true,"href":"https:\/\/imais.online\/portal\/wp-json\/wp\/v2\/media\/24494"}],"wp:attachment":[{"href":"https:\/\/imais.online\/portal\/wp-json\/wp\/v2\/media?parent=24493"}],"wp:term":[{"taxonomy":"category","embeddable":true,"href":"https:\/\/imais.online\/portal\/wp-json\/wp\/v2\/categories?post=24493"},{"taxonomy":"post_tag","embeddable":true,"href":"https:\/\/imais.online\/portal\/wp-json\/wp\/v2\/tags?post=24493"}],"curies":[{"name":"wp","href":"https:\/\/api.w.org\/{rel}","templated":true}]}}