{"id":24505,"date":"2024-10-02T09:57:12","date_gmt":"2024-10-02T12:57:12","guid":{"rendered":"https:\/\/imais.online\/portal\/?p=24505"},"modified":"2024-10-02T09:57:13","modified_gmt":"2024-10-02T12:57:13","slug":"entenda-os-fatores-que-aumentam-risco-de-infarto-entre-jovens-e-mulheres","status":"publish","type":"post","link":"https:\/\/imais.online\/portal\/entenda-os-fatores-que-aumentam-risco-de-infarto-entre-jovens-e-mulheres\/","title":{"rendered":"Entenda os fatores que aumentam risco de infarto entre jovens e mulheres"},"content":{"rendered":"<div class=\"imais-before-content-placement\" id=\"imais-1783402190\"><script async src=\"\/\/pagead2.googlesyndication.com\/pagead\/js\/adsbygoogle.js?client=ca-pub-8787528412751566\" crossorigin=\"anonymous\"><\/script><ins class=\"adsbygoogle\" style=\"display:block;\" data-ad-client=\"ca-pub-8787528412751566\" \ndata-ad-slot=\"\" \ndata-ad-format=\"auto\"><\/ins>\n<script> \n(adsbygoogle = window.adsbygoogle || []).push({}); \n<\/script>\n<\/div>\n<p>Estresse, m\u00e1 alimenta\u00e7\u00e3o e at\u00e9 a polui\u00e7\u00e3o est\u00e3o contribuindo para o aumento de casos de doen\u00e7as cardiovasculares<\/p>\n\n\n\n<p>As doen\u00e7as cardiovasculares, que sempre foram associadas a pessoas mais velhas, agora est\u00e3o atingindo um n\u00famero crescente de jovens entre 15 e 49 anos. Fatores como\u00a0<strong>estresse<\/strong>, m\u00e1 alimenta\u00e7\u00e3o, sedentarismo e at\u00e9 a polui\u00e7\u00e3o est\u00e3o contribuindo para o aumento desses casos, de acordo com especialistas.<\/p>\n\n\n\n<p>Trata-se da principal causa de mortes no mundo, representando cerca de 30% dos \u00f3bitos anuais no Brasil, aproximadamente 400 mil mortes por ano. Dados da Sociedade Brasileira de Cardiologia (SBC) apontam que o pa\u00eds registrou um aumento de 62% nas\u00a0<strong>mortes de mulheres<\/strong>\u00a0de 15 a 49 anos por infarto de 1990 para 2019. Na faixa et\u00e1ria de 50 a 69 anos, o n\u00famero quase triplicou, com alta de aproximadamente 176%.<\/p>\n\n\n\n<p>Segundo o cardiologista Rafael Domiciano, coordenador de cardiologia do Hospital e Maternidade S\u00e3o Luiz An\u00e1lia Franco, da Rede D\u2019Or, quase 10% dessas mortes ocorrem em pessoas com menos de 35 anos.<\/p>\n\n\n\n<p>\u201cN\u00e3o \u00e9 raro vermos infartos e outras doen\u00e7as do cora\u00e7\u00e3o em jovens, e isso est\u00e1 diretamente ligado a fatores como hipertens\u00e3o, diabetes, tabagismo, ansiedade, obesidade e hist\u00f3rico familiar&#8221;, explica.<\/p>\n\n\n\n<p>Para o especialista, esses fatores de risco, aliados ao estilo de vida agitado, t\u00eam criado uma &#8220;tempestade perfeita&#8221; para o aumento das doen\u00e7as cardiovasculares entre jovens.<\/p>\n\n\n\n<p>A falta de tempo para cuidar da sa\u00fade, praticar atividades f\u00edsicas e manter uma alimenta\u00e7\u00e3o balanceada contribui para o agravamento do problema. &#8220;As pessoas t\u00eam priorizado o trabalho e outras responsabilidades, deixando de lado a preven\u00e7\u00e3o. Isso tem nos preocupado&#8221;, afirma.<\/p>\n\n\n\n<p>O alerta acontece na semana do Dia Mundial do Cora\u00e7\u00e3o, celebrado em 29 de setembro, e em meio \u00e0 campanha Setembro Vermelho, que busca conscientizar sobre a import\u00e2ncia da preven\u00e7\u00e3o.<\/p>\n\n\n\n<p>O estilo de vida sedent\u00e1rio,\u00a0<strong>alimenta\u00e7\u00e3o inadequada<\/strong>\u00a0e h\u00e1bitos prejudiciais, como o tabagismo e o\u00a0<strong>consumo excessivo de \u00e1lcool<\/strong>, s\u00e3o os principais respons\u00e1veis por esse cen\u00e1rio. &#8220;Muitos jovens n\u00e3o se d\u00e3o conta dos riscos porque n\u00e3o fazem acompanhamento m\u00e9dico regular. Quando combinamos esses fatores com o estresse e a\u00a0<strong>ansiedade<\/strong>, o risco de um ataque card\u00edaco precoce aumenta significativamente&#8221;, alerta Domiciano.<\/p>\n\n\n\n<p>Dados da SBC apontam ainda que, de janeiro at\u00e9 o in\u00edcio de setembro de 2024, mais de 271 mil pessoas morreram em decorr\u00eancia de infartos, AVCs e outras complica\u00e7\u00f5es card\u00edacas. Esse n\u00famero \u00e9 quase o dobro das mortes causadas por c\u00e2ncer, tr\u00eas vezes mais do que as provocadas por acidentes e viol\u00eancia, e seis vezes maior que as mortes por infec\u00e7\u00f5es, como a AIDS.<\/p>\n\n\n\n<h3 class=\"wp-block-heading\"><strong>Preven\u00e7\u00e3o \u00e9 o melhor caminho<\/strong><\/h3>\n\n\n\n<p>Embora os n\u00fameros sejam preocupantes, especialistas afirmam que \u00e9 poss\u00edvel reverter essa tend\u00eancia com mudan\u00e7as no estilo de vida. Segundo a Organiza\u00e7\u00e3o Mundial da Sa\u00fade (OMS), 80% das mortes por doen\u00e7as cardiovasculares poderiam ser evitadas com h\u00e1bitos mais saud\u00e1veis, como o\u00a0<strong>controle do colesterol<\/strong>, que se acumula nas art\u00e9rias e pode causar entupimentos.<\/p>\n\n\n\n<p>&#8220;Todos devem buscar um acompanhamento m\u00e9dico regular, mesmo os jovens e pessoas aparentemente saud\u00e1veis. O colesterol alto, por exemplo, n\u00e3o afeta apenas quem est\u00e1 acima do peso. Atividades f\u00edsicas, uma alimenta\u00e7\u00e3o equilibrada e o controle do estresse podem salvar vidas&#8221;, orienta.<\/p>\n\n\n\n<p>O especialista destaca ainda que \u00e9 fundamental realizar exames preventivos, como a medi\u00e7\u00e3o da press\u00e3o arterial e os testes de glicose. Al\u00e9m disso, a pr\u00e1tica de exerc\u00edcios f\u00edsicos e o cuidado com a sa\u00fade mental tamb\u00e9m s\u00e3o pilares importantes para evitar doen\u00e7as cardiovasculares. \u201cPreven\u00e7\u00e3o \u00e9 a chave para mudar esse cen\u00e1rio. Com um diagn\u00f3stico precoce e mudan\u00e7as de h\u00e1bitos, muitas dessas doen\u00e7as podem ser evitadas\u201d, finaliza Domiciano.<\/p>\n\n\n\n<p>Fonte Correio do Povo<\/p>\n","protected":false},"excerpt":{"rendered":"<p>Estresse, m\u00e1 alimenta\u00e7\u00e3o e at\u00e9 a polui\u00e7\u00e3o est\u00e3o contribuindo para o aumento de casos de doen\u00e7as cardiovasculares As doen\u00e7as cardiovasculares, que sempre foram associadas a pessoas mais velhas, agora est\u00e3o atingindo um n\u00famero crescente de jovens entre 15 e 49 anos. Fatores como\u00a0estresse, m\u00e1 alimenta\u00e7\u00e3o, sedentarismo e at\u00e9 a polui\u00e7\u00e3o est\u00e3o contribuindo para o aumento [&hellip;]<\/p>\n","protected":false},"author":8,"featured_media":24506,"comment_status":"closed","ping_status":"open","sticky":false,"template":"","format":"standard","meta":{"rop_custom_images_group":[],"rop_custom_messages_group":[],"rop_publish_now":"initial","rop_publish_now_accounts":[],"rop_publish_now_history":[],"rop_publish_now_status":"pending","footnotes":""},"categories":[205],"tags":[],"class_list":["post-24505","post","type-post","status-publish","format-standard","has-post-thumbnail","hentry","category-saude"],"amp_enabled":true,"_links":{"self":[{"href":"https:\/\/imais.online\/portal\/wp-json\/wp\/v2\/posts\/24505","targetHints":{"allow":["GET"]}}],"collection":[{"href":"https:\/\/imais.online\/portal\/wp-json\/wp\/v2\/posts"}],"about":[{"href":"https:\/\/imais.online\/portal\/wp-json\/wp\/v2\/types\/post"}],"author":[{"embeddable":true,"href":"https:\/\/imais.online\/portal\/wp-json\/wp\/v2\/users\/8"}],"replies":[{"embeddable":true,"href":"https:\/\/imais.online\/portal\/wp-json\/wp\/v2\/comments?post=24505"}],"version-history":[{"count":1,"href":"https:\/\/imais.online\/portal\/wp-json\/wp\/v2\/posts\/24505\/revisions"}],"predecessor-version":[{"id":24507,"href":"https:\/\/imais.online\/portal\/wp-json\/wp\/v2\/posts\/24505\/revisions\/24507"}],"wp:featuredmedia":[{"embeddable":true,"href":"https:\/\/imais.online\/portal\/wp-json\/wp\/v2\/media\/24506"}],"wp:attachment":[{"href":"https:\/\/imais.online\/portal\/wp-json\/wp\/v2\/media?parent=24505"}],"wp:term":[{"taxonomy":"category","embeddable":true,"href":"https:\/\/imais.online\/portal\/wp-json\/wp\/v2\/categories?post=24505"},{"taxonomy":"post_tag","embeddable":true,"href":"https:\/\/imais.online\/portal\/wp-json\/wp\/v2\/tags?post=24505"}],"curies":[{"name":"wp","href":"https:\/\/api.w.org\/{rel}","templated":true}]}}