{"id":24508,"date":"2024-10-02T09:59:54","date_gmt":"2024-10-02T12:59:54","guid":{"rendered":"https:\/\/imais.online\/portal\/?p=24508"},"modified":"2024-10-02T09:59:55","modified_gmt":"2024-10-02T12:59:55","slug":"diddy-e-acusado-de-abusar-de-25-menores-incluindo-uma-crianca-de-9-anos","status":"publish","type":"post","link":"https:\/\/imais.online\/portal\/diddy-e-acusado-de-abusar-de-25-menores-incluindo-uma-crianca-de-9-anos\/","title":{"rendered":"Diddy \u00e9 acusado de abusar de 25 menores, incluindo uma crian\u00e7a de 9 anos"},"content":{"rendered":"<div class=\"imais-before-content-placement\" id=\"imais-803275342\"><script async src=\"\/\/pagead2.googlesyndication.com\/pagead\/js\/adsbygoogle.js?client=ca-pub-8787528412751566\" crossorigin=\"anonymous\"><\/script><ins class=\"adsbygoogle\" style=\"display:block;\" data-ad-client=\"ca-pub-8787528412751566\" \ndata-ad-slot=\"\" \ndata-ad-format=\"auto\"><\/ins>\n<script> \n(adsbygoogle = window.adsbygoogle || []).push({}); \n<\/script>\n<\/div>\n<h2 class=\"wp-block-heading\">Diddy, de 54 anos, est\u00e1 preso no Centro de Deten\u00e7\u00e3o Metropolitano de Brooklyn desde o dia 17 de setembro, como parte de uma investiga\u00e7\u00e3o sobre tr\u00e1fico sexual<\/h2>\n\n\n\n<p><strong>F<\/strong>oi revelado nesta ter\u00e7a-feira, 1\u00ba de outubro, que 120 supostas v\u00edtimas est\u00e3o se preparando para denunciar abusos sexuais cometidos por Sean &#8216;Diddy&#8217; Combs.<\/p>\n\n\n\n<p>Em uma coletiva de imprensa realizada no mesmo dia, o advogado Tony Buzbee, que representar\u00e1 essas v\u00edtimas, informou que os processos devem ser abertos j\u00e1 no pr\u00f3ximo m\u00eas, principalmente em Nova York e Los Angeles.<\/p>\n\n\n\n<p>Buzbee afirmou que o grupo inclui 60 homens, 60 mulheres e 25 menores \u00e0 \u00e9poca dos abusos. Um dos relatos aponta que a v\u00edtima tinha apenas nove anos quando os crimes ocorreram. As acusa\u00e7\u00f5es abrangem o per\u00edodo de 1991 at\u00e9 este ano.<\/p>\n\n\n\n<p>\u201cEsse tipo de ass\u00e9dio, abuso e explora\u00e7\u00e3o sexual nunca deveria acontecer nos Estados Unidos ou em qualquer outro lugar. Nunca deveria ter chegado a esse ponto. Essa conduta criou um grande n\u00famero de pessoas traumatizadas e feridas&#8221;, destacou o advogado.<\/p>\n\n\n\n<p>A defesa de Combs, em resposta, afirmou que o rapper &#8220;n\u00e3o pode responder a todas as alega\u00e7\u00f5es infundadas que se tornaram um circo midi\u00e1tico&#8221;.<\/p>\n\n\n\n<p>&#8220;O Sr. Combs nega de forma categ\u00f3rica e enf\u00e1tica qualquer acusa\u00e7\u00e3o falsa e difamat\u00f3ria de que tenha abusado de algu\u00e9m, incluindo menores. Ele espera provar sua inoc\u00eancia e se defender em tribunal, onde a verdade ser\u00e1 estabelecida com base em provas, n\u00e3o especula\u00e7\u00f5es&#8221;, completou a defesa.<\/p>\n\n\n\n<p>Diddy, de 54 anos, est\u00e1 preso no Centro de Deten\u00e7\u00e3o Metropolitano de Brooklyn desde o dia 17 de setembro, como parte de uma investiga\u00e7\u00e3o sobre tr\u00e1fico sexual.<\/p>\n\n\n\n<p>Fonte Fama ao Minuto<\/p>\n","protected":false},"excerpt":{"rendered":"<p>Diddy, de 54 anos, est\u00e1 preso no Centro de Deten\u00e7\u00e3o Metropolitano de Brooklyn desde o dia 17 de setembro, como parte de uma investiga\u00e7\u00e3o sobre tr\u00e1fico sexual Foi revelado nesta ter\u00e7a-feira, 1\u00ba de outubro, que 120 supostas v\u00edtimas est\u00e3o se preparando para denunciar abusos sexuais cometidos por Sean &#8216;Diddy&#8217; Combs. Em uma coletiva de imprensa [&hellip;]<\/p>\n","protected":false},"author":8,"featured_media":24509,"comment_status":"closed","ping_status":"open","sticky":false,"template":"","format":"standard","meta":{"rop_custom_images_group":[],"rop_custom_messages_group":[],"rop_publish_now":"initial","rop_publish_now_accounts":[],"rop_publish_now_history":[],"rop_publish_now_status":"pending","footnotes":""},"categories":[212],"tags":[],"class_list":["post-24508","post","type-post","status-publish","format-standard","has-post-thumbnail","hentry","category-internacional"],"amp_enabled":true,"_links":{"self":[{"href":"https:\/\/imais.online\/portal\/wp-json\/wp\/v2\/posts\/24508","targetHints":{"allow":["GET"]}}],"collection":[{"href":"https:\/\/imais.online\/portal\/wp-json\/wp\/v2\/posts"}],"about":[{"href":"https:\/\/imais.online\/portal\/wp-json\/wp\/v2\/types\/post"}],"author":[{"embeddable":true,"href":"https:\/\/imais.online\/portal\/wp-json\/wp\/v2\/users\/8"}],"replies":[{"embeddable":true,"href":"https:\/\/imais.online\/portal\/wp-json\/wp\/v2\/comments?post=24508"}],"version-history":[{"count":1,"href":"https:\/\/imais.online\/portal\/wp-json\/wp\/v2\/posts\/24508\/revisions"}],"predecessor-version":[{"id":24510,"href":"https:\/\/imais.online\/portal\/wp-json\/wp\/v2\/posts\/24508\/revisions\/24510"}],"wp:featuredmedia":[{"embeddable":true,"href":"https:\/\/imais.online\/portal\/wp-json\/wp\/v2\/media\/24509"}],"wp:attachment":[{"href":"https:\/\/imais.online\/portal\/wp-json\/wp\/v2\/media?parent=24508"}],"wp:term":[{"taxonomy":"category","embeddable":true,"href":"https:\/\/imais.online\/portal\/wp-json\/wp\/v2\/categories?post=24508"},{"taxonomy":"post_tag","embeddable":true,"href":"https:\/\/imais.online\/portal\/wp-json\/wp\/v2\/tags?post=24508"}],"curies":[{"name":"wp","href":"https:\/\/api.w.org\/{rel}","templated":true}]}}