{"id":24511,"date":"2024-10-02T10:01:39","date_gmt":"2024-10-02T13:01:39","guid":{"rendered":"https:\/\/imais.online\/portal\/?p=24511"},"modified":"2024-10-02T10:01:40","modified_gmt":"2024-10-02T13:01:40","slug":"china-apresenta-traje-espacial-que-sera-usado-na-primeira-missao-a-lua","status":"publish","type":"post","link":"https:\/\/imais.online\/portal\/china-apresenta-traje-espacial-que-sera-usado-na-primeira-missao-a-lua\/","title":{"rendered":"China apresenta traje espacial que ser\u00e1 usado na primeira miss\u00e3o \u00e0 Lua"},"content":{"rendered":"<div class=\"imais-before-content-placement\" id=\"imais-2496770943\"><script async src=\"\/\/pagead2.googlesyndication.com\/pagead\/js\/adsbygoogle.js?client=ca-pub-8787528412751566\" crossorigin=\"anonymous\"><\/script><ins class=\"adsbygoogle\" style=\"display:block;\" data-ad-client=\"ca-pub-8787528412751566\" \ndata-ad-slot=\"\" \ndata-ad-format=\"auto\"><\/ins>\n<script> \n(adsbygoogle = window.adsbygoogle || []).push({}); \n<\/script>\n<\/div>\n<h2 class=\"wp-block-heading\">A ag\u00eancia espacial chinesa tem a meta de realizar a miss\u00e3o at\u00e9 2030<\/h2>\n\n\n\n<p><strong>A<\/strong>ag\u00eancia espacial chinesa apresentou oficialmente o traje espacial que ser\u00e1 utilizado pelos astronautas na miss\u00e3o lunar planejada para os pr\u00f3ximos anos.<\/p>\n\n\n\n<p>O traje foi revelado em uma cerim\u00f4nia realizada pela China Manned Space Agency (CSMA) no \u00faltimo fim de semana, na cidade de Chongqing. Segundo a ag\u00eancia, o traje foi desenvolvido para suportar as condi\u00e7\u00f5es extremas da superf\u00edcie lunar, incluindo temperaturas extremas, altos n\u00edveis de radia\u00e7\u00e3o e poeira.<\/p>\n\n\n\n<p>A China tem como meta levar seus primeiros astronautas \u00e0 Lua at\u00e9 2030. O v\u00eddeo da apresenta\u00e7\u00e3o do traje espacial est\u00e1 dispon\u00edvel para visualiza\u00e7\u00e3o.<\/p>\n\n\n\n<p>Fonte Fama ao Minuto <\/p>\n","protected":false},"excerpt":{"rendered":"<p>A ag\u00eancia espacial chinesa tem a meta de realizar a miss\u00e3o at\u00e9 2030 Aag\u00eancia espacial chinesa apresentou oficialmente o traje espacial que ser\u00e1 utilizado pelos astronautas na miss\u00e3o lunar planejada para os pr\u00f3ximos anos. O traje foi revelado em uma cerim\u00f4nia realizada pela China Manned Space Agency (CSMA) no \u00faltimo fim de semana, na cidade [&hellip;]<\/p>\n","protected":false},"author":8,"featured_media":24512,"comment_status":"closed","ping_status":"open","sticky":false,"template":"","format":"standard","meta":{"rop_custom_images_group":[],"rop_custom_messages_group":[],"rop_publish_now":"initial","rop_publish_now_accounts":[],"rop_publish_now_history":[],"rop_publish_now_status":"pending","footnotes":""},"categories":[212],"tags":[],"class_list":["post-24511","post","type-post","status-publish","format-standard","has-post-thumbnail","hentry","category-internacional"],"amp_enabled":true,"_links":{"self":[{"href":"https:\/\/imais.online\/portal\/wp-json\/wp\/v2\/posts\/24511","targetHints":{"allow":["GET"]}}],"collection":[{"href":"https:\/\/imais.online\/portal\/wp-json\/wp\/v2\/posts"}],"about":[{"href":"https:\/\/imais.online\/portal\/wp-json\/wp\/v2\/types\/post"}],"author":[{"embeddable":true,"href":"https:\/\/imais.online\/portal\/wp-json\/wp\/v2\/users\/8"}],"replies":[{"embeddable":true,"href":"https:\/\/imais.online\/portal\/wp-json\/wp\/v2\/comments?post=24511"}],"version-history":[{"count":1,"href":"https:\/\/imais.online\/portal\/wp-json\/wp\/v2\/posts\/24511\/revisions"}],"predecessor-version":[{"id":24513,"href":"https:\/\/imais.online\/portal\/wp-json\/wp\/v2\/posts\/24511\/revisions\/24513"}],"wp:featuredmedia":[{"embeddable":true,"href":"https:\/\/imais.online\/portal\/wp-json\/wp\/v2\/media\/24512"}],"wp:attachment":[{"href":"https:\/\/imais.online\/portal\/wp-json\/wp\/v2\/media?parent=24511"}],"wp:term":[{"taxonomy":"category","embeddable":true,"href":"https:\/\/imais.online\/portal\/wp-json\/wp\/v2\/categories?post=24511"},{"taxonomy":"post_tag","embeddable":true,"href":"https:\/\/imais.online\/portal\/wp-json\/wp\/v2\/tags?post=24511"}],"curies":[{"name":"wp","href":"https:\/\/api.w.org\/{rel}","templated":true}]}}