{"id":24523,"date":"2024-10-03T09:01:10","date_gmt":"2024-10-03T12:01:10","guid":{"rendered":"https:\/\/imais.online\/portal\/?p=24523"},"modified":"2024-10-03T09:01:11","modified_gmt":"2024-10-03T12:01:11","slug":"bruce-willis-familia-compartilha-fotos-e-o-estado-de-saude-do-ator-com-demencia-frontotemporal","status":"publish","type":"post","link":"https:\/\/imais.online\/portal\/bruce-willis-familia-compartilha-fotos-e-o-estado-de-saude-do-ator-com-demencia-frontotemporal\/","title":{"rendered":"Bruce Willis: fam\u00edlia compartilha fotos e o estado de sa\u00fade do ator com dem\u00eancia frontotemporal"},"content":{"rendered":"<div class=\"imais-before-content-placement\" id=\"imais-2626030017\"><script async src=\"\/\/pagead2.googlesyndication.com\/pagead\/js\/adsbygoogle.js?client=ca-pub-8787528412751566\" crossorigin=\"anonymous\"><\/script><ins class=\"adsbygoogle\" style=\"display:block;\" data-ad-client=\"ca-pub-8787528412751566\" \ndata-ad-slot=\"\" \ndata-ad-format=\"auto\"><\/ins>\n<script> \n(adsbygoogle = window.adsbygoogle || []).push({}); \n<\/script>\n<\/div>\n<h2 class=\"wp-block-heading\">Protagonista de filmes de a\u00e7\u00e3o como &#8216;Duro de Matar&#8217; e &#8216;Armageddon&#8217;, Willis tem doen\u00e7a neurodegenerativa incur\u00e1vel<\/h2>\n\n\n\n<p>Desde que foi diagnosticado, em fevereiro de 2023, com um transtorno neurodegenerativo que n\u00e3o tem cura, cada not\u00edcia relacionada a Bruce Willis causa como\u00e7\u00e3o entre seus f\u00e3s, que sentem falta de v\u00ea-lo em a\u00e7\u00e3o. No entanto, nas \u00faltimas horas, uma s\u00e9rie de imagens in\u00e9ditas circulou nas redes sociais, rapidamente o tornando tend\u00eancia.<\/p>\n\n\n\n<p>Atrav\u00e9s de sua conta no Instagram, onde acumula 420.000 seguidores, Tallulah Willis, uma das filhas do protagonista de Armageddon (1998), publicou uma s\u00e9rie de fotos nas quais ele aparece na intimidade de sua casa.<\/p>\n\n\n\n<p>\u201cAmo tanto esse cara, e sentir emo\u00e7\u00f5es \u00e9 algo dif\u00edcil, mas estou muito grata por deix\u00e1-las fluir atrav\u00e9s de mim agora, em vez de me desconectar delas. Dos arquivos de sempre\u201d, escreveu a jovem atriz junto ao conjunto de fotos que publicou. Na primeira foto, ele aparece segurando as m\u00e3os dela, enquanto beija sua cabe\u00e7a; na seguinte, almo\u00e7am juntos; e na terceira, ele sorri enquanto ela l\u00ea um \u00e1lbum de recortes sobre a carreira de seu pai.<\/p>\n\n\n\n<p>Em quest\u00e3o de minutos, a publica\u00e7\u00e3o recebeu milhares de curtidas e centenas de coment\u00e1rios dos f\u00e3s. \u201cV\u00ednculo inquebr\u00e1vel! Obrigado por compartilhar um pouco dele com todos n\u00f3s ao longo dos anos. Enviando amor a todos voc\u00eas\u201d; \u201cDe filha para filha, voc\u00ea est\u00e1 indo bem. Mando muito amor para voc\u00ea e suas irm\u00e3s\u201d; \u201cFilhos de pessoas com perda de mem\u00f3ria, nos tornamos guardi\u00f5es das hist\u00f3rias. O amor entre voc\u00eas dois irradia em cada foto\u201d e \u201cO amor dele aparece em seus olhos&#8230; esses s\u00e3o os pequenos momentos que ser\u00e3o guardados para sempre\u201d foram apenas alguns dos coment\u00e1rios.<\/p>\n\n\n\n<figure class=\"wp-block-image\"><img decoding=\"async\" src=\"https:\/\/s2-oglobo.glbimg.com\/8nJFvXBE7PnocOI0zLAR1rjxsho=\/0x0:618x357\/984x0\/smart\/filters:strip_icc()\/i.s3.glbimg.com\/v1\/AUTH_da025474c0c44edd99332dddb09cabe8\/internal_photos\/bs\/2023\/2\/A\/rNnYSkRKG93dOtsUKaSw\/bruce-willis-tallulah.jpg\" alt=\"Bruce Willis e a filha Tallulah Willis \u2014 Foto: Reprodu\u00e7\u00e3o\/Instagram\"\/><figcaption class=\"wp-element-caption\">Bruce Willis e a filha Tallulah Willis \u2014 Foto: Reprodu\u00e7\u00e3o\/Instagram<\/figcaption><\/figure>\n\n\n\n<p>N\u00e3o \u00e9 a primeira vez que suas filhas tornam p\u00fablica a situa\u00e7\u00e3o de seu pai. Em agosto deste ano, foi a vez de Rumer, que compartilhou uma breve, mas comovente mensagem sobre o momento atual do int\u00e9rprete de in\u00fameros sucessos.<\/p>\n\n\n\n<p>Quando, em sua rede social, a jovem abriu a caixa de perguntas, al\u00e9m de receber perguntas sobre sua vida privada, muitos quiseram saber sobre a sa\u00fade de Bruce. \u201cComo est\u00e1 seu pai? Enviando amor a todos voc\u00eas\u201d, perguntou um usu\u00e1rio; foi o gancho perfeito para que ela se abrisse sobre o assunto.<\/p>\n\n\n\n<p>Junto a uma foto na qual ela est\u00e1 segurando a m\u00e3o de seu pai, Rumer expressou: \u201cEle est\u00e1 \u00f3timo. Amo-o muito. Obrigada\u201d. Mas n\u00e3o foi a \u00fanica vez que ela falou sobre o assunto, j\u00e1 que, em maio, em entrevista \u00e0 Fox News, ela contou como a estrela de Hollywood passava seus dias e em que condi\u00e7\u00f5es se encontrava naquele momento.<\/p>\n\n\n\n<figure class=\"wp-block-image\"><img decoding=\"async\" src=\"https:\/\/s2-oglobo.glbimg.com\/tEoYOzl0-auiw-QBT1kcMB9P3PQ=\/0x0:750x500\/984x0\/smart\/filters:strip_icc()\/i.s3.glbimg.com\/v1\/AUTH_da025474c0c44edd99332dddb09cabe8\/internal_photos\/bs\/2023\/S\/s\/fgdQXNR3AoAhdK97paVg\/demi-moore-and-bruce-willis-grandparents-gallery-tout-112123-42a79217897b4ea9859a1662969ce1e0.webp\" alt=\"Bruce Willis com a filha Rumer Willis e a neta Louetta Isley Thomas Willis \u2014 Foto: Reprodu\u00e7\u00e3o\/Instagram\"\/><figcaption class=\"wp-element-caption\">Bruce Willis com a filha Rumer Willis e a neta Louetta Isley Thomas Willis \u2014 Foto: Reprodu\u00e7\u00e3o\/Instagram<\/figcaption><\/figure>\n\n\n\n<p>\u201cAtrav\u00e9s dessa experi\u00eancia, o que tem sido t\u00e3o incr\u00edvel \u00e9 que meu pai \u00e9 t\u00e3o amado, e isso tem sido t\u00e3o evidente na transpar\u00eancia com a qual temos compartilhado (o que est\u00e1 acontecendo com ele)\u201d, come\u00e7ou ela, e continuou: \u201cE acho que, de certa forma, se compartilhar nossa experi\u00eancia traz esperan\u00e7a ou conforto para algu\u00e9m que esteja passando por isso, ent\u00e3o, para mim, isso \u00e9 tudo\u201d.<\/p>\n\n\n\n<p>Em junho deste ano, a esposa de Willis, Emma Heiming, deu a entender que o ator n\u00e3o consegue mais falar. Ela usou as redes sociais para divulgar uma campanha de conscientiza\u00e7\u00e3o sobre esta doen\u00e7a rara e em uma de suas postagens incluiu a mensagem que o pr\u00f3prio ator &#8220;gostaria de dar&#8221;. A situa\u00e7\u00e3o levantou d\u00favidas se ele pode realmente falar ou n\u00e3o.<\/p>\n\n\n\n<figure class=\"wp-block-image\"><img decoding=\"async\" src=\"https:\/\/s2-oglobo.glbimg.com\/qFdzEXaTfe8h9AoWAa4SM_K-weA=\/0x0:780x520\/984x0\/smart\/filters:strip_icc()\/i.s3.glbimg.com\/v1\/AUTH_da025474c0c44edd99332dddb09cabe8\/internal_photos\/bs\/2024\/0\/N\/CDWBc2Ro6IXEzcpcNGKA\/emma-heming-cuida-de-la-salud-de-su-esposo-que-osxlohppkjgd5hcpscc6k5suwe.avif\" alt=\"Emma Heming cuida da sa\u00fade do marido, Bruce Willis, que sofre de dem\u00eancia frontotemporal \u2014 Foto: Reprodu\u00e7\u00e3o\"\/><figcaption class=\"wp-element-caption\">Emma Heming cuida da sa\u00fade do marido, Bruce Willis, que sofre de dem\u00eancia frontotemporal \u2014 Foto: Reprodu\u00e7\u00e3o<\/figcaption><\/figure>\n\n\n\n<p>O diagn\u00f3stico que seu marido recebeu no in\u00edcio do ano passado foi o motivador para Emma iniciar uma campanha de informa\u00e7\u00e3o e aconselhamento sobre a dem\u00eancia frontotemporal. Atualmente, ela arrecada dinheiro e realiza a\u00e7\u00f5es de conscientiza\u00e7\u00e3o sobre a doen\u00e7a.<\/p>\n\n\n\n<p>Fonte O Globo<\/p>\n","protected":false},"excerpt":{"rendered":"<p>Protagonista de filmes de a\u00e7\u00e3o como &#8216;Duro de Matar&#8217; e &#8216;Armageddon&#8217;, Willis tem doen\u00e7a neurodegenerativa incur\u00e1vel Desde que foi diagnosticado, em fevereiro de 2023, com um transtorno neurodegenerativo que n\u00e3o tem cura, cada not\u00edcia relacionada a Bruce Willis causa como\u00e7\u00e3o entre seus f\u00e3s, que sentem falta de v\u00ea-lo em a\u00e7\u00e3o. No entanto, nas \u00faltimas horas, [&hellip;]<\/p>\n","protected":false},"author":8,"featured_media":24524,"comment_status":"closed","ping_status":"open","sticky":false,"template":"","format":"standard","meta":{"rop_custom_images_group":[],"rop_custom_messages_group":[],"rop_publish_now":"initial","rop_publish_now_accounts":[],"rop_publish_now_history":[],"rop_publish_now_status":"pending","footnotes":""},"categories":[16],"tags":[],"class_list":["post-24523","post","type-post","status-publish","format-standard","has-post-thumbnail","hentry","category-entertainment"],"amp_enabled":true,"_links":{"self":[{"href":"https:\/\/imais.online\/portal\/wp-json\/wp\/v2\/posts\/24523","targetHints":{"allow":["GET"]}}],"collection":[{"href":"https:\/\/imais.online\/portal\/wp-json\/wp\/v2\/posts"}],"about":[{"href":"https:\/\/imais.online\/portal\/wp-json\/wp\/v2\/types\/post"}],"author":[{"embeddable":true,"href":"https:\/\/imais.online\/portal\/wp-json\/wp\/v2\/users\/8"}],"replies":[{"embeddable":true,"href":"https:\/\/imais.online\/portal\/wp-json\/wp\/v2\/comments?post=24523"}],"version-history":[{"count":1,"href":"https:\/\/imais.online\/portal\/wp-json\/wp\/v2\/posts\/24523\/revisions"}],"predecessor-version":[{"id":24525,"href":"https:\/\/imais.online\/portal\/wp-json\/wp\/v2\/posts\/24523\/revisions\/24525"}],"wp:featuredmedia":[{"embeddable":true,"href":"https:\/\/imais.online\/portal\/wp-json\/wp\/v2\/media\/24524"}],"wp:attachment":[{"href":"https:\/\/imais.online\/portal\/wp-json\/wp\/v2\/media?parent=24523"}],"wp:term":[{"taxonomy":"category","embeddable":true,"href":"https:\/\/imais.online\/portal\/wp-json\/wp\/v2\/categories?post=24523"},{"taxonomy":"post_tag","embeddable":true,"href":"https:\/\/imais.online\/portal\/wp-json\/wp\/v2\/tags?post=24523"}],"curies":[{"name":"wp","href":"https:\/\/api.w.org\/{rel}","templated":true}]}}