{"id":24552,"date":"2024-10-07T08:40:27","date_gmt":"2024-10-07T11:40:27","guid":{"rendered":"https:\/\/imais.online\/portal\/?p=24552"},"modified":"2024-10-07T08:40:27","modified_gmt":"2024-10-07T11:40:27","slug":"filho-de-faustao-desabafa-sobre-saude-do-pai-processo-dificil","status":"publish","type":"post","link":"https:\/\/imais.online\/portal\/filho-de-faustao-desabafa-sobre-saude-do-pai-processo-dificil\/","title":{"rendered":"Filho de Faust\u00e3o desabafa sobre sa\u00fade do pai: &#8216;Processo dif\u00edcil&#8217;"},"content":{"rendered":"<div class=\"imais-before-content-placement\" id=\"imais-1422559973\"><script async src=\"\/\/pagead2.googlesyndication.com\/pagead\/js\/adsbygoogle.js?client=ca-pub-8787528412751566\" crossorigin=\"anonymous\"><\/script><ins class=\"adsbygoogle\" style=\"display:block;\" data-ad-client=\"ca-pub-8787528412751566\" \ndata-ad-slot=\"\" \ndata-ad-format=\"auto\"><\/ins>\n<script> \n(adsbygoogle = window.adsbygoogle || []).push({}); \n<\/script>\n<\/div>\n<h2 class=\"wp-block-heading\">Jo\u00e3o Silva, de 20 anos, e a irm\u00e3, Lara Silva, de 25, participaram do &#8216;Altas Horas&#8217;, nesse s\u00e1bado (5)<\/h2>\n\n\n\n<p>Filhos de\u00a0<a class=\"\" href=\"https:\/\/revistaquem.globo.com\/famoso\/faustao\/\">Faust\u00e3o<\/a>, de 74 anos,\u00a0<a class=\"\" href=\"https:\/\/revistaquem.globo.com\/famoso\/joao-silva\/\">Jo\u00e3o Silva<\/a>, de 20, e\u00a0<strong>Lara Silva<\/strong>, de 25, participaram do\u00a0<em>Altas Horas<\/em>, na Globo, nesse s\u00e1bado (5), e falaram sobre a rela\u00e7\u00e3o entre eles e a fam\u00edlia. O rapaz, que segue a carreira de apresentador assim como o pai, aproveitou para falar sobre o estado de sa\u00fade do comunicador,\u00a0<a class=\"\" href=\"https:\/\/revistaquem.globo.com\/noticias\/noticia\/2024\/08\/faustao-fala-sobre-saude-apos-transplantes-precisava-recuperar-a-parte-fisica.ghtml\">que passou por dois transplantes<\/a>, de cora\u00e7\u00e3o e de rim.<\/p>\n\n\n\n<p>&#8220;Ele est\u00e1 bem, gra\u00e7as a Deus. Acho que \u00e9 um<a class=\"\" href=\"https:\/\/revistaquem.globo.com\/saude\/noticia\/2024\/08\/faustao-explica-visitas-ao-hospital-apos-transplante.ghtml\">\u00a0processo muito dif\u00edcil\u00a0<\/a>(a recupera\u00e7\u00e3o da sa\u00fade ap\u00f3s os transplantes), ent\u00e3o cada melhora, seja grande ou seja pequena, \u00e9 gratificante. Como fam\u00edlia, a gente tem que, nesse momento, ficar mais unido ainda e dar a signific\u00e2ncia para tudo isso&#8221;, contou Jo\u00e3o.<\/p>\n\n\n\n<figure class=\"wp-block-image\"><img decoding=\"async\" src=\"https:\/\/s2-quem.glbimg.com\/6L0x1CCcRafKZ1oh47fAZvTulCI=\/0x0:1400x950\/984x0\/smart\/filters:strip_icc()\/i.s3.glbimg.com\/v1\/AUTH_b0f0e84207c948ab8b8777be5a6a4395\/internal_photos\/bs\/2024\/B\/Z\/I3zb4JRGG0cY2DxwkGyA\/abre-3.jpg\" alt=\"Faust\u00e3o posa com a esposa, Luciana, e os filhos Rodrigo, Lara e Jo\u00e3o \u2014 Foto: Reprodu\u00e7\u00e3o\/Instagram\"\/><figcaption class=\"wp-element-caption\">Faust\u00e3o posa com a esposa, Luciana, e os filhos Rodrigo, Lara e Jo\u00e3o \u2014 Foto: Reprodu\u00e7\u00e3o\/Instagram<\/figcaption><\/figure>\n\n\n\n<p>Jo\u00e3o e Lara lembraram que, na inf\u00e2ncia, brigavam muito e at\u00e9 batiam um no outro. &#8220;Achei lindo que todo mundo estava falando que os irm\u00e3os batiam nos outros [outros convidados] para defender. E eu s\u00f3 fiquei pensando na gente mais novo, a gente quebrava o pau. De soco na cara&#8221;, declarou Lara.<\/p>\n\n\n\n<p>&#8220;Eu sou seis anos mais novo. Estou mais acabado e parece que sou mais velho. A gente brigava, sa\u00eda na porrada, e minha m\u00e3e falava assim: &#8216;Jo\u00e3o, voc\u00ea n\u00e3o pode bater nela, porque ela \u00e9 menina. E Lara \u00e9 mais velha, n\u00e3o pode bater nele porque ele \u00e9 crian\u00e7a&#8217;. Mas acho que era muito amor&#8221;, derreteu-se Jo\u00e3o.<\/p>\n\n\n\n<p>Lara \u00e9 cantora e soltou a voz no programa. Ela e Jo\u00e3o cantaram juntos a m\u00fasica\u00a0<em>No Dia Em Que Eu Sa\u00ed De Casa<\/em>, de\u00a0<strong>Zez\u00e9 di Camargo\u00a0<\/strong>e\u00a0<strong>Luciano<\/strong>. Os dois ainda t\u00eam um irm\u00e3o mais novo,\u00a0<strong>Rodrigo<\/strong>, de 16 anos.<\/p>\n\n\n\n<figure class=\"wp-block-image\"><img decoding=\"async\" src=\"https:\/\/s2-quem.glbimg.com\/lANvniF1hrAIETyf3rsyVyGZeUU=\/0x0:2000x1331\/984x0\/smart\/filters:strip_icc()\/i.s3.glbimg.com\/v1\/AUTH_b0f0e84207c948ab8b8777be5a6a4395\/internal_photos\/bs\/2024\/d\/i\/MBfARkTn6WxNMZr04Vnw\/53125616624-d623e09a00-o.png\" alt=\"Faust\u00e3o se emociona com os filhos, Jo\u00e3o, Lara e Rodrigo no palco em seu \u00faltimo programa na 'Band' \u2014 Foto: Divulga\u00e7\u00e3o\/ Band\"\/><figcaption class=\"wp-element-caption\">Faust\u00e3o se emociona com os filhos, Jo\u00e3o, Lara e Rodrigo no palco em seu \u00faltimo programa na &#8216;Band&#8217; \u2014 Foto: Divulga\u00e7\u00e3o\/ Band<\/figcaption><\/figure>\n\n\n\n<p>Fonte Revista Quem <\/p>\n","protected":false},"excerpt":{"rendered":"<p>Jo\u00e3o Silva, de 20 anos, e a irm\u00e3, Lara Silva, de 25, participaram do &#8216;Altas Horas&#8217;, nesse s\u00e1bado (5) Filhos de\u00a0Faust\u00e3o, de 74 anos,\u00a0Jo\u00e3o Silva, de 20, e\u00a0Lara Silva, de 25, participaram do\u00a0Altas Horas, na Globo, nesse s\u00e1bado (5), e falaram sobre a rela\u00e7\u00e3o entre eles e a fam\u00edlia. O rapaz, que segue a carreira [&hellip;]<\/p>\n","protected":false},"author":8,"featured_media":24553,"comment_status":"closed","ping_status":"open","sticky":false,"template":"","format":"standard","meta":{"rop_custom_images_group":[],"rop_custom_messages_group":[],"rop_publish_now":"initial","rop_publish_now_accounts":[],"rop_publish_now_history":[],"rop_publish_now_status":"pending","footnotes":""},"categories":[16],"tags":[],"class_list":["post-24552","post","type-post","status-publish","format-standard","has-post-thumbnail","hentry","category-entertainment"],"amp_enabled":true,"_links":{"self":[{"href":"https:\/\/imais.online\/portal\/wp-json\/wp\/v2\/posts\/24552","targetHints":{"allow":["GET"]}}],"collection":[{"href":"https:\/\/imais.online\/portal\/wp-json\/wp\/v2\/posts"}],"about":[{"href":"https:\/\/imais.online\/portal\/wp-json\/wp\/v2\/types\/post"}],"author":[{"embeddable":true,"href":"https:\/\/imais.online\/portal\/wp-json\/wp\/v2\/users\/8"}],"replies":[{"embeddable":true,"href":"https:\/\/imais.online\/portal\/wp-json\/wp\/v2\/comments?post=24552"}],"version-history":[{"count":1,"href":"https:\/\/imais.online\/portal\/wp-json\/wp\/v2\/posts\/24552\/revisions"}],"predecessor-version":[{"id":24554,"href":"https:\/\/imais.online\/portal\/wp-json\/wp\/v2\/posts\/24552\/revisions\/24554"}],"wp:featuredmedia":[{"embeddable":true,"href":"https:\/\/imais.online\/portal\/wp-json\/wp\/v2\/media\/24553"}],"wp:attachment":[{"href":"https:\/\/imais.online\/portal\/wp-json\/wp\/v2\/media?parent=24552"}],"wp:term":[{"taxonomy":"category","embeddable":true,"href":"https:\/\/imais.online\/portal\/wp-json\/wp\/v2\/categories?post=24552"},{"taxonomy":"post_tag","embeddable":true,"href":"https:\/\/imais.online\/portal\/wp-json\/wp\/v2\/tags?post=24552"}],"curies":[{"name":"wp","href":"https:\/\/api.w.org\/{rel}","templated":true}]}}