{"id":24558,"date":"2024-10-07T08:48:12","date_gmt":"2024-10-07T11:48:12","guid":{"rendered":"https:\/\/imais.online\/portal\/?p=24558"},"modified":"2024-10-07T08:48:13","modified_gmt":"2024-10-07T11:48:13","slug":"prefeitura-adquire-quatro-ambulancias-novas-para-o-atendimento-de-emergencias","status":"publish","type":"post","link":"https:\/\/imais.online\/portal\/prefeitura-adquire-quatro-ambulancias-novas-para-o-atendimento-de-emergencias\/","title":{"rendered":"Prefeitura adquire quatro ambul\u00e2ncias novas para o atendimento de emerg\u00eancias"},"content":{"rendered":"<div class=\"imais-before-content-placement\" id=\"imais-3754687810\"><script async src=\"\/\/pagead2.googlesyndication.com\/pagead\/js\/adsbygoogle.js?client=ca-pub-8787528412751566\" crossorigin=\"anonymous\"><\/script><ins class=\"adsbygoogle\" style=\"display:block;\" data-ad-client=\"ca-pub-8787528412751566\" \ndata-ad-slot=\"\" \ndata-ad-format=\"auto\"><\/ins>\n<script> \n(adsbygoogle = window.adsbygoogle || []).push({}); \n<\/script>\n<\/div>\n<p><em><small>Servi\u00e7o realiza a m\u00e9dia di\u00e1ria de 45 atendimentos<\/small><\/em><\/p>\n\n\n\n<p>A Secretaria Municipal de Sa\u00fade recebeu quatro novas ambul\u00e2ncias nesta semana. Os ve\u00edculos renovar\u00e3o a frota do Servi\u00e7o de Atendimento Municipal de Emerg\u00eancia (Same), antiga Central de Ambul\u00e2ncias, que funciona 24 horas. As quatro ambul\u00e2ncias 0Km s\u00e3o do modelo Renault Masters, e a Prefeitura investiu R$ 1.184,630,44 nos novos ve\u00edculos, com recursos pr\u00f3prios.<\/p>\n\n\n\n<p>Com as aquisi\u00e7\u00f5es, os ve\u00edculos usados e que deixar\u00e3o de fazer o atendimento emergencial ser\u00e3o transferidos para o Servi\u00e7o de Atendimento a Pacientes Especiais e Cr\u00f4nicos (Saec). Os pacientes do SAEC s\u00e3o aqueles com problemas de mobilidade, que precisam ser transportados em maca, e que dependem do transporte oferecido pela Prefeitura.<\/p>\n\n\n\n<p>A Secretaria de Sa\u00fade tamb\u00e9m realiza o transporte de pacientes que fazem tratamento de sa\u00fade dentro e fora do munic\u00edpio em hospitais de refer\u00eancia, mediante agendamento pr\u00e9vio.<\/p>\n\n\n\n<p><strong>#PraTodosVerem:\u00a0<\/strong>foto mostra as quatro ambul\u00e2ncias novas da Secretaria da Sa\u00fade, estacionadas em frente ao pr\u00e9dio da Prefeitura. Ao fundo, a fachada da Prefeitura com a identifica\u00e7\u00e3o da Prefeitura Municipal de Indaiatuba. Fim da descri\u00e7\u00e3o.<\/p>\n","protected":false},"excerpt":{"rendered":"<p>Servi\u00e7o realiza a m\u00e9dia di\u00e1ria de 45 atendimentos A Secretaria Municipal de Sa\u00fade recebeu quatro novas ambul\u00e2ncias nesta semana. Os ve\u00edculos renovar\u00e3o a frota do Servi\u00e7o de Atendimento Municipal de Emerg\u00eancia (Same), antiga Central de Ambul\u00e2ncias, que funciona 24 horas. As quatro ambul\u00e2ncias 0Km s\u00e3o do modelo Renault Masters, e a Prefeitura investiu R$ 1.184,630,44 [&hellip;]<\/p>\n","protected":false},"author":8,"featured_media":24559,"comment_status":"closed","ping_status":"open","sticky":false,"template":"","format":"standard","meta":{"rop_custom_images_group":[],"rop_custom_messages_group":[],"rop_publish_now":"initial","rop_publish_now_accounts":[],"rop_publish_now_history":[],"rop_publish_now_status":"pending","footnotes":""},"categories":[188],"tags":[],"class_list":["post-24558","post","type-post","status-publish","format-standard","has-post-thumbnail","hentry","category-indaiatuba"],"amp_enabled":true,"_links":{"self":[{"href":"https:\/\/imais.online\/portal\/wp-json\/wp\/v2\/posts\/24558","targetHints":{"allow":["GET"]}}],"collection":[{"href":"https:\/\/imais.online\/portal\/wp-json\/wp\/v2\/posts"}],"about":[{"href":"https:\/\/imais.online\/portal\/wp-json\/wp\/v2\/types\/post"}],"author":[{"embeddable":true,"href":"https:\/\/imais.online\/portal\/wp-json\/wp\/v2\/users\/8"}],"replies":[{"embeddable":true,"href":"https:\/\/imais.online\/portal\/wp-json\/wp\/v2\/comments?post=24558"}],"version-history":[{"count":1,"href":"https:\/\/imais.online\/portal\/wp-json\/wp\/v2\/posts\/24558\/revisions"}],"predecessor-version":[{"id":24560,"href":"https:\/\/imais.online\/portal\/wp-json\/wp\/v2\/posts\/24558\/revisions\/24560"}],"wp:featuredmedia":[{"embeddable":true,"href":"https:\/\/imais.online\/portal\/wp-json\/wp\/v2\/media\/24559"}],"wp:attachment":[{"href":"https:\/\/imais.online\/portal\/wp-json\/wp\/v2\/media?parent=24558"}],"wp:term":[{"taxonomy":"category","embeddable":true,"href":"https:\/\/imais.online\/portal\/wp-json\/wp\/v2\/categories?post=24558"},{"taxonomy":"post_tag","embeddable":true,"href":"https:\/\/imais.online\/portal\/wp-json\/wp\/v2\/tags?post=24558"}],"curies":[{"name":"wp","href":"https:\/\/api.w.org\/{rel}","templated":true}]}}