{"id":24576,"date":"2024-10-08T09:32:22","date_gmt":"2024-10-08T12:32:22","guid":{"rendered":"https:\/\/imais.online\/portal\/?p=24576"},"modified":"2024-10-08T09:32:23","modified_gmt":"2024-10-08T12:32:23","slug":"funssol-arrecada-mais-de-500-quilos-de-balas-na-campanha-de-dia-das-criancas","status":"publish","type":"post","link":"https:\/\/imais.online\/portal\/funssol-arrecada-mais-de-500-quilos-de-balas-na-campanha-de-dia-das-criancas\/","title":{"rendered":"Funssol arrecada mais de 500 quilos de balas na Campanha de Dia das Crian\u00e7as"},"content":{"rendered":"<div class=\"imais-before-content-placement\" id=\"imais-2989862616\"><script async src=\"\/\/pagead2.googlesyndication.com\/pagead\/js\/adsbygoogle.js?client=ca-pub-8787528412751566\" crossorigin=\"anonymous\"><\/script><ins class=\"adsbygoogle\" style=\"display:block;\" data-ad-client=\"ca-pub-8787528412751566\" \ndata-ad-slot=\"\" \ndata-ad-format=\"auto\"><\/ins>\n<script> \n(adsbygoogle = window.adsbygoogle || []).push({}); \n<\/script>\n<\/div>\n<p><em><small>Doa\u00e7\u00f5es foram entregues para projetos sociais do mun\u00edcipio atendidos pelo Fundo Social<\/small><\/em><\/p>\n\n\n\n<p>A Prefeitura de Indaiatuba, por meio do Fundo Social de Solidariedade (Funssol), realiza a entrega dos itens arrecadados na Campanha de Dia das Crian\u00e7as para 40 projetos sociais atendidos. A a\u00e7\u00e3o que aconteceu no per\u00edodo de 2 de agosto a 30 de setembro arrecadou 520 quilos de balas, 7.391 pacotes de bolachas e 33 kits de doces.<\/p>\n\n\n\n<p>Contribu\u00edram com a campanha: &nbsp;associa\u00e7\u00f5es, escolas, empresas, alunos dos projetos de gera\u00e7\u00e3o de renda, &nbsp;das oficinas culturais, projeto Movimento e Vida Feliz, bem como, da Funda\u00e7\u00e3o Indaiatubana de Educa\u00e7\u00e3o e Cultura (Fiec), funcion\u00e1rios do Pa\u00e7o Municipal, alunos do Departamento de Lazer, Secretaria de Engenharia e o Gabinete do prefeito. Toda a a\u00e7\u00e3o foi realizada de maneira interna e as pessoas, que demonstraram interesse em ajudar atrav\u00e9s da caixa deixada em frente ao Funssol, podiam colaborar.<\/p>\n\n\n\n<p>\u00a0\u201cJ\u00e1 \u00e9 a segunda vez que realizamos a Campanha de dia das Crian\u00e7as e , assim como a primeira, esta foi um sucesso. Gostaria de agradecer a todos que nos ajudaram a fazer o dia destas crian\u00e7as mais\u00a0 feliz\u201d, pontua a Presidente do Funssol, Maria das Gra\u00e7as Ara\u00fajo M\u00e1ssimo. \u00a0<\/p>\n\n\n\n<p><strong>#PraTodosVerem:\u00a0<\/strong>A Presidente do Fundo Social de Solidariedade, Maria das Gra\u00e7as, na entrega das doa\u00e7\u00f5es da Campanha de Dia das Crian\u00e7as. E ao fundo os itens arrecadados. Fim de descri\u00e7\u00e3o.<\/p>\n","protected":false},"excerpt":{"rendered":"<p>Doa\u00e7\u00f5es foram entregues para projetos sociais do mun\u00edcipio atendidos pelo Fundo Social A Prefeitura de Indaiatuba, por meio do Fundo Social de Solidariedade (Funssol), realiza a entrega dos itens arrecadados na Campanha de Dia das Crian\u00e7as para 40 projetos sociais atendidos. A a\u00e7\u00e3o que aconteceu no per\u00edodo de 2 de agosto a 30 de setembro [&hellip;]<\/p>\n","protected":false},"author":8,"featured_media":24577,"comment_status":"closed","ping_status":"open","sticky":false,"template":"","format":"standard","meta":{"rop_custom_images_group":[],"rop_custom_messages_group":[],"rop_publish_now":"initial","rop_publish_now_accounts":[],"rop_publish_now_history":[],"rop_publish_now_status":"pending","footnotes":""},"categories":[188],"tags":[73],"class_list":["post-24576","post","type-post","status-publish","format-standard","has-post-thumbnail","hentry","category-indaiatuba","tag-featured"],"amp_enabled":true,"_links":{"self":[{"href":"https:\/\/imais.online\/portal\/wp-json\/wp\/v2\/posts\/24576","targetHints":{"allow":["GET"]}}],"collection":[{"href":"https:\/\/imais.online\/portal\/wp-json\/wp\/v2\/posts"}],"about":[{"href":"https:\/\/imais.online\/portal\/wp-json\/wp\/v2\/types\/post"}],"author":[{"embeddable":true,"href":"https:\/\/imais.online\/portal\/wp-json\/wp\/v2\/users\/8"}],"replies":[{"embeddable":true,"href":"https:\/\/imais.online\/portal\/wp-json\/wp\/v2\/comments?post=24576"}],"version-history":[{"count":1,"href":"https:\/\/imais.online\/portal\/wp-json\/wp\/v2\/posts\/24576\/revisions"}],"predecessor-version":[{"id":24578,"href":"https:\/\/imais.online\/portal\/wp-json\/wp\/v2\/posts\/24576\/revisions\/24578"}],"wp:featuredmedia":[{"embeddable":true,"href":"https:\/\/imais.online\/portal\/wp-json\/wp\/v2\/media\/24577"}],"wp:attachment":[{"href":"https:\/\/imais.online\/portal\/wp-json\/wp\/v2\/media?parent=24576"}],"wp:term":[{"taxonomy":"category","embeddable":true,"href":"https:\/\/imais.online\/portal\/wp-json\/wp\/v2\/categories?post=24576"},{"taxonomy":"post_tag","embeddable":true,"href":"https:\/\/imais.online\/portal\/wp-json\/wp\/v2\/tags?post=24576"}],"curies":[{"name":"wp","href":"https:\/\/api.w.org\/{rel}","templated":true}]}}