{"id":24579,"date":"2024-10-08T09:33:44","date_gmt":"2024-10-08T12:33:44","guid":{"rendered":"https:\/\/imais.online\/portal\/?p=24579"},"modified":"2024-10-08T09:33:45","modified_gmt":"2024-10-08T12:33:45","slug":"saae-entrega-reservatorio-do-bairro-tombadouro-com-capacidade-de-3-milhoes-de-litros","status":"publish","type":"post","link":"https:\/\/imais.online\/portal\/saae-entrega-reservatorio-do-bairro-tombadouro-com-capacidade-de-3-milhoes-de-litros\/","title":{"rendered":"Saae entrega reservat\u00f3rio do bairro Tombadouro com capacidade de 3 milh\u00f5es de litros"},"content":{"rendered":"<div class=\"imais-before-content-placement\" id=\"imais-1582716183\"><script async src=\"\/\/pagead2.googlesyndication.com\/pagead\/js\/adsbygoogle.js?client=ca-pub-8787528412751566\" crossorigin=\"anonymous\"><\/script><ins class=\"adsbygoogle\" style=\"display:block;\" data-ad-client=\"ca-pub-8787528412751566\" \ndata-ad-slot=\"\" \ndata-ad-format=\"auto\"><\/ins>\n<script> \n(adsbygoogle = window.adsbygoogle || []).push({}); \n<\/script>\n<\/div>\n<p><em><small>Reservat\u00f3rio faz parte do projeto de amplia\u00e7\u00e3o da capacidade h\u00eddrica do munic\u00edpio<\/small><\/em><\/p>\n\n\n\n<p>O Servi\u00e7o Aut\u00f4nomo de \u00c1gua e Esgotos (Saae) entrega novo reservat\u00f3rio localizado no bairro do Tombadouro. As obras finalizaram no final de agosto, por\u00e9m foi necess\u00e1rio passar por um m\u00eas de teste, e agora j\u00e1 est\u00e1 dispon\u00edvel para a popula\u00e7\u00e3o. A capacidade de armazenamento de \u00e1gua tratada \u00e9 de 3 milh\u00f5es de litros que \u00e9 disponibilizada n\u00e3o apenas para os moradores do local, mas para toda cidade.<\/p>\n\n\n\n<p>A nova esta\u00e7\u00e3o ter\u00e1 capacidade inicial para tratar 150 litros de \u00e1gua por segundo, com pretens\u00e3o de no futuro ser expandida, para 300 litros por segundo. Um novo reservat\u00f3rio com capacidade de 1 milh\u00e3o de litros tamb\u00e9m ser\u00e1 constru\u00eddo dentro do complexo da nova ETA. Atualmente, este reservat\u00f3rio armazena \u00e1guas tratadas na&nbsp;Esta\u00e7\u00e3o de Tratamento de \u00c1gua da Vila Ava\u00ed (ETA I), grande respons\u00e1vel pelo abastecimento da Zona Norte da cidade. A intens\u00e3o \u00e9 que depois passe a receber \u00e1guas da ETA VI, que j\u00e1 est\u00e1 em obras.<\/p>\n\n\n\n<p>O Saae tamb\u00e9m planeja a constru\u00e7\u00e3o de mais dois reservat\u00f3rios nos bairros Itaici e Santa Maria, cada um deles com, respectivamente, 2 milh\u00f5es de litros e 1,5 milh\u00f5es de litros de capacidade. Al\u00e9m destes, o reservat\u00f3rio do bairro Altos Bela Vista ser\u00e1 substitu\u00eddo.<\/p>\n\n\n\n<p>Na conclus\u00e3o das&nbsp;obras, Indaiatuba ganha mais 7,5 milh\u00f5es de litros em capacidade de armazenamento de \u00e1gua tratada, dando um passo importante na seguran\u00e7a h\u00eddrica de toda a cidade, mesmo em tempos de estiagem.<\/p>\n\n\n\n<p><strong>#PraTodosVerem1:\u00a0<\/strong>A imagem mostra um grande reservat\u00f3rio de \u00e1gua cil\u00edndrico, composto por chapas met\u00e1licas na cor preta. H\u00e1 um adesivo com a logomarca do Saae no topo do reservat\u00f3rio. C\u00e9u claro e sem nuvens, solo coberto por grama rec\u00e9m-plantada. Fim da descri\u00e7\u00e3o.\u00a0<\/p>\n\n\n\n<p><strong>#PraTodosVerem:\u00a0<\/strong>A imagem mostra um grande reservat\u00f3rio de \u00e1gua cil\u00edndrico, composto por chapas met\u00e1licas na cor preta. H\u00e1 um adesivo com a logomarca do Saae no topo do reservat\u00f3rio. C\u00e9u claro e sem nuvens, solo coberto por grama rec\u00e9m-plantada. Fim da descri\u00e7\u00e3o.<\/p>\n","protected":false},"excerpt":{"rendered":"<p>Reservat\u00f3rio faz parte do projeto de amplia\u00e7\u00e3o da capacidade h\u00eddrica do munic\u00edpio O Servi\u00e7o Aut\u00f4nomo de \u00c1gua e Esgotos (Saae) entrega novo reservat\u00f3rio localizado no bairro do Tombadouro. As obras finalizaram no final de agosto, por\u00e9m foi necess\u00e1rio passar por um m\u00eas de teste, e agora j\u00e1 est\u00e1 dispon\u00edvel para a popula\u00e7\u00e3o. A capacidade de [&hellip;]<\/p>\n","protected":false},"author":8,"featured_media":24580,"comment_status":"closed","ping_status":"open","sticky":false,"template":"","format":"standard","meta":{"rop_custom_images_group":[],"rop_custom_messages_group":[],"rop_publish_now":"initial","rop_publish_now_accounts":[],"rop_publish_now_history":[],"rop_publish_now_status":"pending","footnotes":""},"categories":[188],"tags":[],"class_list":["post-24579","post","type-post","status-publish","format-standard","has-post-thumbnail","hentry","category-indaiatuba"],"amp_enabled":true,"_links":{"self":[{"href":"https:\/\/imais.online\/portal\/wp-json\/wp\/v2\/posts\/24579","targetHints":{"allow":["GET"]}}],"collection":[{"href":"https:\/\/imais.online\/portal\/wp-json\/wp\/v2\/posts"}],"about":[{"href":"https:\/\/imais.online\/portal\/wp-json\/wp\/v2\/types\/post"}],"author":[{"embeddable":true,"href":"https:\/\/imais.online\/portal\/wp-json\/wp\/v2\/users\/8"}],"replies":[{"embeddable":true,"href":"https:\/\/imais.online\/portal\/wp-json\/wp\/v2\/comments?post=24579"}],"version-history":[{"count":1,"href":"https:\/\/imais.online\/portal\/wp-json\/wp\/v2\/posts\/24579\/revisions"}],"predecessor-version":[{"id":24581,"href":"https:\/\/imais.online\/portal\/wp-json\/wp\/v2\/posts\/24579\/revisions\/24581"}],"wp:featuredmedia":[{"embeddable":true,"href":"https:\/\/imais.online\/portal\/wp-json\/wp\/v2\/media\/24580"}],"wp:attachment":[{"href":"https:\/\/imais.online\/portal\/wp-json\/wp\/v2\/media?parent=24579"}],"wp:term":[{"taxonomy":"category","embeddable":true,"href":"https:\/\/imais.online\/portal\/wp-json\/wp\/v2\/categories?post=24579"},{"taxonomy":"post_tag","embeddable":true,"href":"https:\/\/imais.online\/portal\/wp-json\/wp\/v2\/tags?post=24579"}],"curies":[{"name":"wp","href":"https:\/\/api.w.org\/{rel}","templated":true}]}}