{"id":24593,"date":"2024-10-10T07:07:22","date_gmt":"2024-10-10T10:07:22","guid":{"rendered":"https:\/\/imais.online\/portal\/?p=24593"},"modified":"2024-10-10T07:07:23","modified_gmt":"2024-10-10T10:07:23","slug":"shopping-jaragua-indaiatuba-divulga-programacao-especial-para-o-dia-das-criancas-e-festa-do-morango","status":"publish","type":"post","link":"https:\/\/imais.online\/portal\/shopping-jaragua-indaiatuba-divulga-programacao-especial-para-o-dia-das-criancas-e-festa-do-morango\/","title":{"rendered":"Shopping Jaragu\u00e1 Indaiatuba divulga programa\u00e7\u00e3o especial para o Dia das Crian\u00e7as e Festa do Morango"},"content":{"rendered":"<div class=\"imais-before-content-placement\" id=\"imais-1989731006\"><script async src=\"\/\/pagead2.googlesyndication.com\/pagead\/js\/adsbygoogle.js?client=ca-pub-8787528412751566\" crossorigin=\"anonymous\"><\/script><ins class=\"adsbygoogle\" style=\"display:block;\" data-ad-client=\"ca-pub-8787528412751566\" \ndata-ad-slot=\"\" \ndata-ad-format=\"auto\"><\/ins>\n<script> \n(adsbygoogle = window.adsbygoogle || []).push({}); \n<\/script>\n<\/div>\n<p>O Shopping Jaragu\u00e1 Indaiatuba preparou uma s\u00e9rie de atra\u00e7\u00f5es para celebrar o Dia das Crian\u00e7as nesta semana, oferecendo atividades divertidas e interativas para o p\u00fablico infantil. A programa\u00e7\u00e3o inclui m\u00fasica ao vivo, presen\u00e7a de personagens para fotos e um parque infl\u00e1vel, tudo com entrada gratuita.<\/p>\n\n\n\n<p>No dia 11 de outubro, \u00e0s 19h30, a cantora mirim Helo\u00edsa Viana, participante do programa <em>Canta Comigo<\/em> da TV Record, se apresentar\u00e1 na <em>Pitada Musical Especial<\/em>. A jovem promessa interpretar\u00e1 sucessos da m\u00fasica sertaneja, trazendo encanto e talento ao palco do shopping.<\/p>\n\n\n<div class=\"wp-block-image\">\n<figure class=\"aligncenter size-full is-resized\"><img loading=\"lazy\" decoding=\"async\" width=\"940\" height=\"788\" src=\"https:\/\/imais.online\/portal\/wp-content\/uploads\/2024\/10\/heloisa.jpg\" alt=\"\" class=\"wp-image-24594\" style=\"aspect-ratio:1.1928934010152283;width:384px;height:auto\" srcset=\"https:\/\/imais.online\/portal\/wp-content\/uploads\/2024\/10\/heloisa.jpg 940w, https:\/\/imais.online\/portal\/wp-content\/uploads\/2024\/10\/heloisa-300x251.jpg 300w, https:\/\/imais.online\/portal\/wp-content\/uploads\/2024\/10\/heloisa-768x644.jpg 768w\" sizes=\"auto, (max-width: 940px) 100vw, 940px\" \/><\/figure>\n<\/div>\n\n\n<p>J\u00e1 no 12 de outubro, das 15h \u00e0s 18h, as crian\u00e7as ter\u00e3o a oportunidade de interagir com personagens divertidos. Al\u00e9m das fotos, o evento promete momentos de muita alegria e descontra\u00e7\u00e3o, com participa\u00e7\u00e3o gratuita.<\/p>\n\n\n<div class=\"wp-block-image\">\n<figure class=\"aligncenter size-full is-resized\"><img loading=\"lazy\" decoding=\"async\" width=\"739\" height=\"986\" src=\"https:\/\/imais.online\/portal\/wp-content\/uploads\/2024\/10\/bolo.jpg\" alt=\"\" class=\"wp-image-24595\" style=\"aspect-ratio:0.7494929006085193;width:448px;height:auto\" srcset=\"https:\/\/imais.online\/portal\/wp-content\/uploads\/2024\/10\/bolo.jpg 739w, https:\/\/imais.online\/portal\/wp-content\/uploads\/2024\/10\/bolo-225x300.jpg 225w\" sizes=\"auto, (max-width: 739px) 100vw, 739px\" \/><\/figure>\n<\/div>\n\n\n<p>A programa\u00e7\u00e3o segue no dia 13 de outubro, das 15h \u00e0s 18h, com um parquinho infl\u00e1vel montado na Pra\u00e7a Paulo Ant\u00f4nio Lui, em frente \u00e0 fonte. Esta atra\u00e7\u00e3o promete divertir crian\u00e7as de todas as idades, tamb\u00e9m com acesso gratuito.<\/p>\n\n\n\n<figure class=\"wp-block-image size-large\"><img loading=\"lazy\" decoding=\"async\" width=\"1024\" height=\"474\" src=\"https:\/\/imais.online\/portal\/wp-content\/uploads\/2024\/10\/parque-1024x474.jpg\" alt=\"\" class=\"wp-image-24596\" srcset=\"https:\/\/imais.online\/portal\/wp-content\/uploads\/2024\/10\/parque-1024x474.jpg 1024w, https:\/\/imais.online\/portal\/wp-content\/uploads\/2024\/10\/parque-300x139.jpg 300w, https:\/\/imais.online\/portal\/wp-content\/uploads\/2024\/10\/parque-768x356.jpg 768w, https:\/\/imais.online\/portal\/wp-content\/uploads\/2024\/10\/parque.jpg 1080w\" sizes=\"auto, (max-width: 1024px) 100vw, 1024px\" \/><\/figure>\n\n\n\n<p><strong>Festa do Morango<\/strong><\/p>\n\n\n\n<p>Indaiatuba se prepara para receber a partir desta quinta-feira (10) a \u201c1\u00aa Festa do Morango\u201d. O evento, que ter\u00e1 entrada gratuita e vai at\u00e9 domingo (13), acontecer\u00e1 no estacionamento ao lado do Shopping Jaragu\u00e1 Indaiatuba<\/p>\n\n\n\n<figure class=\"wp-block-image size-large\"><img loading=\"lazy\" decoding=\"async\" width=\"1024\" height=\"576\" src=\"https:\/\/imais.online\/portal\/wp-content\/uploads\/2024\/10\/morango-1024x576.jpg\" alt=\"\" class=\"wp-image-24597\" srcset=\"https:\/\/imais.online\/portal\/wp-content\/uploads\/2024\/10\/morango-1024x576.jpg 1024w, https:\/\/imais.online\/portal\/wp-content\/uploads\/2024\/10\/morango-300x169.jpg 300w, https:\/\/imais.online\/portal\/wp-content\/uploads\/2024\/10\/morango-768x432.jpg 768w, https:\/\/imais.online\/portal\/wp-content\/uploads\/2024\/10\/morango.jpg 1139w\" sizes=\"auto, (max-width: 1024px) 100vw, 1024px\" \/><\/figure>\n\n\n\n<p>Para quem gosta de morango, op\u00e7\u00f5es n\u00e3o faltar\u00e3o como espeto de morango, morango do nordeste, bolo de pote de morango, crepe de morango, pav\u00ea de morango, torta de morango, fondue de morango, fondue de pistache com morango, coxinha de morango de pistache, churros de morango, torresmo de rolo com geleia de morango, burger de morango, burger com salada de morango, coxinha de morango, pastel de morango, chopp de morango, licor de morango, milkshake de morango, sorvete de morango, vinagrete de morango, caipirinha de morango, drinks de morango, bombom de morango, croissant de morango, estrogonofe de morango, pizza de morango, nacho com geleia de morango, merengue de morango, churros com pistache e morango, morangos frescos, entre outros pratos apetitosos.<\/p>\n\n\n\n<p>A festa vai oferecer outras op\u00e7\u00f5es gastron\u00f4micas como torresmo de rolo, costela, burger na parrilla, bai\u00e3o de dois, feij\u00e3o tropeiro, espetinho, past\u00e9is, comida mexicana, batata frita, coxinha, arroz carreteiro, doces caseiros, churros, doce de ninho com morango, al\u00e9m de diversos drinks, chopp e muito mais. \u201cEsse evento, que \u00e9 o primeiro em Indaiatuba, tem sido um sucesso por onde passa. Teremos muitas op\u00e7\u00f5es de pratos com morango al\u00e9m de outras variedades da gastronomia. As atra\u00e7\u00f5es musicais tamb\u00e9m ganham destaque nessa festa para abrilhantar todos os dias do nosso evento\u201d, disse L\u00edlian de Paula, organizadora.<\/p>\n\n\n<div class=\"wp-block-image\">\n<figure class=\"aligncenter size-large is-resized\"><img loading=\"lazy\" decoding=\"async\" width=\"1024\" height=\"576\" src=\"https:\/\/imais.online\/portal\/wp-content\/uploads\/2024\/10\/festa-1024x576.jpg\" alt=\"\" class=\"wp-image-24598\" style=\"aspect-ratio:1.7777777777777777;width:478px;height:auto\" srcset=\"https:\/\/imais.online\/portal\/wp-content\/uploads\/2024\/10\/festa-1024x576.jpg 1024w, https:\/\/imais.online\/portal\/wp-content\/uploads\/2024\/10\/festa-300x169.jpg 300w, https:\/\/imais.online\/portal\/wp-content\/uploads\/2024\/10\/festa-768x432.jpg 768w, https:\/\/imais.online\/portal\/wp-content\/uploads\/2024\/10\/festa.jpg 1280w\" sizes=\"auto, (max-width: 1024px) 100vw, 1024px\" \/><\/figure>\n<\/div>\n\n\n<p><strong>Concurso<\/strong><\/p>\n\n\n\n<p>A 1\u00aa Festa do Morango em Indaiatuba traz o concurso infantil \u2018Pr\u00edncipe e Princesa do Morango\u2019. Para participar, acesse a rede social do evento: @festadomorango.oficial e veja as regras. E para celebrar o Dia das Crian\u00e7as, a 1\u00aa Festa do Morango vai contar com um lindo espa\u00e7o kids<\/p>\n\n\n\n<p><strong>M\u00fasica<\/strong><\/p>\n\n\n\n<p>O evento vai acontecer com uma programa\u00e7\u00e3o musical para todos os dias de festa. Confira:<\/p>\n\n\n\n<p>Quinta (10) &#8211; 19h \u2013 Banda Legi\u00e3o Cover (Tributo Legi\u00e3o Urbana);<\/p>\n\n\n\n<p>Sexta (11) \u2013 18h Show Especial com personagens infantis;<\/p>\n\n\n\n<p>Sexta (11) \u2013 20h Vini Nery (Especial Queen);<\/p>\n\n\n\n<p>S\u00e1bado (12) \u2013 20h Banda Confisco (Tributo Charlie Brown Jr.);<\/p>\n\n\n\n<p>Domingo (13) &#8211; 19h \u2013 Banda Mr. Brownstone Guns N\u2019 Roses Cover (Especial Guns N\u2019 Roses)<\/p>\n\n\n\n<p><strong>Hor\u00e1rio especial de funcionamento \u2013 Feriado de 12 de outubro<\/strong><\/p>\n\n\n\n<p>O Shopping Jaragu\u00e1 tamb\u00e9m informa seu hor\u00e1rio especial para o feriado de Nossa Senhora Aparecida, no 12 de outubro (s\u00e1bado):<\/p>\n\n\n\n<ul class=\"wp-block-list\">\n<li>Lojas Sat\u00e9lites\/ \u00c2ncoras: funcionamento das 12h \u00e0s 18h, com hor\u00e1rio facultativo das 10h \u00e0s 12h e das 18h \u00e0s 22h.<\/li>\n\n\n\n<li>Alimenta\u00e7\u00e3o, Lazer e Entretenimento: das 11h \u00e0s 22h.<\/li>\n\n\n\n<li>Cinema: consulte a programa\u00e7\u00e3o completa no site <a href=\"http:\/\/www.topaziocinemas.com.br\">www.topaziocinemas.com.br<\/a>.<\/li>\n<\/ul>\n\n\n\n<p><strong>Sobre o Shopping Jaragu\u00e1 Indaiatuba<\/strong><\/p>\n\n\n\n<p>O Shopping Jaragu\u00e1 Indaiatuba \u00e9 uma empresa do Grupo Sol Panamby e administrado pela WE9, inaugurado em 1993, \u00e9 o destino preferido das fam\u00edlias em um ambiente confort\u00e1vel e seguro, conta com uma infraestrutura completa, com mix de lojas diversificado, estacionamento, pra\u00e7a de alimenta\u00e7\u00e3o com v\u00e1rias op\u00e7\u00f5es gastron\u00f4micas, al\u00e9m de opera\u00e7\u00f5es de servi\u00e7os e de lazer<\/p>\n\n\n\n<p>Endere\u00e7o: Rua Quinze de Novembro, 1.200, Centro.<br>Informa\u00e7\u00f5es: (19) 3875-8933<br>Site: <a href=\"http:\/\/www.shoppingjaragua.com.br\/indaiatuba\">www.shoppingjaragua.com.br\/indaiatuba<\/a><\/p>\n","protected":false},"excerpt":{"rendered":"<p>O Shopping Jaragu\u00e1 Indaiatuba preparou uma s\u00e9rie de atra\u00e7\u00f5es para celebrar o Dia das Crian\u00e7as nesta semana, oferecendo atividades divertidas e interativas para o p\u00fablico infantil. A programa\u00e7\u00e3o inclui m\u00fasica ao vivo, presen\u00e7a de personagens para fotos e um parque infl\u00e1vel, tudo com entrada gratuita. No dia 11 de outubro, \u00e0s 19h30, a cantora mirim [&hellip;]<\/p>\n","protected":false},"author":7,"featured_media":24599,"comment_status":"closed","ping_status":"open","sticky":false,"template":"","format":"standard","meta":{"rop_custom_images_group":[],"rop_custom_messages_group":[],"rop_publish_now":"initial","rop_publish_now_accounts":[],"rop_publish_now_history":[],"rop_publish_now_status":"pending","footnotes":""},"categories":[188],"tags":[73],"class_list":["post-24593","post","type-post","status-publish","format-standard","has-post-thumbnail","hentry","category-indaiatuba","tag-featured"],"amp_enabled":true,"_links":{"self":[{"href":"https:\/\/imais.online\/portal\/wp-json\/wp\/v2\/posts\/24593","targetHints":{"allow":["GET"]}}],"collection":[{"href":"https:\/\/imais.online\/portal\/wp-json\/wp\/v2\/posts"}],"about":[{"href":"https:\/\/imais.online\/portal\/wp-json\/wp\/v2\/types\/post"}],"author":[{"embeddable":true,"href":"https:\/\/imais.online\/portal\/wp-json\/wp\/v2\/users\/7"}],"replies":[{"embeddable":true,"href":"https:\/\/imais.online\/portal\/wp-json\/wp\/v2\/comments?post=24593"}],"version-history":[{"count":1,"href":"https:\/\/imais.online\/portal\/wp-json\/wp\/v2\/posts\/24593\/revisions"}],"predecessor-version":[{"id":24600,"href":"https:\/\/imais.online\/portal\/wp-json\/wp\/v2\/posts\/24593\/revisions\/24600"}],"wp:featuredmedia":[{"embeddable":true,"href":"https:\/\/imais.online\/portal\/wp-json\/wp\/v2\/media\/24599"}],"wp:attachment":[{"href":"https:\/\/imais.online\/portal\/wp-json\/wp\/v2\/media?parent=24593"}],"wp:term":[{"taxonomy":"category","embeddable":true,"href":"https:\/\/imais.online\/portal\/wp-json\/wp\/v2\/categories?post=24593"},{"taxonomy":"post_tag","embeddable":true,"href":"https:\/\/imais.online\/portal\/wp-json\/wp\/v2\/tags?post=24593"}],"curies":[{"name":"wp","href":"https:\/\/api.w.org\/{rel}","templated":true}]}}