{"id":24620,"date":"2024-10-11T17:25:42","date_gmt":"2024-10-11T20:25:42","guid":{"rendered":"https:\/\/imais.online\/portal\/?p=24620"},"modified":"2024-10-11T17:25:43","modified_gmt":"2024-10-11T20:25:43","slug":"educacao-abre-vagas-na-pre-escola-para-alunos-que-estao-fora-da-rede-publica-de-indaiatuba","status":"publish","type":"post","link":"https:\/\/imais.online\/portal\/educacao-abre-vagas-na-pre-escola-para-alunos-que-estao-fora-da-rede-publica-de-indaiatuba\/","title":{"rendered":"Educa\u00e7\u00e3o abre vagas na pr\u00e9-escola para alunos que est\u00e3o fora da Rede P\u00fablica de Indaiatuba"},"content":{"rendered":"<div class=\"imais-before-content-placement\" id=\"imais-434186950\"><script async src=\"\/\/pagead2.googlesyndication.com\/pagead\/js\/adsbygoogle.js?client=ca-pub-8787528412751566\" crossorigin=\"anonymous\"><\/script><ins class=\"adsbygoogle\" style=\"display:block;\" data-ad-client=\"ca-pub-8787528412751566\" \ndata-ad-slot=\"\" \ndata-ad-format=\"auto\"><\/ins>\n<script> \n(adsbygoogle = window.adsbygoogle || []).push({}); \n<\/script>\n<\/div>\n<p><em><small>Vagas s\u00e3o para nascidos do dia 01\/04\/2020 a 31\/03\/2021 (1\u00aa Etapa 2025) e 01\/04\/2019 a 31\/03\/2020 (2\u00aa Etapa 2025)<\/small><\/em><\/p>\n\n\n\n<p>A Secretaria Municipal de Educa\u00e7\u00e3o informa que o per\u00edodo de inscri\u00e7\u00f5es para crian\u00e7as que est\u00e3o fora da Rede P\u00fablica de Indaiatuba, com idade para cursar a pr\u00e9-escola, estar\u00e1 aberto de 14\/10 a 25\/10. Esta fase envolve os nascidos do dia 01\/04\/2020 a 31\/03\/2021 (1\u00aa Etapa 2025) e 01\/04\/2019 a 31\/03\/2020 (2\u00aa Etapa 2025).<\/p>\n\n\n\n<p>Os interessados dever\u00e3o procurar a unidade escolar mais pr\u00f3xima de sua resid\u00eancia. Para realizar a inscri\u00e7\u00e3o \u00e9 necess\u00e1rio levar xerox da certid\u00e3o de nascimento, do comprovante de endere\u00e7o atualizado e do RG do pai, m\u00e3e ou respons\u00e1vel legal.<\/p>\n\n\n\n<p>As inscri\u00e7\u00f5es ser\u00e3o analisadas e posteriormente ocorrer\u00e1 a devolutiva aos respons\u00e1veis informando em qual escola a vaga ser\u00e1 ofertada.<\/p>\n\n\n\n<p class=\"has-small-font-size\"><strong>#PraTodosVerem:\u00a0<\/strong>A foto mostra uma menina aparentando uns tr\u00eas anos, de cabelo escuro, com rabo de cavalo com cachinhos e la\u00e7o rosa, ela est\u00e1 de camiseta branca, com o um cora\u00e7\u00e3o vermelho, no p\u00e1tio da unidade escolar.<\/p>\n\n\n\n<p><\/p>\n","protected":false},"excerpt":{"rendered":"<p>Vagas s\u00e3o para nascidos do dia 01\/04\/2020 a 31\/03\/2021 (1\u00aa Etapa 2025) e 01\/04\/2019 a 31\/03\/2020 (2\u00aa Etapa 2025) A Secretaria Municipal de Educa\u00e7\u00e3o informa que o per\u00edodo de inscri\u00e7\u00f5es para crian\u00e7as que est\u00e3o fora da Rede P\u00fablica de Indaiatuba, com idade para cursar a pr\u00e9-escola, estar\u00e1 aberto de 14\/10 a 25\/10. Esta fase envolve [&hellip;]<\/p>\n","protected":false},"author":8,"featured_media":24621,"comment_status":"closed","ping_status":"open","sticky":false,"template":"","format":"standard","meta":{"rop_custom_images_group":[],"rop_custom_messages_group":[],"rop_publish_now":"initial","rop_publish_now_accounts":[],"rop_publish_now_history":[],"rop_publish_now_status":"pending","footnotes":""},"categories":[188],"tags":[],"class_list":["post-24620","post","type-post","status-publish","format-standard","has-post-thumbnail","hentry","category-indaiatuba"],"amp_enabled":true,"_links":{"self":[{"href":"https:\/\/imais.online\/portal\/wp-json\/wp\/v2\/posts\/24620","targetHints":{"allow":["GET"]}}],"collection":[{"href":"https:\/\/imais.online\/portal\/wp-json\/wp\/v2\/posts"}],"about":[{"href":"https:\/\/imais.online\/portal\/wp-json\/wp\/v2\/types\/post"}],"author":[{"embeddable":true,"href":"https:\/\/imais.online\/portal\/wp-json\/wp\/v2\/users\/8"}],"replies":[{"embeddable":true,"href":"https:\/\/imais.online\/portal\/wp-json\/wp\/v2\/comments?post=24620"}],"version-history":[{"count":1,"href":"https:\/\/imais.online\/portal\/wp-json\/wp\/v2\/posts\/24620\/revisions"}],"predecessor-version":[{"id":24622,"href":"https:\/\/imais.online\/portal\/wp-json\/wp\/v2\/posts\/24620\/revisions\/24622"}],"wp:featuredmedia":[{"embeddable":true,"href":"https:\/\/imais.online\/portal\/wp-json\/wp\/v2\/media\/24621"}],"wp:attachment":[{"href":"https:\/\/imais.online\/portal\/wp-json\/wp\/v2\/media?parent=24620"}],"wp:term":[{"taxonomy":"category","embeddable":true,"href":"https:\/\/imais.online\/portal\/wp-json\/wp\/v2\/categories?post=24620"},{"taxonomy":"post_tag","embeddable":true,"href":"https:\/\/imais.online\/portal\/wp-json\/wp\/v2\/tags?post=24620"}],"curies":[{"name":"wp","href":"https:\/\/api.w.org\/{rel}","templated":true}]}}