{"id":24635,"date":"2024-10-13T19:35:53","date_gmt":"2024-10-13T22:35:53","guid":{"rendered":"https:\/\/imais.online\/portal\/?p=24635"},"modified":"2024-10-13T19:35:54","modified_gmt":"2024-10-13T22:35:54","slug":"morre-no-rio-de-janeiro-o-publicitario-washington-olivetto","status":"publish","type":"post","link":"https:\/\/imais.online\/portal\/morre-no-rio-de-janeiro-o-publicitario-washington-olivetto\/","title":{"rendered":"Morre no Rio de Janeiro o publicit\u00e1rio Washington Olivetto"},"content":{"rendered":"<div class=\"imais-before-content-placement\" id=\"imais-924134380\"><script async src=\"\/\/pagead2.googlesyndication.com\/pagead\/js\/adsbygoogle.js?client=ca-pub-8787528412751566\" crossorigin=\"anonymous\"><\/script><ins class=\"adsbygoogle\" style=\"display:block;\" data-ad-client=\"ca-pub-8787528412751566\" \ndata-ad-slot=\"\" \ndata-ad-format=\"auto\"><\/ins>\n<script> \n(adsbygoogle = window.adsbygoogle || []).push({}); \n<\/script>\n<\/div>\n<h2 class=\"wp-block-heading\">V\u00edtima de fal\u00eancia m\u00faltipla de \u00f3rg\u00e3os, Washington Olivetto se recuperava de complica\u00e7\u00f5es ap\u00f3s uma cirurgia de pulm\u00e3o<\/h2>\n\n\n\n<p>Morreu aos 73 anos neste domingo (13), por fal\u00eancia m\u00faltipla de \u00f3rg\u00e3os, o publicit\u00e1rio&nbsp;<a href=\"https:\/\/noticias.r7.com\/entrevista\/olivetto-rede-social-existe-desde-sempre-velhinhas-fofocando-sobre-os-vizinhos-sao-um-dos-exemplos-12062022\/\" target=\"_blank\" rel=\"noreferrer noopener\">Washington Olivetto<\/a>. Ele se recuperava de complica\u00e7\u00f5es ap\u00f3s uma cirurgia de pulm\u00e3o e estava internado em um hospital no&nbsp;<a href=\"https:\/\/noticias.r7.com\/rio-de-janeiro\/\" target=\"_blank\" rel=\"noreferrer noopener\">Rio de Janeiro<\/a>.<\/p>\n\n\n\n<p>Criador de algumas das campanhas de maior sucesso do pa\u00eds, Olivetto iniciou a carreira em 1969, aos dezoito anos, como redator em uma ag\u00eancia de publicidade. Desde ent\u00e3o conquistou diversos pr\u00eamios em festivais inernacionais por suas cria\u00e7\u00f5es. Ganhou, apenas na categoria filmes, mais de 50 Le\u00f5es no Festival de Publicidade de\u00a0<a rel=\"noreferrer noopener\" href=\"https:\/\/entretenimento.r7.com\/prisma\/cinema-de-segunda\/treta-em-cannes-festival-de-cinema-mais-chique-do-mundo-foi-marcado-por-barracos-entre-estrelas-e-28052024\/\" target=\"_blank\">Cannes<\/a>, na Fran\u00e7a.<\/p>\n\n\n\n<p>Considerado um dos 25 publicit\u00e1rios-chave do mundo pela revista brit\u00e2nica Media International, foi eleito duas vezes o publicit\u00e1rio do s\u00e9culo pela Associa\u00e7\u00e3o de Ag\u00eancias Latino-Americanas (Alap). Em 2009, entrou para o Hall da Fama do Festival Ibero-Americano de Publicidade (FIAP).<\/p>\n\n\n\n<p>Em 2011, recebeu na It\u00e1lia o t\u00edtulo de Comandante da Rep\u00fablica Italiana. Paulistano do bairro da Lapa, descendente de imigrantes da Lig\u00faria, \u00e9 tamb\u00e9m Cidad\u00e3o Honor\u00e1rio do Rio de Janeiro. Foi homenageado em 2013 pela escola de samba Gavi\u00f5es da Fiel. Dois anos depois, entrou para o seleto Creative Hall of Fame do The One Club, em Nova York.<\/p>\n\n\n\n<p>Olivetto foi vice-presidente de marketing da Democracia Corintiana, movimento que batizou, entre 1982 e 1984, em seu clube de cora\u00e7\u00e3o. O Sport Club Corinthians Paulista lamentou pelo falecimento do publicit\u00e1rio. O time publicou uma nota de pesar em uma rede social. \u201cO Sport Club Corinthians Paulista lamenta o falecimento do publicit\u00e1rio Washington Olivetto, aos 73 anos, que aconteceu na tarde deste domingo (13). Um dos \u00edcones da publicidade, herdou a paix\u00e3o pelo Corinthians de seu tio Armando. Olivetto foi vice-presidente de Marketing do Clube e al\u00e9m de ser um dos fundadores do movimento Democracia Corinthians. Autor dos livros \u201cCorinthians x Outros\u201d e \u201cCorinthians \u2013 \u00c9 Preto no Branco\u201d. O Corinthians se solidariza com a fam\u00edlia nesse momento de dor.\u201d<\/p>\n\n\n\n<p>O ministro das Rela\u00e7\u00f5es Institucionais do presidente Lula, Alexandre Padilha, tamb\u00e9m usou as redes sociais para manifestar pesar pela morte de Olivetto. \u201cLUTO! Partiu o grande Washington Olivetto. Um dos maiores publicit\u00e1rios do Brasil respons\u00e1vel por grandes campanhas e inclusive a Democracia Corinthiana. Meus sentimentos aos amigos e familiares\u201d, escreveu Padilha.<\/p>\n\n\n\n<h3 class=\"wp-block-heading\">Sequestro em 2001<\/h3>\n\n\n\n<p>Em dezembro de 2001 Olivetto foi sequestrado e passou 53 dias em um cativeiro no bairro do Brooklin (zona sul de S\u00e3o Paulo), at\u00e9 ser libertado. Os dois sequestradores foram presos e cumpriam pena em um pres\u00eddio especial para condenados estrangeiros em Ita\u00ed, no oeste de S\u00e3o Paulo. Willian Becerra \u00e9 colombiano e Marcelo Ortega chileno.<\/p>\n\n\n\n<p>Os sequestradores foram condenados a 30 anos de pris\u00e3o. Tanto o colombiano como o chileno cumpriram um sexto da pena em regime fechado. Mas em 2009 ganharam direito a progress\u00e3o de regime.<\/p>\n\n\n\n<p>Fonte R7<\/p>\n","protected":false},"excerpt":{"rendered":"<p>V\u00edtima de fal\u00eancia m\u00faltipla de \u00f3rg\u00e3os, Washington Olivetto se recuperava de complica\u00e7\u00f5es ap\u00f3s uma cirurgia de pulm\u00e3o Morreu aos 73 anos neste domingo (13), por fal\u00eancia m\u00faltipla de \u00f3rg\u00e3os, o publicit\u00e1rio&nbsp;Washington Olivetto. Ele se recuperava de complica\u00e7\u00f5es ap\u00f3s uma cirurgia de pulm\u00e3o e estava internado em um hospital no&nbsp;Rio de Janeiro. Criador de algumas das [&hellip;]<\/p>\n","protected":false},"author":8,"featured_media":24636,"comment_status":"closed","ping_status":"open","sticky":false,"template":"","format":"standard","meta":{"rop_custom_images_group":[],"rop_custom_messages_group":[],"rop_publish_now":"initial","rop_publish_now_accounts":[],"rop_publish_now_history":[],"rop_publish_now_status":"pending","footnotes":""},"categories":[237],"tags":[],"class_list":["post-24635","post","type-post","status-publish","format-standard","has-post-thumbnail","hentry","category-luto"],"amp_enabled":true,"_links":{"self":[{"href":"https:\/\/imais.online\/portal\/wp-json\/wp\/v2\/posts\/24635","targetHints":{"allow":["GET"]}}],"collection":[{"href":"https:\/\/imais.online\/portal\/wp-json\/wp\/v2\/posts"}],"about":[{"href":"https:\/\/imais.online\/portal\/wp-json\/wp\/v2\/types\/post"}],"author":[{"embeddable":true,"href":"https:\/\/imais.online\/portal\/wp-json\/wp\/v2\/users\/8"}],"replies":[{"embeddable":true,"href":"https:\/\/imais.online\/portal\/wp-json\/wp\/v2\/comments?post=24635"}],"version-history":[{"count":1,"href":"https:\/\/imais.online\/portal\/wp-json\/wp\/v2\/posts\/24635\/revisions"}],"predecessor-version":[{"id":24637,"href":"https:\/\/imais.online\/portal\/wp-json\/wp\/v2\/posts\/24635\/revisions\/24637"}],"wp:featuredmedia":[{"embeddable":true,"href":"https:\/\/imais.online\/portal\/wp-json\/wp\/v2\/media\/24636"}],"wp:attachment":[{"href":"https:\/\/imais.online\/portal\/wp-json\/wp\/v2\/media?parent=24635"}],"wp:term":[{"taxonomy":"category","embeddable":true,"href":"https:\/\/imais.online\/portal\/wp-json\/wp\/v2\/categories?post=24635"},{"taxonomy":"post_tag","embeddable":true,"href":"https:\/\/imais.online\/portal\/wp-json\/wp\/v2\/tags?post=24635"}],"curies":[{"name":"wp","href":"https:\/\/api.w.org\/{rel}","templated":true}]}}