{"id":24656,"date":"2024-10-14T15:59:32","date_gmt":"2024-10-14T18:59:32","guid":{"rendered":"https:\/\/imais.online\/portal\/?p=24656"},"modified":"2024-10-14T15:59:33","modified_gmt":"2024-10-14T18:59:33","slug":"advogados-de-sean-combs-fecham-acordo-de-sigilo-com-promotores","status":"publish","type":"post","link":"https:\/\/imais.online\/portal\/advogados-de-sean-combs-fecham-acordo-de-sigilo-com-promotores\/","title":{"rendered":"Advogados de Sean Combs fecham acordo de sigilo com promotores"},"content":{"rendered":"<div class=\"imais-before-content-placement\" id=\"imais-137977540\"><script async src=\"\/\/pagead2.googlesyndication.com\/pagead\/js\/adsbygoogle.js?client=ca-pub-8787528412751566\" crossorigin=\"anonymous\"><\/script><ins class=\"adsbygoogle\" style=\"display:block;\" data-ad-client=\"ca-pub-8787528412751566\" \ndata-ad-slot=\"\" \ndata-ad-format=\"auto\"><\/ins>\n<script> \n(adsbygoogle = window.adsbygoogle || []).push({}); \n<\/script>\n<\/div>\n<p>O julgamento do rapper foi marcado para 5 de maio de 2025<\/p>\n\n\n\n<p>Os advogados de\u00a0<strong><a rel=\"noreferrer noopener\" href=\"https:\/\/www.correiodopovo.com.br\/arteagenda\/quem-%C3%A9-sean-diddy-combs-ou-puff-daddy-rapper-preso-em-caso-de-tr%C3%A1fico-sexual-1.1536824\" target=\"_blank\">Sean Diddy Combs<\/a><\/strong>, acusado de tr\u00e1fico sexual e extors\u00e3o, entre outros crimes, fecharam acordo de confidencialidade sobre o caso com os promotores de Nova York. Junto da decis\u00e3o, confirmada na quinta-feira, 10, foi decidida a data do julgamento do rapper:\u00a0<strong><a rel=\"noreferrer noopener\" href=\"https:\/\/www.correiodopovo.com.br\/arteagenda\/julgamento-do-rapper-diddy-%C3%A9-marcado-para-maio-de-2025-1.1541731\" target=\"_blank\">5 de maio de 2025<\/a><\/strong>.<\/p>\n\n\n\n<p>Na quarta-feira, 9, a defesa de Diddy alegou que o governo teria \u201cvazado informa\u00e7\u00f5es do caso para desestabilizar o tribunal\u201d. O memorando dos advogados, segundo a&nbsp;<em>Variety<\/em>, aponta quatro t\u00e1ticas de m\u00e1 conduta do governo, mas o principal ponto levantado foi o vazamento do v\u00eddeo em que o rapper espanca a ex-namorada, Cassie Ventura.<\/p>\n\n\n\n<p>A agress\u00e3o foi filmada por uma c\u00e2mera de seguran\u00e7a em um corredor de hotel, em 2016, e \u00e9 um dos pilares do caso. Segundo a defesa, nem Ventura nem um terceiro indiv\u00edduo seriam respons\u00e1veis pelo vazamento, visto que ela teria descrito a agress\u00e3o com outros detalhes e que terceiros teriam tentado vender as imagens captadas. Isso apontaria, acreditam, para uma vazamento da promotoria.<\/p>\n\n\n\n<p><strong>Apreens\u00e3o<\/strong><\/p>\n\n\n\n<p>Outro ponto trazido pela defesa \u00e9 que a busca e apreens\u00e3o da casa de Diddy foi \u201crealizada intencionalmente, para maximizar a exposi\u00e7\u00e3o da m\u00eddia\u201d. Eles tamb\u00e9m alegam que o governo utilizou for\u00e7a excessiva contra os filhos do rapper e que os levou a uma \u00e1rea vis\u00edvel na resid\u00eancia, para que fossem vistos pela m\u00eddia. Os advogados listam ainda outros vazamentos relacionados ao caso, com o objetivo de \u201cmanchar a reputa\u00e7\u00e3o de Sr. Combs antes do julgamento\u201d.<\/p>\n\n\n\n<p>Fonte Correio do Povo<\/p>\n","protected":false},"excerpt":{"rendered":"<p>O julgamento do rapper foi marcado para 5 de maio de 2025 Os advogados de\u00a0Sean Diddy Combs, acusado de tr\u00e1fico sexual e extors\u00e3o, entre outros crimes, fecharam acordo de confidencialidade sobre o caso com os promotores de Nova York. Junto da decis\u00e3o, confirmada na quinta-feira, 10, foi decidida a data do julgamento do rapper:\u00a05 de [&hellip;]<\/p>\n","protected":false},"author":8,"featured_media":24657,"comment_status":"closed","ping_status":"open","sticky":false,"template":"","format":"standard","meta":{"rop_custom_images_group":[],"rop_custom_messages_group":[],"rop_publish_now":"initial","rop_publish_now_accounts":[],"rop_publish_now_history":[],"rop_publish_now_status":"pending","footnotes":""},"categories":[212],"tags":[],"class_list":["post-24656","post","type-post","status-publish","format-standard","has-post-thumbnail","hentry","category-internacional"],"amp_enabled":true,"_links":{"self":[{"href":"https:\/\/imais.online\/portal\/wp-json\/wp\/v2\/posts\/24656","targetHints":{"allow":["GET"]}}],"collection":[{"href":"https:\/\/imais.online\/portal\/wp-json\/wp\/v2\/posts"}],"about":[{"href":"https:\/\/imais.online\/portal\/wp-json\/wp\/v2\/types\/post"}],"author":[{"embeddable":true,"href":"https:\/\/imais.online\/portal\/wp-json\/wp\/v2\/users\/8"}],"replies":[{"embeddable":true,"href":"https:\/\/imais.online\/portal\/wp-json\/wp\/v2\/comments?post=24656"}],"version-history":[{"count":1,"href":"https:\/\/imais.online\/portal\/wp-json\/wp\/v2\/posts\/24656\/revisions"}],"predecessor-version":[{"id":24658,"href":"https:\/\/imais.online\/portal\/wp-json\/wp\/v2\/posts\/24656\/revisions\/24658"}],"wp:featuredmedia":[{"embeddable":true,"href":"https:\/\/imais.online\/portal\/wp-json\/wp\/v2\/media\/24657"}],"wp:attachment":[{"href":"https:\/\/imais.online\/portal\/wp-json\/wp\/v2\/media?parent=24656"}],"wp:term":[{"taxonomy":"category","embeddable":true,"href":"https:\/\/imais.online\/portal\/wp-json\/wp\/v2\/categories?post=24656"},{"taxonomy":"post_tag","embeddable":true,"href":"https:\/\/imais.online\/portal\/wp-json\/wp\/v2\/tags?post=24656"}],"curies":[{"name":"wp","href":"https:\/\/api.w.org\/{rel}","templated":true}]}}