{"id":24668,"date":"2024-10-15T09:09:32","date_gmt":"2024-10-15T12:09:32","guid":{"rendered":"https:\/\/imais.online\/portal\/?p=24668"},"modified":"2024-10-15T09:09:33","modified_gmt":"2024-10-15T12:09:33","slug":"secretaria-de-esportes-inicia-os-eventos-do-festival-esporte-cidadao-e-juventude-esportiva","status":"publish","type":"post","link":"https:\/\/imais.online\/portal\/secretaria-de-esportes-inicia-os-eventos-do-festival-esporte-cidadao-e-juventude-esportiva\/","title":{"rendered":"Secretaria de Esportes inicia os eventos do Festival Esporte Cidad\u00e3o e Juventude Esportiva"},"content":{"rendered":"<div class=\"imais-before-content-placement\" id=\"imais-2718646027\"><script async src=\"\/\/pagead2.googlesyndication.com\/pagead\/js\/adsbygoogle.js?client=ca-pub-8787528412751566\" crossorigin=\"anonymous\"><\/script><ins class=\"adsbygoogle\" style=\"display:block;\" data-ad-client=\"ca-pub-8787528412751566\" \ndata-ad-slot=\"\" \ndata-ad-format=\"auto\"><\/ins>\n<script> \n(adsbygoogle = window.adsbygoogle || []).push({}); \n<\/script>\n<\/div>\n<p><em><small>Atividades ser\u00e3o desenvolvidas nos meses de outubro, novembro e dezembro, em 13 n\u00facleos esportivos diferentes<\/small><\/em><\/p>\n\n\n\n<p>A Secretaria de Esportes de Indaiatuba inicia no dia 19 de outubro os eventos que comp\u00f5es os Festivais de Encerramento dos Programas Esporte Cidad\u00e3o e Juventude Esportiva. As atividades fazem parte do calend\u00e1rio anual da Pasta e tem como objetivo, incentivar a pr\u00e1tica esportiva dos alunos. A programa\u00e7\u00e3o segue at\u00e9 dezembro, em 13 n\u00facleos esportivos. As apresenta\u00e7\u00f5es s\u00e3o abertas para a comunidade e busca mostrar de forma recreativa os aprendizados dos alunos.<\/p>\n\n\n\n<p><strong>Confira o cronograma:<\/strong><\/p>\n\n\n\n<figure class=\"wp-block-table\"><table><tbody><tr><td colspan=\"4\"><strong>PLANEJAMENTO DOS FESTIVAIS &#8211; 2\u00ba SEMESTRE<\/strong><\/td><\/tr><tr><td><\/td><td><\/td><td><\/td><td><\/td><\/tr><tr><td colspan=\"4\"><strong>DIA 19\/10 &#8211; S\u00c1BADO &#8211; Juventude Esportiva<\/strong><\/td><\/tr><tr><td><strong>MODALIDADE<\/strong><\/td><td><strong>LOCAL DO EVENTO<\/strong><\/td><td><strong>HOR\u00c1RIO ABERTURA<\/strong><\/td><td><strong>Horario de Encerramento (Previs\u00e3o)<\/strong><\/td><\/tr><tr><td>Basquetebol<\/td><td>CIE<\/td><td>08H15<\/td><td>12h15<\/td><\/tr><tr><td>Futebol<\/td><td>CET<\/td><td>08H00<\/td><td>11h30<\/td><\/tr><tr><td>Futsal<\/td><td>CET<\/td><td>13H30<\/td><td>17h00<\/td><\/tr><tr><td>Nata\u00e7\u00e3o<\/td><td>CET<\/td><td>14h00<\/td><td>17h30<\/td><\/tr><tr><td>Voleibol<\/td><td>Cecap<\/td><td>08H15<\/td><td>11h30<\/td><\/tr><tr><td>Voleibol<\/td><td>Cecap<\/td><td>14h15<\/td><td>17h30<\/td><\/tr><tr><td><\/td><td><\/td><td><\/td><td><\/td><\/tr><tr><td colspan=\"4\"><strong>DIA 26\/10 &#8211; S\u00c1BADO<\/strong><\/td><\/tr><tr><td><strong>MODALIDADE<\/strong><\/td><td><strong>LOCAL DO EVENTO<\/strong><\/td><td><strong>HOR\u00c1RIO ABERTURA<\/strong><\/td><td><strong>Horario de Encerramento (Previs\u00e3o)<\/strong><\/td><\/tr><tr><td>Atletismo<\/td><td>SESI<\/td><td>8h40<\/td><td>12h00<\/td><\/tr><tr><td>T\u00eanis de Campo<\/td><td>Indaiatuba Clube<\/td><td>8h15<\/td><td>13h00<\/td><\/tr><tr><td><\/td><td><\/td><td><\/td><td><\/td><\/tr><tr><td colspan=\"4\"><strong>DIA 09\/11 &#8211; S\u00c1BADO<\/strong><\/td><\/tr><tr><td><strong>MODALIDADE<\/strong><\/td><td><strong>LOCAL DO EVENTO<\/strong><\/td><td><strong>HOR\u00c1RIO ABERTURA<\/strong><\/td><td><strong>Horario de Encerramento (Previs\u00e3o)<\/strong><\/td><\/tr><tr><td>Bicicross<\/td><td>Pista de BMX<\/td><td>8h30<\/td><td>13h00<\/td><\/tr><tr><td>Handebol<\/td><td>CECAP<\/td><td>8h30<\/td><td>12h00<\/td><\/tr><tr><td><\/td><td><\/td><td><\/td><td><\/td><\/tr><tr><td colspan=\"4\"><strong>DIA 11\/11 &#8211; SEGUNDA FEIRA<\/strong><\/td><\/tr><tr><td><strong>MODALIDADE<\/strong><\/td><td><strong>LOCAL DO EVENTO<\/strong><\/td><td><strong>HOR\u00c1RIO ABERTURA<\/strong><\/td><td><strong>Horario de Encerramento (Previs\u00e3o)<\/strong><\/td><\/tr><tr><td>Basquetebol &#8211; 6 a 8 anos<\/td><td>MDS<\/td><td>8h15<\/td><td>9h30<\/td><\/tr><tr><td>Basquetebol &#8211; 9 a 11 anos<\/td><td>MDS<\/td><td>9h45<\/td><td>11h30<\/td><\/tr><tr><td>Basquetebol &#8211; 6 a 8 anos<\/td><td>MDS<\/td><td>14h15<\/td><td>15h30<\/td><\/tr><tr><td>Basquetebol &#8211; 9 a 11 anos<\/td><td>MDS<\/td><td>15h45<\/td><td>17h30<\/td><\/tr><tr><td>Voleibol &#8211; 12 a 14 anos (I)*<\/td><td>CECAP<\/td><td>8h15<\/td><td>11h30<\/td><\/tr><tr><td>Voleibol &#8211; 12 a 14 anos (I)*<\/td><td>CECAP<\/td><td>14h15<\/td><td>17h30<\/td><\/tr><tr><td><strong>* (I) &#8211; Iniciantes<\/strong><\/td><td><\/td><td><\/td><td><\/td><\/tr><tr><td><\/td><td><\/td><td><\/td><td><\/td><\/tr><tr><td><\/td><td><\/td><td><\/td><td><\/td><\/tr><tr><td><\/td><td><\/td><td><\/td><td><\/td><\/tr><tr><td colspan=\"4\"><strong>DIA 12\/11 &#8211; TER\u00c7A FEIRA<\/strong><\/td><\/tr><tr><td><strong>MODALIDADE<\/strong><\/td><td><strong>LOCAL DO EVENTO<\/strong><\/td><td><strong>HOR\u00c1RIO ABERTURA<\/strong><\/td><td><strong>Horario de Encerramento (Previs\u00e3o)<\/strong><\/td><\/tr><tr><td>Voleibol &#8211; 12 a 14 anos (A)*<\/td><td>CECAP<\/td><td>8h15<\/td><td>11h30<\/td><\/tr><tr><td>Voleibol &#8211; 12 a 14 anos (A)*<\/td><td>CECAP<\/td><td>14h15<\/td><td>17h30<\/td><\/tr><tr><td><strong>* (A) &#8211; Avan\u00e7ados<\/strong><\/td><td><\/td><td><\/td><td><\/td><\/tr><tr><td><\/td><td><\/td><td><\/td><td><\/td><\/tr><tr><td colspan=\"4\"><strong>DIA 13\/11 &#8211; QUARTA FEIRA<\/strong><\/td><\/tr><tr><td><strong>MODALIDADE<\/strong><\/td><td><strong>LOCAL DO EVENTO<\/strong><\/td><td><strong>HOR\u00c1RIO ABERTURA<\/strong><\/td><td><strong>Horario de Encerramento (Previs\u00e3o)<\/strong><\/td><\/tr><tr><td>Basquetebol &#8211; 12 a 14 anos<\/td><td>MDS<\/td><td>8h15<\/td><td>11h30<\/td><\/tr><tr><td>Basquetebol &#8211; 12 a 14 anos<\/td><td>MDS<\/td><td>14h15<\/td><td>17h30<\/td><\/tr><tr><td>Voleibol &#8211; 9 a 11 anos<\/td><td>CECAP<\/td><td>8h15<\/td><td>11h30<\/td><\/tr><tr><td>Voleibol &#8211; 9 a 11 anos<\/td><td>CECAP<\/td><td>14h15<\/td><td>17h30<\/td><\/tr><tr><td><\/td><td><\/td><td><\/td><td><\/td><\/tr><tr><td colspan=\"4\"><strong>DIA 18\/11 &#8211; SEGUNDA FEIRA<\/strong><\/td><\/tr><tr><td><strong>MODALIDADE<\/strong><\/td><td><strong>LOCAL DO EVENTO<\/strong><\/td><td><strong>HOR\u00c1RIO ABERTURA<\/strong><\/td><td><strong>Horario de Encerramento (Previs\u00e3o)<\/strong><\/td><\/tr><tr><td>Futebol &#8211; 6 a 8 anos<\/td><td>CET<\/td><td>8h15<\/td><td>11h30<\/td><\/tr><tr><td>Futebol &#8211; 6 a 8 anos<\/td><td>CET<\/td><td>14h15<\/td><td>17h30<\/td><\/tr><tr><td><\/td><td><\/td><td><\/td><td><\/td><\/tr><tr><td colspan=\"4\"><strong>DIA 19\/11 &#8211; TER\u00c7A FEIRA<\/strong><\/td><\/tr><tr><td><strong>MODALIDADE<\/strong><\/td><td><strong>LOCAL DO EVENTO<\/strong><\/td><td><strong>HOR\u00c1RIO ABERTURA<\/strong><\/td><td><strong>Horario de Encerramento (Previs\u00e3o)<\/strong><\/td><\/tr><tr><td>Futebol &#8211; 9 a 11 anos<\/td><td>CET<\/td><td>8h15<\/td><td>11h30<\/td><\/tr><tr><td>Futebol &#8211; 9 a 11 anos<\/td><td>CET<\/td><td>14h15<\/td><td>17h30<\/td><\/tr><tr><td><\/td><td><\/td><td><\/td><td><\/td><\/tr><tr><td colspan=\"4\"><strong>DIA 20\/11 &#8211; QUARTA FEIRA<\/strong><\/td><\/tr><tr><td><strong>MODALIDADE<\/strong><\/td><td><strong>LOCAL DO EVENTO<\/strong><\/td><td><strong>HOR\u00c1RIO ABERTURA<\/strong><\/td><td><strong>Horario de Encerramento (Previs\u00e3o)<\/strong><\/td><\/tr><tr><td>Beisebol<\/td><td>Acenbi<\/td><td>8h10<\/td><td>11h30<\/td><\/tr><tr><td>Esgrima<\/td><td>CIE<\/td><td>8h15<\/td><td>12H00<\/td><\/tr><tr><td>T\u00eanis de Mesa<\/td><td>Jo\u00e3o Piolli<\/td><td>14h00<\/td><td>17H30<\/td><\/tr><tr><td><\/td><td><\/td><td><\/td><td><\/td><\/tr><tr><td><\/td><td><\/td><td><\/td><td><\/td><\/tr><tr><td colspan=\"4\"><strong>DIA 21\/11 &#8211; QUINTA FEIRA<\/strong><\/td><\/tr><tr><td><strong>MODALIDADE<\/strong><\/td><td><strong>LOCAL DO EVENTO<\/strong><\/td><td><strong>HOR\u00c1RIO ABERTURA<\/strong><\/td><td><strong>Horario de Encerramento (Previs\u00e3o)<\/strong><\/td><\/tr><tr><td>Futebol &#8211; 12 a 14 anos<\/td><td>CET<\/td><td>8h15<\/td><td>11h30<\/td><\/tr><tr><td>Futebol &#8211; 12 a 14 anos<\/td><td>CET<\/td><td>14h15<\/td><td>17H30<\/td><\/tr><tr><td><\/td><td><\/td><td><\/td><td><\/td><\/tr><tr><td><\/td><td><\/td><td><\/td><td><\/td><\/tr><tr><td colspan=\"4\"><strong>DIA 23\/11 &#8211; SABADO<\/strong><\/td><\/tr><tr><td><strong>MODALIDADE<\/strong><\/td><td><strong>LOCAL DO EVENTO<\/strong><\/td><td><strong>HOR\u00c1RIO ABERTURA<\/strong><\/td><td><strong>Horario de Encerramento (Previs\u00e3o)<\/strong><\/td><\/tr><tr><td>Jiu-Jitsu<\/td><td>CECAP<\/td><td>8H30<\/td><td>12H00<\/td><\/tr><tr><td>Jud\u00f4<\/td><td>CECAP<\/td><td>14h00<\/td><td>17H00<\/td><\/tr><tr><td>Nata\u00e7\u00e3o 12 a 14 anos (I)*<\/td><td>CECAP<\/td><td>8h30<\/td><td>12H00<\/td><\/tr><tr><td>Nata\u00e7\u00e3o 12 a 14 anos (A)*<\/td><td>CET<\/td><td>14h00<\/td><td>17H00<\/td><\/tr><tr><td><\/td><td><\/td><td><\/td><td><\/td><\/tr><tr><td><\/td><td><\/td><td><\/td><td><\/td><\/tr><tr><td colspan=\"4\"><strong>DIA 25\/11 &#8211; SEGUNDA FEIRA<\/strong><\/td><\/tr><tr><td><strong>MODALIDADE<\/strong><\/td><td><strong>LOCAL DO EVENTO<\/strong><\/td><td><strong>HOR\u00c1RIO ABERTURA<\/strong><\/td><td><strong>Horario de Encerramento (Previs\u00e3o)<\/strong><\/td><\/tr><tr><td>Futsal &#8211; 6 a 8 anos<\/td><td>CET<\/td><td>8H30<\/td><td>11h30<\/td><\/tr><tr><td>Futsal &#8211; 6 a 8 anos<\/td><td>CET<\/td><td>14h30<\/td><td>17h30<\/td><\/tr><tr><td>Gin\u00e1stica de Trampolim<\/td><td>Quadra 23<\/td><td>8h30<\/td><td>11h30<\/td><\/tr><tr><td>Gin\u00e1stica de Trampolim<\/td><td>Quadra 23<\/td><td>14h30<\/td><td>17h30<\/td><\/tr><tr><td>Nata\u00e7\u00e3o 6 a 8 anos<\/td><td>CECAP<\/td><td>8h30<\/td><td>11H30<\/td><\/tr><tr><td>Nata\u00e7\u00e3o 6 a 8 anos<\/td><td>Corolla<\/td><td>8h30<\/td><td>11H30<\/td><\/tr><tr><td>Nata\u00e7\u00e3o 6 a 8 anos<\/td><td>Cecap<\/td><td>14h30<\/td><td>17H30<\/td><\/tr><tr><td>Nata\u00e7\u00e3o 6 a 8 anos<\/td><td>Corolla<\/td><td>14h30<\/td><td>17H30<\/td><\/tr><tr><td><\/td><td><\/td><td><\/td><td><\/td><\/tr><tr><td><\/td><td><\/td><td><\/td><td><\/td><\/tr><tr><td><\/td><td><\/td><td><\/td><td><\/td><\/tr><tr><td><\/td><td><\/td><td><\/td><td><\/td><\/tr><tr><td><\/td><td><\/td><td><\/td><td><\/td><\/tr><tr><td><\/td><td><\/td><td><\/td><td><\/td><\/tr><tr><td colspan=\"4\"><strong>DIA 26\/11 &#8211; TER\u00c7A FEIRA<\/strong><\/td><\/tr><tr><td><strong>MODALIDADE<\/strong><\/td><td><strong>LOCAL DO EVENTO<\/strong><\/td><td><strong>HOR\u00c1RIO ABERTURA<\/strong><\/td><td><strong>Horario de Encerramento (Previs\u00e3o)<\/strong><\/td><\/tr><tr><td>Futsal &#8211; 9 a 11 anos<\/td><td>CET<\/td><td>8H30<\/td><td>11h30<\/td><\/tr><tr><td>Futsal &#8211; 9 a 11 anos<\/td><td>CET<\/td><td>14h30<\/td><td>17h30<\/td><\/tr><tr><td>Gin\u00e1stica Art\u00edstica &#8211; 12 a 14 anos e Juventude<\/td><td>Quadra 23<\/td><td>19h00<\/td><td>21h30<\/td><\/tr><tr><td>Nata\u00e7\u00e3o 6 a 8 anos<\/td><td>CET<\/td><td>8h30<\/td><td>11H30<\/td><\/tr><tr><td>Nata\u00e7\u00e3o 6 a 8 anos<\/td><td>Campo Bonto<\/td><td>8h30<\/td><td>11H30<\/td><\/tr><tr><td>Nata\u00e7\u00e3o 6 a 8 anos<\/td><td>CET<\/td><td>14h30<\/td><td>17H30<\/td><\/tr><tr><td>Nata\u00e7\u00e3o 6 a 8 anos<\/td><td>Campo Bonto<\/td><td>14h30<\/td><td>17H30<\/td><\/tr><tr><td><\/td><td><\/td><td><\/td><td><\/td><\/tr><tr><td><\/td><td><\/td><td><\/td><td><\/td><\/tr><tr><td colspan=\"4\"><strong>DIA 27\/11 &#8211; QUARTA FEIRA<\/strong><\/td><\/tr><tr><td><strong>MODALIDADE<\/strong><\/td><td><strong>LOCAL DO EVENTO<\/strong><\/td><td><strong>HOR\u00c1RIO ABERTURA<\/strong><\/td><td><strong>Horario de Encerramento (Previs\u00e3o)<\/strong><\/td><\/tr><tr><td>Futsal &#8211; 9 a 11 anos<\/td><td>CET<\/td><td>8H30<\/td><td>11h30<\/td><\/tr><tr><td>Futsal &#8211; 9 a 11 anos<\/td><td>CET<\/td><td>14h30<\/td><td>17h30<\/td><\/tr><tr><td>Gin\u00e1stica Art\u00edstica &#8211; 9 a 11 anos<\/td><td>Quadra 23<\/td><td>19h00<\/td><td>21h30<\/td><\/tr><tr><td>Nata\u00e7\u00e3o 6 a 8 anos<\/td><td>California<\/td><td>8h30<\/td><td>11H30<\/td><\/tr><tr><td>Nata\u00e7\u00e3o 6 a 8 anos<\/td><td>Aldrovandi<\/td><td>8h30<\/td><td>11H30<\/td><\/tr><tr><td>Nata\u00e7\u00e3o 6 a 8 anos<\/td><td>California<\/td><td>14h30<\/td><td>17H30<\/td><\/tr><tr><td>Nata\u00e7\u00e3o 6 a 8 anos<\/td><td>Aldrovandi<\/td><td>14h30<\/td><td>17H30<\/td><\/tr><tr><td><\/td><td><\/td><td><\/td><td><\/td><\/tr><tr><td colspan=\"4\"><strong>DIA 28\/11 &#8211; QUINTA FEIRA<\/strong><\/td><\/tr><tr><td><strong>MODALIDADE<\/strong><\/td><td><strong>LOCAL DO EVENTO<\/strong><\/td><td><strong>HOR\u00c1RIO ABERTURA<\/strong><\/td><td><strong>Horario de Encerramento (Previs\u00e3o)<\/strong><\/td><\/tr><tr><td>Futsal &#8211;&nbsp; 12 a 14 anos<\/td><td>CET<\/td><td>8H30<\/td><td>11h30<\/td><\/tr><tr><td>Futsal &#8211;&nbsp; 12 a 14 anos<\/td><td>CET<\/td><td>14h30<\/td><td>17h30<\/td><\/tr><tr><td>Gin\u00e1stica Art\u00edstica &#8211; 6 a 8 anos<\/td><td>Quadra 23<\/td><td>19h00<\/td><td>21h30<\/td><\/tr><tr><td>Nata\u00e7\u00e3o 6 a 8 anos<\/td><td>Remulo Zoppi<\/td><td>8h30<\/td><td>11H30<\/td><\/tr><tr><td>Nata\u00e7\u00e3o 6 a 8 anos<\/td><td>MDS<\/td><td>8h30<\/td><td>11H30<\/td><\/tr><tr><td>Nata\u00e7\u00e3o 6 a 8 anos<\/td><td>Remulo Zoppi<\/td><td>14h30<\/td><td>17H30<\/td><\/tr><tr><td>Nata\u00e7\u00e3o 6 a 8 anos<\/td><td>MDS<\/td><td>14h30<\/td><td>17H30<\/td><\/tr><tr><td><\/td><td><\/td><td><\/td><td><\/td><\/tr><tr><td><\/td><td><\/td><td><\/td><td><\/td><\/tr><tr><td colspan=\"4\"><strong>DIA 29\/11 &#8211; SEXTA FEIRA<\/strong><\/td><\/tr><tr><td><strong>MODALIDADE<\/strong><\/td><td><strong>LOCAL DO EVENTO<\/strong><\/td><td><strong>HOR\u00c1RIO ABERTURA<\/strong><\/td><td><strong>Horario de Encerramento (Previs\u00e3o)<\/strong><\/td><\/tr><tr><td>Ginastica Ritmica<\/td><td>SESI<\/td><td>19h00<\/td><td>21h30<\/td><\/tr><tr><td><\/td><td><\/td><td><\/td><td><\/td><\/tr><tr><td colspan=\"4\"><strong>DIA 30\/11 &#8211; SABADO<\/strong><\/td><\/tr><tr><td><strong>MODALIDADE<\/strong><\/td><td><strong>LOCAL DO EVENTO<\/strong><\/td><td><strong>HOR\u00c1RIO ABERTURA<\/strong><\/td><td><strong>Horario de Encerramento (Previs\u00e3o)<\/strong><\/td><\/tr><tr><td>Carat\u00ea<\/td><td>CECAP<\/td><td>8h00<\/td><td>12H00<\/td><\/tr><tr><td>Capoeira<\/td><td>Campo Bonito<\/td><td>14h00<\/td><td>17h00<\/td><\/tr><tr><td>Skate<\/td><td>Skate Park<\/td><td>8h30<\/td><td>12h00<\/td><\/tr><tr><td>Taekwondo<\/td><td>CECAP<\/td><td>14h00<\/td><td>16h00<\/td><\/tr><tr><td><\/td><td><\/td><td><\/td><td><\/td><\/tr><tr><td><\/td><td><\/td><td><\/td><td><\/td><\/tr><tr><td colspan=\"4\"><strong>DIA 02\/12 &#8211; SEGUNDA FEIRA<\/strong><\/td><\/tr><tr><td><strong>MODALIDADE<\/strong><\/td><td><strong>LOCAL DO EVENTO<\/strong><\/td><td><strong>HOR\u00c1RIO ABERTURA<\/strong><\/td><td><strong>Horario de Encerramento (Previs\u00e3o)<\/strong><\/td><\/tr><tr><td>Nata\u00e7\u00e3o 9 a 11 anos<\/td><td>Cecap<\/td><td>8h30<\/td><td>11h30<\/td><\/tr><tr><td>Nata\u00e7\u00e3o 9 a 11 anos<\/td><td>Corolla<\/td><td>8h30<\/td><td>11h30<\/td><\/tr><tr><td>Nata\u00e7\u00e3o 9 a 11 anos<\/td><td>Cecap<\/td><td>14h30<\/td><td>17h30<\/td><\/tr><tr><td>Nata\u00e7\u00e3o 9 a 11 anos<\/td><td>Corolla<\/td><td>14h30<\/td><td>17h30<\/td><\/tr><tr><td><\/td><td><\/td><td><\/td><td><\/td><\/tr><tr><td><\/td><td><\/td><td><\/td><td><\/td><\/tr><tr><td colspan=\"4\"><strong>DIA 03\/12 &#8211; TER\u00c7A FEIRA<\/strong><\/td><\/tr><tr><td><strong>MODALIDADE<\/strong><\/td><td><strong>LOCAL DO EVENTO<\/strong><\/td><td><strong>HOR\u00c1RIO ABERTURA<\/strong><\/td><td><strong>Horario de Encerramento (Previs\u00e3o)<\/strong><\/td><\/tr><tr><td>Nata\u00e7\u00e3o 9 a 11 anos<\/td><td>Cet<\/td><td>8h30<\/td><td>11h30<\/td><\/tr><tr><td>Nata\u00e7\u00e3o 9 a 11 anos<\/td><td>Campo Bonito<\/td><td>8h30<\/td><td>11h30<\/td><\/tr><tr><td>Nata\u00e7\u00e3o 9 a 11 anos<\/td><td>Cet<\/td><td>14h30<\/td><td>17h30<\/td><\/tr><tr><td>Nata\u00e7\u00e3o 9 a 11 anos<\/td><td>Campo Bonito<\/td><td>14h30<\/td><td>17h30<\/td><\/tr><tr><td><\/td><td><\/td><td><\/td><td><\/td><\/tr><tr><td><\/td><td><\/td><td><\/td><td><\/td><\/tr><tr><td><\/td><td><\/td><td><\/td><td><\/td><\/tr><tr><td colspan=\"4\"><strong>DIA 04\/12 &#8211; QUARTA FEIRA<\/strong><\/td><\/tr><tr><td><strong>MODALIDADE<\/strong><\/td><td><strong>LOCAL DO EVENTO<\/strong><\/td><td><strong>HOR\u00c1RIO ABERTURA<\/strong><\/td><td><strong>Horario de Encerramento (Previs\u00e3o)<\/strong><\/td><\/tr><tr><td>Nata\u00e7\u00e3o 9 a 11 anos<\/td><td>California<\/td><td>8h30<\/td><td>11h30<\/td><\/tr><tr><td>Nata\u00e7\u00e3o 9 a 11 anos<\/td><td>Aldrovandi<\/td><td>8h30<\/td><td>11h30<\/td><\/tr><tr><td>Nata\u00e7\u00e3o 9 a 11 anos<\/td><td>California<\/td><td>14h30<\/td><td>17h30<\/td><\/tr><tr><td>Nata\u00e7\u00e3o 9 a 11 anos<\/td><td>Aldrovandi<\/td><td>14h30<\/td><td>17h30<\/td><\/tr><tr><td><\/td><td><\/td><td><\/td><td><\/td><\/tr><tr><td><\/td><td><\/td><td><\/td><td><\/td><\/tr><tr><td colspan=\"4\"><strong>DIA 05\/12 &#8211; QUINTA FEIRA<\/strong><\/td><\/tr><tr><td><strong>MODALIDADE<\/strong><\/td><td><strong>LOCAL DO EVENTO<\/strong><\/td><td><strong>HOR\u00c1RIO ABERTURA<\/strong><\/td><td><strong>Horario de Encerramento (Previs\u00e3o)<\/strong><\/td><\/tr><tr><td>Nata\u00e7\u00e3o 9 a 11 anos<\/td><td>Remulo Zoppi<\/td><td>8h30<\/td><td>11h30<\/td><\/tr><tr><td>Nata\u00e7\u00e3o 9 a 11 anos<\/td><td>MDS<\/td><td>8h30<\/td><td>11h30<\/td><\/tr><tr><td>Nata\u00e7\u00e3o 9 a 11 anos<\/td><td>Remulo Zoppi<\/td><td>14h30<\/td><td>17h30<\/td><\/tr><tr><td>Nata\u00e7\u00e3o 9 a 11 anos<\/td><td>MDS<\/td><td>14h30<\/td><td>17h30<\/td><\/tr><\/tbody><\/table><\/figure>\n\n\n\n<p><\/p>\n","protected":false},"excerpt":{"rendered":"<p>Atividades ser\u00e3o desenvolvidas nos meses de outubro, novembro e dezembro, em 13 n\u00facleos esportivos diferentes A Secretaria de Esportes de Indaiatuba inicia no dia 19 de outubro os eventos que comp\u00f5es os Festivais de Encerramento dos Programas Esporte Cidad\u00e3o e Juventude Esportiva. As atividades fazem parte do calend\u00e1rio anual da Pasta e tem como objetivo, [&hellip;]<\/p>\n","protected":false},"author":8,"featured_media":24669,"comment_status":"closed","ping_status":"open","sticky":false,"template":"","format":"standard","meta":{"rop_custom_images_group":[],"rop_custom_messages_group":[],"rop_publish_now":"initial","rop_publish_now_accounts":[],"rop_publish_now_history":[],"rop_publish_now_status":"pending","footnotes":""},"categories":[188],"tags":[],"class_list":["post-24668","post","type-post","status-publish","format-standard","has-post-thumbnail","hentry","category-indaiatuba"],"amp_enabled":true,"_links":{"self":[{"href":"https:\/\/imais.online\/portal\/wp-json\/wp\/v2\/posts\/24668","targetHints":{"allow":["GET"]}}],"collection":[{"href":"https:\/\/imais.online\/portal\/wp-json\/wp\/v2\/posts"}],"about":[{"href":"https:\/\/imais.online\/portal\/wp-json\/wp\/v2\/types\/post"}],"author":[{"embeddable":true,"href":"https:\/\/imais.online\/portal\/wp-json\/wp\/v2\/users\/8"}],"replies":[{"embeddable":true,"href":"https:\/\/imais.online\/portal\/wp-json\/wp\/v2\/comments?post=24668"}],"version-history":[{"count":1,"href":"https:\/\/imais.online\/portal\/wp-json\/wp\/v2\/posts\/24668\/revisions"}],"predecessor-version":[{"id":24670,"href":"https:\/\/imais.online\/portal\/wp-json\/wp\/v2\/posts\/24668\/revisions\/24670"}],"wp:featuredmedia":[{"embeddable":true,"href":"https:\/\/imais.online\/portal\/wp-json\/wp\/v2\/media\/24669"}],"wp:attachment":[{"href":"https:\/\/imais.online\/portal\/wp-json\/wp\/v2\/media?parent=24668"}],"wp:term":[{"taxonomy":"category","embeddable":true,"href":"https:\/\/imais.online\/portal\/wp-json\/wp\/v2\/categories?post=24668"},{"taxonomy":"post_tag","embeddable":true,"href":"https:\/\/imais.online\/portal\/wp-json\/wp\/v2\/tags?post=24668"}],"curies":[{"name":"wp","href":"https:\/\/api.w.org\/{rel}","templated":true}]}}