{"id":24674,"date":"2024-10-15T09:22:16","date_gmt":"2024-10-15T12:22:16","guid":{"rendered":"https:\/\/imais.online\/portal\/?p=24674"},"modified":"2024-10-15T09:22:17","modified_gmt":"2024-10-15T12:22:17","slug":"apagao-na-cidade-de-sp-ja-causou-r-165-bilhao-em-prejuizos-ao-varejo-e-aos-servicos-da-cidade-diz-fecomercio-sp","status":"publish","type":"post","link":"https:\/\/imais.online\/portal\/apagao-na-cidade-de-sp-ja-causou-r-165-bilhao-em-prejuizos-ao-varejo-e-aos-servicos-da-cidade-diz-fecomercio-sp\/","title":{"rendered":"Apag\u00e3o na cidade de SP j\u00e1 causou R$ 1,65 bilh\u00e3o em preju\u00edzos ao varejo e aos servi\u00e7os da cidade, diz Fecom\u00e9rcio-SP"},"content":{"rendered":"<div class=\"imais-before-content-placement\" id=\"imais-4010100222\"><script async src=\"\/\/pagead2.googlesyndication.com\/pagead\/js\/adsbygoogle.js?client=ca-pub-8787528412751566\" crossorigin=\"anonymous\"><\/script><ins class=\"adsbygoogle\" style=\"display:block;\" data-ad-client=\"ca-pub-8787528412751566\" \ndata-ad-slot=\"\" \ndata-ad-format=\"auto\"><\/ins>\n<script> \n(adsbygoogle = window.adsbygoogle || []).push({}); \n<\/script>\n<\/div>\n<h2 class=\"wp-block-heading\">S\u00f3 no setor de varejo, os preju\u00edzos s\u00e3o de pelo menos R$ 536 milh\u00f5es nos tr\u00eas dias em que parte dos agentes do setor ficou sem funcionar na cidade. No caso dos servi\u00e7os, as perdas somaram R$ 1,1 bilh\u00e3o. Apag\u00e3o chegou ao 4\u00b0 dia nesta ter\u00e7a (15) e Grande SP ainda tem 250 mil endere\u00e7os \u00e0s escuras.<\/h2>\n\n\n\n<p>Levantamento feito pela Federa\u00e7\u00e3o do Com\u00e9rcio de Bens, Servi\u00e7os e Turismo do Estado de\u00a0<a class=\"\" href=\"https:\/\/g1.globo.com\/sp\/sao-paulo\/cidade\/sao-paulo\/\">S\u00e3o Paulo<\/a>\u00a0(FecomercioSP) aponta que a\u00a0falta de eletricidade em parte significativa da cidade de S\u00e3o Paulo, que j\u00e1 dura quatro dias,\u00a0est\u00e1 gerando preju\u00edzos graves aos setores do varejo e de servi\u00e7os que j\u00e1 somam cerca de R$ 1,65 bilh\u00e3o.<\/p>\n\n\n\n<p>Segundo a entidade, os c\u00e1lculos consideram o faturamento que ambos as empresas deixaram de registrar no per\u00edodo e as perdas brutas at\u00e9 essa segunda-feira (14). O apag\u00e3o chegou nesta ter\u00e7a (15)\u00a0<a class=\"\" href=\"https:\/\/g1.globo.com\/sp\/sao-paulo\/noticia\/2024\/10\/15\/temporal-grande-sp-tem-250-mil-imoveis-sem-energia-na-manha-desta-terca-diz-enel.ghtml\">ao 4\u00b0 dia consecutivo com mais de 250 mil endere\u00e7os ainda sem luz<\/a>\u00a0na Grande SP\u00a0<strong>(veja mais abaixo)<\/strong>.<\/p>\n\n\n\n<p>S\u00f3 no varejo, os preju\u00edzos s\u00e3o de pelo menos R$ 536 milh\u00f5es nos tr\u00eas dias em que parte dos agentes do setor ficou sem funcionar na cidade. No caso dos servi\u00e7os, as perdas somaram R$ 1,1 bilh\u00e3o.<\/p>\n\n\n\n<p>\u201cEsses dados foram compilados levando em conta que, aos fins de semana, o com\u00e9rcio de S\u00e3o Paulo tende a faturar, em m\u00e9dia, R$ 1,1 bilh\u00e3o por dia, enquanto os servi\u00e7os t\u00eam receitas de R$ 2,3 bilh\u00f5es\u201d, disse um comunicado da empresa divulgado na madrugada desta ter\u00e7a-feira (15).<\/p>\n\n\n\n<p>\u201cO valor dever\u00e1 ser maior, porque a empresa respons\u00e1vel pela distribui\u00e7\u00e3o de energia, a&nbsp;<a class=\"\" href=\"https:\/\/g1.globo.com\/tudo-sobre\/enel\/\">Enel<\/a>, ainda n\u00e3o forneceu respostas concretas sobre o retorno do servi\u00e7o \u00e0 totalidade dos im\u00f3veis que dependem da rede\u201d, completou a Fecom\u00e9rcio-SP.<\/p>\n\n\n\n<figure class=\"wp-block-image\"><img decoding=\"async\" src=\"https:\/\/s2-g1.glbimg.com\/zdUUQbv1fbBrDLJqq2Y8sXTMXdI=\/0x0:1600x900\/984x0\/smart\/filters:strip_icc()\/i.s3.glbimg.com\/v1\/AUTH_59edd422c0c84a879bd37670ae4f538a\/internal_photos\/bs\/2024\/1\/6\/i8jM2JQYOn2ZjXQUgndA\/whatsapp-image-2024-10-14-at-23.06.28.jpeg\" alt=\"Condom\u00ednio \u00e0s escuras na rua Adele, em Santo Amaro, Zona Sul de S\u00e3o Paulo, que est\u00e1 sem luz desde sexta-feira (15). \u2014 Foto: Acervo pessoal\"\/><\/figure>\n\n\n\n<p class=\"has-small-font-size\">Condom\u00ednio \u00e0s escuras na rua Adele, em Santo Amaro, Zona Sul de S\u00e3o Paulo, que est\u00e1 sem luz desde sexta-feira (15). \u2014 Foto: Acervo pessoal<\/p>\n\n\n\n<p>A federa\u00e7\u00e3o afirma que est\u00e1 trabalhando desde sexta (11) para colaborar com os setores mais afetados pelo novo apag\u00e3o em S\u00e3o Paulo, dialogando com autoridades \u2013como a Ag\u00eancia Nacional de Energia El\u00e9trica (Aneel) e a Prefeitura de S\u00e3o Paulo \u2013 e, em paralelo, exigindo que a Enel fa\u00e7a a restaura\u00e7\u00e3o da distribui\u00e7\u00e3o com o m\u00e1ximo de urg\u00eancia poss\u00edvel.<\/p>\n\n\n\n<p>\u201cPara a FecomercioSP, \u00e9 inaceit\u00e1vel que a maior metr\u00f3pole brasileira sofra com constantes cortes de energia, como vem acontecendo nos \u00faltimos meses. Pior do que isso, a cidade n\u00e3o pode ficar tanto tempo sem eletricidade em meio a esses epis\u00f3dios.<\/p>\n\n\n\n<p>A interrup\u00e7\u00e3o atual j\u00e1 entra no quarto dia nesta ter\u00e7a-feira (15), enquanto o \u00faltimo apag\u00e3o, no fim de 2023, durou uma semana. Segundo a entidade, a falta desse servi\u00e7o b\u00e1sico acarreta problemas significativos para a popula\u00e7\u00e3o e preju\u00edzos enormes ao empresariado.<\/p>\n\n\n\n<p>\u201cA federa\u00e7\u00e3o tem apontado \u00e0 Enel como muitas empresas est\u00e3o contabilizando perdas econ\u00f4micas a cada dia sem luz, como mercados, restaurantes, farm\u00e1cias e lojas do varejo, al\u00e9m de servi\u00e7os que ficam impossibilitados de operar, j\u00e1 que, al\u00e9m da energia, est\u00e3o sem acesso \u00e0 Internet. Sem contar os custos excedentes para estabelecimentos que, diante da situa\u00e7\u00e3o alarmante, n\u00e3o viram outra op\u00e7\u00e3o que n\u00e3o locar geradores, contratar m\u00e3o de obra extra ou comprar combust\u00edveis para manter dispositivos operando\u201d, declarou.<\/p>\n\n\n\n<h2 class=\"wp-block-heading\">4\u00b0 dia de apag\u00e3o<\/h2>\n\n\n\n<figure class=\"wp-block-image\"><img decoding=\"async\" src=\"https:\/\/s2-g1.glbimg.com\/Bj4gLQn5iHN4MZvljO8z530teRc=\/0x0:4000x2252\/984x0\/smart\/filters:strip_icc()\/i.s3.glbimg.com\/v1\/AUTH_59edd422c0c84a879bd37670ae4f538a\/internal_photos\/bs\/2024\/U\/t\/qQ2lgET9KO4flRzqiSPA\/tn220241014002.jpg\" alt=\"Falta de luz ainda afeta mais de 300 mil casas e com\u00e9rcios na Regi\u00e3o Metropolitana de S\u00e3o Paulo \u2014 Foto: LEANDRO CHEMALLE\/ESTAD\u00c3O CONTE\u00daDO\"\/><\/figure>\n\n\n\n<p class=\"has-small-font-size\">Falta de luz ainda afeta mais de 300 mil casas e com\u00e9rcios na Regi\u00e3o Metropolitana de S\u00e3o Paulo \u2014 Foto: LEANDRO CHEMALLE\/ESTAD\u00c3O CONTE\u00daDO<\/p>\n\n\n\n<p>A concession\u00e1ria Enel Distribui\u00e7\u00e3o SP informou desta ter\u00e7a-feira (15) que\u00a0<strong>250 mil im\u00f3veis de cidades da Grande S\u00e3o Paulo continuavam sem energia el\u00e9trica<\/strong>\u00a0at\u00e9 as 6h desse quarto dia de apag\u00e3o.<\/p>\n\n\n\n<p>No comunicado, n\u00e3o houve detalhamento de quantos s\u00e3o da capital e quantos dos outros munic\u00edpios.<\/p>\n\n\n\n<p>A falta de energia ocorre\u00a0ap\u00f3s um temporal ter atingido o estado de S\u00e3o Paulo na \u00faltima sexta-feira (11).\u00a0Segundo a Defesa Civil,\u00a0sete pessoas morreram na regi\u00e3o metropolitana e no interior do estado\u00a0<strong><em>(veja mais abaixo).<\/em><\/strong><\/p>\n\n\n\n<p>A Prefeitura de S\u00e3o Paulo informou que registrou 386 ocorr\u00eancias de quedas de \u00e1rvores at\u00e9 esta segunda-feira. Destas, 75 aguardam a atua\u00e7\u00e3o da concession\u00e1ria para as equipes municipais iniciarem o trabalho.<\/p>\n\n\n\n<p>O temporal tamb\u00e9m atingiu 150 escolas, sendo 68 com falta de energia, de acordo com a Secretaria Estadual da Educa\u00e7\u00e3o.<\/p>\n\n\n\n<p>&#8220;Amanh\u00e3 (15), n\u00e3o haver\u00e1 aulas nas escolas estaduais por conta do Dia do Professor. As unidades sem energia el\u00e9trica j\u00e1 acionaram a concession\u00e1ria respons\u00e1vel e aguardam a manuten\u00e7\u00e3o da rede. As equipes t\u00e9cnicas de obras da Seduc-SP continuar\u00e3o a realizar os reparos para que as aulas retomem na quarta-feira (16)&#8221;, disse a pasta em nota.<\/p>\n\n\n\n<figure class=\"wp-block-image\"><img decoding=\"async\" src=\"https:\/\/s2-g1.glbimg.com\/4PZKfcUVT4T0JF9ZJ2q55Rin4NQ=\/0x0:1280x960\/984x0\/smart\/filters:strip_icc()\/i.s3.glbimg.com\/v1\/AUTH_59edd422c0c84a879bd37670ae4f538a\/internal_photos\/bs\/2024\/j\/5\/T6WmXSRxayUdwnZ7xnBw\/bar-em-pinheiros-luz-de-velas.jpeg\" alt=\"Restaurante na Henrique Schaumann atende clientes \u00e0 luz de velas \u2014 Foto: Rodrigo Rodrigues\/g1\"\/><\/figure>\n\n\n\n<p class=\"has-small-font-size\">Restaurante na Henrique Schaumann atende clientes \u00e0 luz de velas \u2014 Foto: Rodrigo Rodrigues\/g1<\/p>\n\n\n\n<p>Conforme a Enel, em acordo feito com a Aneel (Ag\u00eancia Nacional de Energia El\u00e9trica), a empresa cumprir\u00e1 o prazo de tr\u00eas dias para restabelecer totalmente o fornecimento de energia a todos os clientes.<\/p>\n\n\n\n<p>&#8220;Para atender casos cr\u00edticos, a Enel disponibilizou 500 geradores (40 de grande porte) para servi\u00e7os essenciais, como hospitais, e clientes que dependem de eletricidade para manuten\u00e7\u00e3o de equipamentos hospitalares, por exemplo.&#8221;<\/p>\n\n\n\n<h2 class=\"wp-block-heading\">For\u00e7a-tarefa<\/h2>\n\n\n\n<p>O ministro de Minas e Energia Alexandre Silveira\u00a0afirmou que outras concession\u00e1rias do pa\u00eds far\u00e3o uma for\u00e7a-tarefa para que a Enel consiga restabelecer a energia el\u00e9trica\u00a0para os milhares de im\u00f3veis da capital e Grande S\u00e3o Paulo que continuam sem luz nesta segunda (14).<\/p>\n\n\n\n<p>&#8220;Somados \u00e0s distribuidoras CPFL, Enel, EDP, ISA CTEEP, Eletrobras, Light, Energisa, que est\u00e3o aqui hoje, n\u00f3s estamos ampliando de 1.400 [funcion\u00e1rios da Enel] para 2.900 profissionais, al\u00e9m de mais de 200 caminh\u00f5es para apoiar essas equipes, fora os caminh\u00f5es de pr\u00f3pria Enel, e mais de 50 equipamentos&#8221;, afirmou.<\/p>\n\n\n\n<p>A distribuidora Neoenergia Elektro tamb\u00e9m participa da for\u00e7a-tarefa. Ao g1, informou que deslocou equipes do interior de S\u00e3o Paulo para a capital para apoiar a Enel.<\/p>\n\n\n\n<p>Durante a coletiva, o ministro criticou o fato de a empresa n\u00e3o dar previs\u00e3o de restabelecimento de energia para os moradores, disse que a Enel &#8220;beirou a burrice&#8221; ao se modernizar e reduzir sua m\u00e3o de obra e fez duras cr\u00edticas ao prefeito Ricardo Nunes (MDB) o acusando de divulgar fake news em rela\u00e7\u00e3o ao contrato com a Enel e cobrou por mais planejamento urbano.<\/p>\n\n\n\n<figure class=\"wp-block-image\"><img decoding=\"async\" src=\"https:\/\/s2-g1.glbimg.com\/HezurNms-_rUeQGvLCttmVk5nDE=\/0x0:1920x1080\/984x0\/smart\/filters:strip_icc()\/i.s3.glbimg.com\/v1\/AUTH_59edd422c0c84a879bd37670ae4f538a\/internal_photos\/bs\/2024\/w\/L\/gEiISBSyyXwiacm4nBYg\/jh-enel-responsabilidades-20241014-1109-frame-60797.jpeg\" alt=\"Ministro de Minas e Energia Alexandre Silveira durante coletiva em S\u00e3o Paulo \u2014 Foto: TV Globo\"\/><\/figure>\n\n\n\n<p class=\"has-small-font-size\">Ministro de Minas e Energia Alexandre Silveira durante coletiva em S\u00e3o Paulo \u2014 Foto: TV Globo<\/p>\n\n\n\n<p>&#8220;Quando a Enel disse que n\u00e3o tinha previs\u00e3o de entrega dos servi\u00e7os \u00e0 popula\u00e7\u00e3o, eu disse que ela cometeu um grave erro de comunica\u00e7\u00e3o, um grave erro de seu compromisso contratual com a sociedade de S\u00e3o Paulo de n\u00e3o dar uma previs\u00e3o objetiva. Eu disse pra ela [Enel] que ela tem os pr\u00f3ximos tr\u00eas dias pra resolver os problemas de maior volume&#8221;.<\/p>\n\n\n\n<p>O presidente da Enel, Guilherme Lencastre, afirmou no s\u00e1bado (12) que a empresa disponibilizou 500 geradores para atender hospitais e estabelecimentos que est\u00e3o sofrendo com a falta de luz na regi\u00e3o de concess\u00e3o, al\u00e9m de ter dois helic\u00f3pteros da empresa sobrevoando as linhas de transmiss\u00e3o para identificar eventuais problemas.<\/p>\n\n\n\n<p>Lencastre culpou o\u00a0vento hist\u00f3rico que atingiu a capital paulista e as cidades da Grande SP, com rajadas de mais de 107,6km\/h\u00a0pelos transtornos ocorridos na cidade. Ele n\u00e3o deu prazo para a volta total da energia na \u00e1rea de concess\u00e3o.<\/p>\n\n\n\n<figure class=\"wp-block-image\"><img decoding=\"async\" src=\"https:\/\/s2-g1.glbimg.com\/o34v6vR_jhFGOWC-pIHmeyudtVs=\/0x0:4289x2799\/984x0\/smart\/filters:strip_icc()\/i.s3.glbimg.com\/v1\/AUTH_59edd422c0c84a879bd37670ae4f538a\/internal_photos\/bs\/2024\/o\/k\/Jv8WUvTAKeI1NonGAqZw\/age20241013038.jpg\" alt=\"Restaurante sem energia el\u00e9trica na Rua Teodoro Sampaio, em Pinheiros, Zona Oeste de S\u00e3o Paulo, em 13\/10\/2024. \u2014 Foto: WERTHER SANTANA\/ESTAD\u00c3O CONTE\u00daDO\"\/><\/figure>\n\n\n\n<p class=\"has-small-font-size\">Restaurante sem energia el\u00e9trica na Rua Teodoro Sampaio, em Pinheiros, Zona Oeste de S\u00e3o Paulo, em 13\/10\/2024. \u2014 Foto: WERTHER SANTANA\/ESTAD\u00c3O CONTE\u00daDO<\/p>\n\n\n\n<h2 class=\"wp-block-heading\">Apag\u00e3o<\/h2>\n\n\n\n<p>O temporal que\u00a0atingiu a Grande S\u00e3o Paulo na noite desta sexta-feira (11)\u00a0ocorreu por volta das 19h30. Conforme o\u00a0<a class=\"\" href=\"https:\/\/g1.globo.com\/sp\/sao-paulo\/noticia\/2024\/10\/12\/quase-12h-depois-de-temporal-moradores-da-capital-e-cidades-da-grande-sp-ainda-relatam-falta-de-luz.ghtml\"><strong>g1<\/strong><\/a>\u00a0publicou, moradores de\u00a0v\u00e1rias cidades da Grande SP e de v\u00e1rios bairros da capital paulista narraram que estavam havia mais de 80 horas sem luz.<\/p>\n\n\n\n<p>Eles relataram muitas dificuldades para falar com a Enel para abrir chamado e ter uma previs\u00e3o de restabelecimento da energia el\u00e9trica.<\/p>\n\n\n\n<figure class=\"wp-block-image\"><img decoding=\"async\" src=\"https:\/\/s2-g1.glbimg.com\/0AnTIPl2wa_8UxJdYzMtmjS-VBw=\/0x0:1280x720\/984x0\/smart\/filters:strip_icc()\/i.s3.glbimg.com\/v1\/AUTH_59edd422c0c84a879bd37670ae4f538a\/internal_photos\/bs\/2024\/B\/L\/lDizBzQ0mUK3nK8nh7kQ\/rua-do-pitico-sem-luz.jpeg\" alt=\"Rua de bares em Pinheiros sem luz, mas com clientes \u2014 Foto: F\u00e1bio Tito\/g1\"\/><\/figure>\n\n\n\n<p class=\"has-small-font-size\">Rua de bares em Pinheiros sem luz, mas com clientes \u2014 Foto: F\u00e1bio Tito\/g1<\/p>\n\n\n\n<p>O presidente da empresa afirmou que a central telef\u00f4nica da empresa recebeu mais de 1 milh\u00e3o de chamados desde a noite anterior e estava ampliando a capacidade de atendimento.<\/p>\n\n\n\n<p>Por ora, a Enel diz que os canais mais recomendados pela empresa para o contato dos usu\u00e1rios s\u00e3o os seguintes:<\/p>\n\n\n\n<ul class=\"wp-block-list\">\n<li><strong>SMS:<\/strong>&nbsp;envie gratuitamente mensagem de texto do seu celular para o n\u00famero 27373 com a palavra luz e o n\u00famero da instala\u00e7\u00e3o que est\u00e1 sem energia. Exemplo: luz 012345678.<\/li>\n\n\n\n<li>Pelo aplicativo da Enel, site&nbsp;<a class=\"\" href=\"https:\/\/www.enel.com.br\/pt-saopaulo\" target=\"_blank\" rel=\"noreferrer noopener\">enel.com.br<\/a>&nbsp;e whatsapp:&nbsp;<strong>(21) 99601-9608.<\/strong><\/li>\n<\/ul>\n\n\n\n<h2 class=\"wp-block-heading\">Abastecimento de \u00e1gua<\/h2>\n\n\n\n<p>A falta de luz na Grande SP<strong>&nbsp;tamb\u00e9m afetou o abastecimento de \u00e1gua em v\u00e1rias cidades da regi\u00e3o de s\u00e1bado (12) at\u00e9 esta segunda (14), segundo a Sabesp.<\/strong><\/p>\n\n\n\n<p>Segundo a empresa, a interrup\u00e7\u00e3o do fornecimento de eletricidade prejudicou o funcionamento de esta\u00e7\u00f5es elevat\u00f3rias e boosters, equipamentos que transportam a \u00e1gua para locais mais altos.<\/p>\n\n\n\n<p>Por\u00e9m, a situa\u00e7\u00e3o foi normalizada na noite de segunda (12) em quase todas as \u00e1reas. Apenas em&nbsp;<a class=\"\" href=\"https:\/\/g1.globo.com\/sp\/sao-paulo\/cidade\/maua\/\">Mau\u00e1<\/a>&nbsp;o fornecimento ainda est\u00e1 em fase de normaliza\u00e7\u00e3o, com intermit\u00eancia de abastecimento nos seguintes bairros: &#8220;Zaira, Vila Tavares, Bela Vista, Jd. Cruzeiro, Jd. S\u00e3o Gabriel, Jd. Miranda D&#8217;Aviz, Jd. Paranava\u00ed, Jd. Alto da Boa Vista, Jd. Zaira-Macuco e Pq. das Am\u00e9ricas&#8221;.<\/p>\n\n\n\n<p>O mesmo acontece nos bairros Parque do Lago e Vista Alegre, na Zona Sul da capital. J\u00e1 Cidade J\u00falia e Marsilac, tamb\u00e9m na Zona Sul, e Casa Grande, em Diadema, continuam a sofrer os efeitos da queda de energia, que afeta equipamentos que transportam a \u00e1gua para locais mais elevados.<\/p>\n\n\n\n<p>&#8220;A Sabesp orienta o uso consciente aos moradores dessas regi\u00f5es que disp\u00f5em de \u00e1gua no momento, para acelerar a recupera\u00e7\u00e3o de todo o sistema&#8221;, disse a empresa em nota.<\/p>\n\n\n\n<p><video muted=\"\" preload=\"none\" poster=\"https:\/\/s04.video.glbimg.com\/x360\/13006723.jpg\"><\/video><\/p>\n\n\n\n<h2 class=\"wp-block-heading\">Mortes e estragos da sexta<\/h2>\n\n\n\n<p>Na contagem feita at\u00e9 o in\u00edcio da tarde deste s\u00e1bado (12),&nbsp;<a class=\"\" href=\"https:\/\/g1.globo.com\/sp\/sao-paulo\/noticia\/2024\/10\/12\/temporais-no-estado-de-sp-mataram-quatro-pessoas-e-deixaram-tres-gravemente-feridos-diz-defesa-civil.ghtml\">sete pessoas morreram no estado de SP em virtude das chuvas.<\/a>&nbsp;Tr\u00eas delas em Bauru, no interior, e quatro na Regi\u00e3o Metropolitana:<\/p>\n\n\n\n<ul class=\"wp-block-list\">\n<li><strong>Bauru:&nbsp;<\/strong>tr\u00eas mortes ap\u00f3s queda de muro;<\/li>\n\n\n\n<li><strong>S\u00e3o Paulo<\/strong>: uma morte ap\u00f3s queda de \u00e1rvore no bairro Campo Limpo;<\/li>\n\n\n\n<li><strong>Diadema:&nbsp;<\/strong>uma morte ap\u00f3s queda de \u00e1rvore;<\/li>\n\n\n\n<li><a class=\"\" href=\"https:\/\/g1.globo.com\/sp\/sao-paulo\/cidade\/cotia\/\"><strong>Cotia<\/strong><\/a><strong>:<\/strong>&nbsp;duas mortes ap\u00f3s queda de muro.<\/li>\n<\/ul>\n\n\n\n<figure class=\"wp-block-image\"><img decoding=\"async\" src=\"https:\/\/s2-g1.glbimg.com\/LhoqbwInfZOifnhyxqAQqewB-ho=\/0x0:1600x900\/984x0\/smart\/filters:strip_icc()\/i.s3.glbimg.com\/v1\/AUTH_59edd422c0c84a879bd37670ae4f538a\/internal_photos\/bs\/2024\/U\/R\/g49CLAQhO5OkOyP9If0g\/whatsapp-image-2024-10-11-at-23.12.33.jpeg\" alt=\"Queda de \u00e1rvore na Avenida Lauro Gomes, em Santo Andr\u00e9, na Grande S\u00e3o Paulo \u2014 Foto: Abra\u00e3o Cruz\/Reprodu\u00e7\u00e3o\"\/><\/figure>\n\n\n\n<p class=\"has-small-font-size\">Queda de \u00e1rvore na Avenida Lauro Gomes, em Santo Andr\u00e9, na Grande S\u00e3o Paulo \u2014 Foto: Abra\u00e3o Cruz\/Reprodu\u00e7\u00e3o<\/p>\n\n\n\n<figure class=\"wp-block-image\"><img decoding=\"async\" src=\"https:\/\/s2-g1.glbimg.com\/GZhelxC0hLocQWeRpWt0g7Fgbag=\/0x0:960x1280\/984x0\/smart\/filters:strip_icc()\/i.s3.glbimg.com\/v1\/AUTH_59edd422c0c84a879bd37670ae4f538a\/internal_photos\/bs\/2024\/F\/W\/4FTKJ2Q9qBSZVBCcAcnA\/whatsapp-image-2024-10-11-at-21.02.16.jpeg\" alt=\"Queda de \u00e1rvore na Rua Kaoro Oda, perto da Subprefeitura do Butant\u00e3 e do Metr\u00f4 Vila S\u00f4nia, na Zona Oeste \u2014 Foto: Arquivo pessoal\"\/><\/figure>\n\n\n\n<p class=\"has-small-font-size\">Queda de \u00e1rvore na Rua Kaoro Oda, perto da Subprefeitura do Butant\u00e3 e do Metr\u00f4 Vila S\u00f4nia, na Zona Oeste \u2014 Foto: Arquivo pessoal<\/p>\n\n\n\n<p>Fonte G1<\/p>\n","protected":false},"excerpt":{"rendered":"<p>S\u00f3 no setor de varejo, os preju\u00edzos s\u00e3o de pelo menos R$ 536 milh\u00f5es nos tr\u00eas dias em que parte dos agentes do setor ficou sem funcionar na cidade. No caso dos servi\u00e7os, as perdas somaram R$ 1,1 bilh\u00e3o. Apag\u00e3o chegou ao 4\u00b0 dia nesta ter\u00e7a (15) e Grande SP ainda tem 250 mil endere\u00e7os [&hellip;]<\/p>\n","protected":false},"author":8,"featured_media":24675,"comment_status":"closed","ping_status":"open","sticky":false,"template":"","format":"standard","meta":{"rop_custom_images_group":[],"rop_custom_messages_group":[],"rop_publish_now":"initial","rop_publish_now_accounts":[],"rop_publish_now_history":[],"rop_publish_now_status":"pending","footnotes":""},"categories":[195],"tags":[],"class_list":["post-24674","post","type-post","status-publish","format-standard","has-post-thumbnail","hentry","category-sao-paulo"],"amp_enabled":true,"_links":{"self":[{"href":"https:\/\/imais.online\/portal\/wp-json\/wp\/v2\/posts\/24674","targetHints":{"allow":["GET"]}}],"collection":[{"href":"https:\/\/imais.online\/portal\/wp-json\/wp\/v2\/posts"}],"about":[{"href":"https:\/\/imais.online\/portal\/wp-json\/wp\/v2\/types\/post"}],"author":[{"embeddable":true,"href":"https:\/\/imais.online\/portal\/wp-json\/wp\/v2\/users\/8"}],"replies":[{"embeddable":true,"href":"https:\/\/imais.online\/portal\/wp-json\/wp\/v2\/comments?post=24674"}],"version-history":[{"count":1,"href":"https:\/\/imais.online\/portal\/wp-json\/wp\/v2\/posts\/24674\/revisions"}],"predecessor-version":[{"id":24676,"href":"https:\/\/imais.online\/portal\/wp-json\/wp\/v2\/posts\/24674\/revisions\/24676"}],"wp:featuredmedia":[{"embeddable":true,"href":"https:\/\/imais.online\/portal\/wp-json\/wp\/v2\/media\/24675"}],"wp:attachment":[{"href":"https:\/\/imais.online\/portal\/wp-json\/wp\/v2\/media?parent=24674"}],"wp:term":[{"taxonomy":"category","embeddable":true,"href":"https:\/\/imais.online\/portal\/wp-json\/wp\/v2\/categories?post=24674"},{"taxonomy":"post_tag","embeddable":true,"href":"https:\/\/imais.online\/portal\/wp-json\/wp\/v2\/tags?post=24674"}],"curies":[{"name":"wp","href":"https:\/\/api.w.org\/{rel}","templated":true}]}}