{"id":24687,"date":"2024-10-16T12:27:24","date_gmt":"2024-10-16T15:27:24","guid":{"rendered":"https:\/\/imais.online\/portal\/?p=24687"},"modified":"2024-10-16T12:27:25","modified_gmt":"2024-10-16T15:27:25","slug":"junta-militar-esta-com-o-cadastramento-para-o-alistamento-militar-fora-do-prazo-aberto-ate-30-de-nov","status":"publish","type":"post","link":"https:\/\/imais.online\/portal\/junta-militar-esta-com-o-cadastramento-para-o-alistamento-militar-fora-do-prazo-aberto-ate-30-de-nov\/","title":{"rendered":"Junta Militar est\u00e1 com o cadastramento para o Alistamento Militar Fora do Prazo aberto at\u00e9 30 de nov"},"content":{"rendered":"<div class=\"imais-before-content-placement\" id=\"imais-384279213\"><script async src=\"\/\/pagead2.googlesyndication.com\/pagead\/js\/adsbygoogle.js?client=ca-pub-8787528412751566\" crossorigin=\"anonymous\"><\/script><ins class=\"adsbygoogle\" style=\"display:block;\" data-ad-client=\"ca-pub-8787528412751566\" \ndata-ad-slot=\"\" \ndata-ad-format=\"auto\"><\/ins>\n<script> \n(adsbygoogle = window.adsbygoogle || []).push({}); \n<\/script>\n<\/div>\n<p><em><small>Interessados devem comparecer na Junta de Servi\u00e7o Militar, \u00e0s sextas-feiras, das 9h \u00e0s 11h e das 13h \u00e0s 16h, at\u00e9 30 de novembro<\/small><\/em><\/p>\n\n\n\n<p>A Junta Militar de Indaiatuba informa que est\u00e1 aberto o per\u00edodo de cadastramento para o Alistamento Militar Fora do Prazo. A a\u00e7\u00e3o tem como objetivo inscrever os brasileiros de 18 a 44 anos, que ainda n\u00e3o se alistaram para o Servi\u00e7o Militar. Os interessados devem comparecer na Junta de Servi\u00e7o Militar, situada na rua 24 de maio, 1670, Centro \u2013 Ponto Cidad\u00e3o, somente \u00e0s sextas-feiras, das 9h \u00e0s 11h e das 13h \u00e0s 16h, at\u00e9 30 de novembro. Os documentos necess\u00e1rios s\u00e3o: cpf, rg e comprovante de endere\u00e7o com cep, todos em bom estado e originais. D\u00favidas podem ser esclarecidas pelo telefone (19) 3816 9267.<\/p>\n\n\n\n<p>O secret\u00e1rio da Junta de Servi\u00e7o Militar de Indaiatuba, Sargento Garba Cardoso, refor\u00e7a a import\u00e2ncia da situa\u00e7\u00e3o militar estar em acordo com a legisla\u00e7\u00e3o brasileira. \u201cO alistamento militar \u00e9 obrigat\u00f3rio para todo brasileiro do sexo masculino que completa 18 anos. Neste ano realizamos aproximadamente 2.550 alistamentos de jovens nascidos em 2006. Agora estamos abertos para todo brasileiro de at\u00e9 44 anos, que ainda n\u00e3o fez o seu Alistamento Militar. Refor\u00e7amos que n\u00e3o realizar o alistamento, acarreta em uma s\u00e9rie de restri\u00e7\u00f5es, por isso pedimos para essas pessoas nos procurarem para realizarmos a regulariza\u00e7\u00e3o junto ao Servi\u00e7o Militar\u201d.<\/p>\n\n\n\n<p class=\"has-small-font-size\"><strong>#PraTodosVerem:\u00a0<\/strong>A imagem mostra soldados, a Bandeira do Brasil e os dizeres: Aliste-se, \u00faltimos dias.<\/p>\n","protected":false},"excerpt":{"rendered":"<p>Interessados devem comparecer na Junta de Servi\u00e7o Militar, \u00e0s sextas-feiras, das 9h \u00e0s 11h e das 13h \u00e0s 16h, at\u00e9 30 de novembro A Junta Militar de Indaiatuba informa que est\u00e1 aberto o per\u00edodo de cadastramento para o Alistamento Militar Fora do Prazo. A a\u00e7\u00e3o tem como objetivo inscrever os brasileiros de 18 a 44 [&hellip;]<\/p>\n","protected":false},"author":8,"featured_media":24688,"comment_status":"closed","ping_status":"open","sticky":false,"template":"","format":"standard","meta":{"rop_custom_images_group":[],"rop_custom_messages_group":[],"rop_publish_now":"initial","rop_publish_now_accounts":[],"rop_publish_now_history":[],"rop_publish_now_status":"pending","footnotes":""},"categories":[188],"tags":[],"class_list":["post-24687","post","type-post","status-publish","format-standard","has-post-thumbnail","hentry","category-indaiatuba"],"amp_enabled":true,"_links":{"self":[{"href":"https:\/\/imais.online\/portal\/wp-json\/wp\/v2\/posts\/24687","targetHints":{"allow":["GET"]}}],"collection":[{"href":"https:\/\/imais.online\/portal\/wp-json\/wp\/v2\/posts"}],"about":[{"href":"https:\/\/imais.online\/portal\/wp-json\/wp\/v2\/types\/post"}],"author":[{"embeddable":true,"href":"https:\/\/imais.online\/portal\/wp-json\/wp\/v2\/users\/8"}],"replies":[{"embeddable":true,"href":"https:\/\/imais.online\/portal\/wp-json\/wp\/v2\/comments?post=24687"}],"version-history":[{"count":1,"href":"https:\/\/imais.online\/portal\/wp-json\/wp\/v2\/posts\/24687\/revisions"}],"predecessor-version":[{"id":24689,"href":"https:\/\/imais.online\/portal\/wp-json\/wp\/v2\/posts\/24687\/revisions\/24689"}],"wp:featuredmedia":[{"embeddable":true,"href":"https:\/\/imais.online\/portal\/wp-json\/wp\/v2\/media\/24688"}],"wp:attachment":[{"href":"https:\/\/imais.online\/portal\/wp-json\/wp\/v2\/media?parent=24687"}],"wp:term":[{"taxonomy":"category","embeddable":true,"href":"https:\/\/imais.online\/portal\/wp-json\/wp\/v2\/categories?post=24687"},{"taxonomy":"post_tag","embeddable":true,"href":"https:\/\/imais.online\/portal\/wp-json\/wp\/v2\/tags?post=24687"}],"curies":[{"name":"wp","href":"https:\/\/api.w.org\/{rel}","templated":true}]}}