{"id":24690,"date":"2024-10-16T12:29:24","date_gmt":"2024-10-16T15:29:24","guid":{"rendered":"https:\/\/imais.online\/portal\/?p=24690"},"modified":"2024-10-16T12:29:25","modified_gmt":"2024-10-16T15:29:25","slug":"saude-realiza-acoes-do-outubro-rosa-em-todas-as-ubss-para-conscientizacao-sobre-cancer-de-mama","status":"publish","type":"post","link":"https:\/\/imais.online\/portal\/saude-realiza-acoes-do-outubro-rosa-em-todas-as-ubss-para-conscientizacao-sobre-cancer-de-mama\/","title":{"rendered":"Sa\u00fade realiza a\u00e7\u00f5es do Outubro Rosa em todas as UBSs para conscientiza\u00e7\u00e3o sobre c\u00e2ncer de mama"},"content":{"rendered":"<div class=\"imais-before-content-placement\" id=\"imais-840624796\"><script async src=\"\/\/pagead2.googlesyndication.com\/pagead\/js\/adsbygoogle.js?client=ca-pub-8787528412751566\" crossorigin=\"anonymous\"><\/script><ins class=\"adsbygoogle\" style=\"display:block;\" data-ad-client=\"ca-pub-8787528412751566\" \ndata-ad-slot=\"\" \ndata-ad-format=\"auto\"><\/ins>\n<script> \n(adsbygoogle = window.adsbygoogle || []).push({}); \n<\/script>\n<\/div>\n<p><em><small>Todas as unidades de sa\u00fade de Indaiatuba ter\u00e3o atividades espec\u00edficas voltadas \u00e0 sa\u00fade da mulher<\/small><\/em><\/p>\n\n\n\n<p>A Prefeitura de Indaiatuba, por meio da Secretaria de Sa\u00fade, anunciou as a\u00e7\u00f5es do Outubro Rosa em todas as unidades b\u00e1sicas de sa\u00fade do munic\u00edpio. As atividades s\u00e3o voltadas para a conscientiza\u00e7\u00e3o sobre a import\u00e2ncia da preven\u00e7\u00e3o e do diagn\u00f3stico precoce do c\u00e2ncer de mama, al\u00e9m do c\u00e2ncer de colo do \u00fatero.<\/p>\n\n\n\n<p>Confira o calend\u00e1rio de a\u00e7\u00f5es das unidades b\u00e1sicas de sa\u00fade:<\/p>\n\n\n\n<p>\u00b7&nbsp;&nbsp;&nbsp;&nbsp;&nbsp;&nbsp;&nbsp;&nbsp;&nbsp;<strong>PSF Parque Indai\u00e1<\/strong>: Todo o m\u00eas ter\u00e1 a\u00e7\u00f5es para cuidados da Sa\u00fade da Mulher (consultas m\u00e9dicas, consultas odontol\u00f3gicas, exames preventivos, solicita\u00e7\u00f5es de mamografias e vacina\u00e7\u00e3o contra o HPV).<\/p>\n\n\n\n<p>\u00b7&nbsp;&nbsp;&nbsp;&nbsp;&nbsp;&nbsp;&nbsp;&nbsp;&nbsp;<strong>UBS Maritacas:<\/strong>&nbsp;Todo o m\u00eas haver\u00e1 orienta\u00e7\u00f5es sobre a Sa\u00fade da Mulher na sala de espera.<\/p>\n\n\n\n<p>\u00b7&nbsp;&nbsp;&nbsp;&nbsp;&nbsp;&nbsp;&nbsp;&nbsp;&nbsp;<strong>UBS 04 Morada do Sol:<\/strong>&nbsp;Dia 16\/10\/2024, das 8h \u00e0s 12h, haver\u00e1 coleta de papanicolau, inser\u00e7\u00e3o de DIU, eletrocardiograma, testes r\u00e1pidos, maquiagem, limpeza de pele, tran\u00e7a nos cabelos, massagem corporal, entre outras atividades voltadas \u00e0s mulheres.<\/p>\n\n\n\n<p>\u00b7&nbsp;&nbsp;&nbsp;&nbsp;&nbsp;&nbsp;&nbsp;&nbsp;&nbsp;<strong>UBS Campo Bonito:<\/strong>&nbsp;Dia 16\/10\/2024, a partir das 10h, haver\u00e1 uma din\u00e2mica em grupos, esmalta\u00e7\u00e3o das unhas e cuidados com os cabelos. \u00c0s 13h ocorrer\u00e1 a palestra &#8220;A import\u00e2ncia da Pele Saud\u00e1vel, da Autoestima e do Autocuidado&#8221;, al\u00e9m de coletas do exame papanicolau.<\/p>\n\n\n\n<p>\u00b7&nbsp;&nbsp;&nbsp;&nbsp;&nbsp;&nbsp;&nbsp;&nbsp;&nbsp;<strong>PSF Jardim Brasil:<\/strong>&nbsp;Dia 16\/10\/2024, \u00e0s 10h, haver\u00e1 uma roda de conversa sobre a preven\u00e7\u00e3o do c\u00e2ncer de mama com a Enf\u00aa Nara Caetano e a Dr\u00aa Ademilza. No mesmo dia, das 17h \u00e0s 20h, tamb\u00e9m ocorrer\u00e1 coletas de papanicolau, consultas m\u00e9dicas e atualiza\u00e7\u00e3o da situa\u00e7\u00e3o vacinal.<\/p>\n\n\n\n<p>\u00b7&nbsp;&nbsp;&nbsp;&nbsp;&nbsp;&nbsp;&nbsp;&nbsp;&nbsp;<strong>UBS Jardim Calif\u00f3rnia:<\/strong>&nbsp;Dia 18\/10\/2024, \u00e0s 8h, na Pra\u00e7a ao lado da UBS, haver\u00e1 palestra, caf\u00e9 da manh\u00e3, zumba e orienta\u00e7\u00f5es.<\/p>\n\n\n\n<p>\u00b7&nbsp;&nbsp;&nbsp;&nbsp;&nbsp;&nbsp;&nbsp;&nbsp;&nbsp;<strong>UBS Itaici:<\/strong>&nbsp;Durante o m\u00eas de outubro, haver\u00e1 a intensifica\u00e7\u00e3o da coleta do exame papanicolau, solicita\u00e7\u00e3o de mamografias e abordagem na sala de espera. No dia 18\/10\/2024, \u00e0s 14h, haver\u00e1 uma palestra de preven\u00e7\u00e3o de c\u00e2ncer de mama e de colo \u00fatero no planejamento familiar na unidade. No dia 21\/10\/2024 \u00e0s 14h no Cras do Jardim Tombadouro haver\u00e1 uma palestra sobre preven\u00e7\u00e3o de c\u00e2ncer de mama e colo uterino com a Enf\u00aa Fabiana.<\/p>\n\n\n\n<ul class=\"wp-block-list\">\n<li><strong>PSF Jardim Oliveira Camargo:<\/strong>&nbsp;Dia 18\/10\/2024, \u00e0s 10h, haver\u00e1 caf\u00e9 da manh\u00e3 com uma roda de conversa sobre mitos e verdades do c\u00e2ncer de mama, papel da odontologia na Sa\u00fade da Mulher e din\u00e2micas de grupo.<\/li>\n\n\n\n<li><strong>UBS Cecap:<\/strong>&nbsp;Dia 18\/10\/2024, \u00e0s 9h, haver\u00e1 o grupo de Alongamento e dia 22\/10\/2024, caminhada a partir das 9h.<\/li>\n\n\n\n<li><strong>PSF Parque Corolla:<\/strong>&nbsp;Dia 19\/10\/2024, das 8h \u00e0s 12h, haver\u00e1 a coleta de exames preventivos, consultas m\u00e9dicas, consultas odontol\u00f3gicas, caf\u00e9 da manh\u00e3, entre outras atividades.<\/li>\n\n\n\n<li><strong>UBS Umuarama:<\/strong>&nbsp;Dia 19\/10\/2024 das 8h \u00e0s 12h, haver\u00e1 consultas m\u00e9dicas, exames preventivos, consultas odontol\u00f3gicas e vacina\u00e7\u00e3o contra o HPV.<\/li>\n\n\n\n<li><strong>UBS 07 Morada do Sol:<\/strong>&nbsp;Dia 21\/10\/2024 a partir das 7h, haver\u00e1 palestras voltadas para a Sa\u00fade da Mulher, exames preventivos e solicita\u00e7\u00e3o de mamografias.<\/li>\n\n\n\n<li><strong>UBS Jo\u00e3o Pioli:<\/strong>&nbsp;Dia 22\/10\/2024 e 29\/10\/2024 a partir das 8h, haver\u00e1 a coleta de papanicolau e a avalia\u00e7\u00e3o das mamas. Dia 17\/10 \u00e0s 13h30, ainda ocorrer\u00e1 a palestra \u201cOutubro Rosa\u201d.<\/li>\n\n\n\n<li><strong>PSF Carlos Aldrovandi:<\/strong>&nbsp;Dia 22\/10\/2024 \u00e0s 8h, haver\u00e1 caf\u00e9 da manh\u00e3, solicita\u00e7\u00e3o de mamografias, pr\u00e1ticas integrativas, alongamento, din\u00e2micas de grupo e roda de conversa com a nutricionista Rafaela Sanches sobre Nutri\u00e7\u00e3o e C\u00e2ncer de Mama: qual a rela\u00e7\u00e3o?<\/li>\n<\/ul>\n\n\n\n<p>\u00b7&nbsp;&nbsp;&nbsp;&nbsp;&nbsp;&nbsp;&nbsp;&nbsp;&nbsp;<strong>UBS 01 Hospital Dia:<\/strong>&nbsp;Ao longo do m\u00eas de outubro haver\u00e1 palestra de preven\u00e7\u00e3o de c\u00e2ncer de mama e orienta\u00e7\u00f5es quanto ao autoexame. No dia 23\/10\/2024 das 8h \u00e0s 12h, ocorrer\u00e1 a\u00e7\u00f5es voltadas para a sa\u00fade da mulher.<\/p>\n\n\n\n<p>\u00b7&nbsp;&nbsp;&nbsp;&nbsp;&nbsp;&nbsp;&nbsp;&nbsp;&nbsp;<strong>UBS 09 Centro:<\/strong>&nbsp;Durante todo o m\u00eas de outubro haver\u00e1 atendimento de enfermagem e solicita\u00e7\u00e3o de exames, orienta\u00e7\u00f5es sobe preven\u00e7\u00e3o e coleta de papanicolau. Dia 24\/10\/2024 \u00e0s 8h no Espa\u00e7o da Comunidade S\u00e3o Vicente de Paulo haver\u00e1 uma roda de conversa sobre cuidados em preven\u00e7\u00e3o.<\/p>\n\n\n\n<p>\u00b7\u00a0\u00a0\u00a0\u00a0\u00a0\u00a0\u00a0\u00a0\u00a0<strong>UBS Camargo Andrade:<\/strong>\u00a0Dia 26\/10\/2024 das 8h \u00e0s 12h, haver\u00e1 coleta de papanicolau, consultas m\u00e9dicas, vacinas, eletrocardiograma, caf\u00e9 da manh\u00e3, corte de cabelo e palestras com a Dr\u00aa Marta Consulin e Dr\u00aa Cristiane.<\/p>\n\n\n\n<p class=\"has-small-font-size\"><strong>#PraTodosVerem:\u00a0<\/strong>Foto colorida no ambiente externo de uma unidade de sa\u00fade. Uma mulher \u00e0 esquerda est\u00e1 sentada com o bra\u00e7o esquerdo estendido, \u00e0 direita um t\u00e9cnico de enfermagem faz a aferi\u00e7\u00e3o da press\u00e3o arterial da paciente. Fim da descri\u00e7\u00e3o.<\/p>\n","protected":false},"excerpt":{"rendered":"<p>Todas as unidades de sa\u00fade de Indaiatuba ter\u00e3o atividades espec\u00edficas voltadas \u00e0 sa\u00fade da mulher A Prefeitura de Indaiatuba, por meio da Secretaria de Sa\u00fade, anunciou as a\u00e7\u00f5es do Outubro Rosa em todas as unidades b\u00e1sicas de sa\u00fade do munic\u00edpio. As atividades s\u00e3o voltadas para a conscientiza\u00e7\u00e3o sobre a import\u00e2ncia da preven\u00e7\u00e3o e do diagn\u00f3stico [&hellip;]<\/p>\n","protected":false},"author":8,"featured_media":24691,"comment_status":"closed","ping_status":"open","sticky":false,"template":"","format":"standard","meta":{"rop_custom_images_group":[],"rop_custom_messages_group":[],"rop_publish_now":"initial","rop_publish_now_accounts":[],"rop_publish_now_history":[],"rop_publish_now_status":"pending","footnotes":""},"categories":[188],"tags":[],"class_list":["post-24690","post","type-post","status-publish","format-standard","has-post-thumbnail","hentry","category-indaiatuba"],"amp_enabled":true,"_links":{"self":[{"href":"https:\/\/imais.online\/portal\/wp-json\/wp\/v2\/posts\/24690","targetHints":{"allow":["GET"]}}],"collection":[{"href":"https:\/\/imais.online\/portal\/wp-json\/wp\/v2\/posts"}],"about":[{"href":"https:\/\/imais.online\/portal\/wp-json\/wp\/v2\/types\/post"}],"author":[{"embeddable":true,"href":"https:\/\/imais.online\/portal\/wp-json\/wp\/v2\/users\/8"}],"replies":[{"embeddable":true,"href":"https:\/\/imais.online\/portal\/wp-json\/wp\/v2\/comments?post=24690"}],"version-history":[{"count":1,"href":"https:\/\/imais.online\/portal\/wp-json\/wp\/v2\/posts\/24690\/revisions"}],"predecessor-version":[{"id":24692,"href":"https:\/\/imais.online\/portal\/wp-json\/wp\/v2\/posts\/24690\/revisions\/24692"}],"wp:featuredmedia":[{"embeddable":true,"href":"https:\/\/imais.online\/portal\/wp-json\/wp\/v2\/media\/24691"}],"wp:attachment":[{"href":"https:\/\/imais.online\/portal\/wp-json\/wp\/v2\/media?parent=24690"}],"wp:term":[{"taxonomy":"category","embeddable":true,"href":"https:\/\/imais.online\/portal\/wp-json\/wp\/v2\/categories?post=24690"},{"taxonomy":"post_tag","embeddable":true,"href":"https:\/\/imais.online\/portal\/wp-json\/wp\/v2\/tags?post=24690"}],"curies":[{"name":"wp","href":"https:\/\/api.w.org\/{rel}","templated":true}]}}