{"id":24693,"date":"2024-10-16T12:30:46","date_gmt":"2024-10-16T15:30:46","guid":{"rendered":"https:\/\/imais.online\/portal\/?p=24693"},"modified":"2024-10-16T12:30:47","modified_gmt":"2024-10-16T15:30:47","slug":"indaiatuba-e-a-2a-cidade-da-rmc-que-mais-disponibilizou-vagas-de-emprego-em-agosto","status":"publish","type":"post","link":"https:\/\/imais.online\/portal\/indaiatuba-e-a-2a-cidade-da-rmc-que-mais-disponibilizou-vagas-de-emprego-em-agosto\/","title":{"rendered":"Indaiatuba \u00e9 a 2\u00aa cidade da RMC que mais disponibilizou vagas de emprego em agosto"},"content":{"rendered":"<div class=\"imais-before-content-placement\" id=\"imais-381990491\"><script async src=\"\/\/pagead2.googlesyndication.com\/pagead\/js\/adsbygoogle.js?client=ca-pub-8787528412751566\" crossorigin=\"anonymous\"><\/script><ins class=\"adsbygoogle\" style=\"display:block;\" data-ad-client=\"ca-pub-8787528412751566\" \ndata-ad-slot=\"\" \ndata-ad-format=\"auto\"><\/ins>\n<script> \n(adsbygoogle = window.adsbygoogle || []).push({}); \n<\/script>\n<\/div>\n<p><em><small>Dados foram coletados pelo Caged<\/small><\/em><\/p>\n\n\n\n<p>Indaiatuba recebe a 2\u00aa coloca\u00e7\u00e3o entre os munic\u00edpios da Regi\u00e3o Metropolitana de Campinas (RMC) que mais disponibilizaram vagas de emprego com carteira assinada no m\u00eas de agosto. De acordo com os dados do Cadastro Geral de Empregados e Desempregados (Caged) fornecidos pelo Minist\u00e9rio do Trabalho e Emprego, o munic\u00edpio conquistou a 22\u00aa posi\u00e7\u00e3o entre os 50 munic\u00edpios paulistas que encabe\u00e7am o ranking.<br><br>As informa\u00e7\u00f5es divulgadas apontam que no m\u00eas de agosto a cidade disponibilizou 414 vagas com carteira assinada, e na RMC fica atr\u00e1s apenas da cidade de Campinas, que ofertou 1.659 oportunidades de emprego. De acordo com o prefeito Nilson Gaspar, muitas empresas est\u00e3o se instalando na cidade pelos benef\u00edcios e infraestrutura que s\u00e3o disponibilizados. &#8220;De janeiro a agosto foram abertas 56 ind\u00fastrias na cidade e, com isso, temos o aumento de vagas de emprego. Nesses oito meses, foram oferecidas 4.183 vagas para a popula\u00e7\u00e3o. Os dados s\u00f3 comprovam o que sempre falo quando sou questionado sobre a falta de trabalho na cidade: temos muitas vagas de trabalho dispon\u00edveis na cidade, e as pessoas precisam se qualificar para ocup\u00e1-las\u201d, esclarece.<br><br>O secret\u00e1rio de Governo, S\u00e9rgio Wolf, tamb\u00e9m pontua a import\u00e2ncia de manter o cadastro atualizado no PAT. \u201cAs vagas de emprego s\u00e3o rotativas e por mais que muitas vezes o candidato n\u00e3o se enquadre nas oportunidades que est\u00e3o vigentes no PAT, mantendo o cadastro atualizado a pessoa pode ser convocada para uma vaga futura. \u00c9 importante as pessoas procurarem o Posto de Atendimento ou entrar em contato pelos telefones para se informarem, e tamb\u00e9m se atualizarem com as capacita\u00e7\u00f5es realizadas, pois de um dia para o outro surgem novas vagas. Outro ponto \u00e9 que os candidatos est\u00e3o cada vez mais exigentes, ent\u00e3o as pessoas devem ter consci\u00eancia que a princ\u00edpio podem preencher a vaga descrita e, posteriormente, buscar promo\u00e7\u00f5es dentro da empresa que o contratou, podendo ocupar um cargo e posi\u00e7\u00e3o salarial melhores\u201d analisa Wolf.<br><br><strong>Vagas do PAT<\/strong><br><br>As vagas do PAT podem ser conferidas pelo&nbsp;<a href=\"https:\/\/www.indaiatuba.sp.gov.br\/governo\/pat\/vagas-disponiveis\/\">link<\/a>&nbsp;ou pelos telefones (19) 3816- 9247, (19) 3816- 9248, (19) 3816- 9249 e (19) 3816- 9252. Al\u00e9m disso, as pessoas que quiserem se candidatar as vagas devem comparecer pessoalmente na Avenida Presidente Vargas, no Ponto Cidad\u00e3o. O hor\u00e1rio de atendimento \u00e9 de segunda \u00e0 sexta-feira das 7h \u00e0s 15h45.<\/p>\n\n\n\n<h3 class=\"wp-block-heading has-small-font-size\"><strong>#Pratodosverem:\u00a0Na foto aparece a cidade de Indaiatuba inteira. Fim da descri\u00e7\u00e3o.<\/strong><\/h3>\n","protected":false},"excerpt":{"rendered":"<p>Dados foram coletados pelo Caged Indaiatuba recebe a 2\u00aa coloca\u00e7\u00e3o entre os munic\u00edpios da Regi\u00e3o Metropolitana de Campinas (RMC) que mais disponibilizaram vagas de emprego com carteira assinada no m\u00eas de agosto. De acordo com os dados do Cadastro Geral de Empregados e Desempregados (Caged) fornecidos pelo Minist\u00e9rio do Trabalho e Emprego, o munic\u00edpio conquistou [&hellip;]<\/p>\n","protected":false},"author":8,"featured_media":24694,"comment_status":"closed","ping_status":"open","sticky":false,"template":"","format":"standard","meta":{"rop_custom_images_group":[],"rop_custom_messages_group":[],"rop_publish_now":"initial","rop_publish_now_accounts":[],"rop_publish_now_history":[],"rop_publish_now_status":"pending","footnotes":""},"categories":[188],"tags":[],"class_list":["post-24693","post","type-post","status-publish","format-standard","has-post-thumbnail","hentry","category-indaiatuba"],"amp_enabled":true,"_links":{"self":[{"href":"https:\/\/imais.online\/portal\/wp-json\/wp\/v2\/posts\/24693","targetHints":{"allow":["GET"]}}],"collection":[{"href":"https:\/\/imais.online\/portal\/wp-json\/wp\/v2\/posts"}],"about":[{"href":"https:\/\/imais.online\/portal\/wp-json\/wp\/v2\/types\/post"}],"author":[{"embeddable":true,"href":"https:\/\/imais.online\/portal\/wp-json\/wp\/v2\/users\/8"}],"replies":[{"embeddable":true,"href":"https:\/\/imais.online\/portal\/wp-json\/wp\/v2\/comments?post=24693"}],"version-history":[{"count":1,"href":"https:\/\/imais.online\/portal\/wp-json\/wp\/v2\/posts\/24693\/revisions"}],"predecessor-version":[{"id":24695,"href":"https:\/\/imais.online\/portal\/wp-json\/wp\/v2\/posts\/24693\/revisions\/24695"}],"wp:featuredmedia":[{"embeddable":true,"href":"https:\/\/imais.online\/portal\/wp-json\/wp\/v2\/media\/24694"}],"wp:attachment":[{"href":"https:\/\/imais.online\/portal\/wp-json\/wp\/v2\/media?parent=24693"}],"wp:term":[{"taxonomy":"category","embeddable":true,"href":"https:\/\/imais.online\/portal\/wp-json\/wp\/v2\/categories?post=24693"},{"taxonomy":"post_tag","embeddable":true,"href":"https:\/\/imais.online\/portal\/wp-json\/wp\/v2\/tags?post=24693"}],"curies":[{"name":"wp","href":"https:\/\/api.w.org\/{rel}","templated":true}]}}