{"id":24699,"date":"2024-10-17T09:39:31","date_gmt":"2024-10-17T12:39:31","guid":{"rendered":"https:\/\/imais.online\/portal\/?p=24699"},"modified":"2024-10-17T09:39:32","modified_gmt":"2024-10-17T12:39:32","slug":"acusado-de-estupro-mbappe-assume-relacao-sexual-consentida-na-suecia","status":"publish","type":"post","link":"https:\/\/imais.online\/portal\/acusado-de-estupro-mbappe-assume-relacao-sexual-consentida-na-suecia\/","title":{"rendered":"Acusado de estupro, Mbapp\u00e9 assume rela\u00e7\u00e3o sexual consentida na Su\u00e9cia"},"content":{"rendered":"<div class=\"imais-before-content-placement\" id=\"imais-2591809874\"><script async src=\"\/\/pagead2.googlesyndication.com\/pagead\/js\/adsbygoogle.js?client=ca-pub-8787528412751566\" crossorigin=\"anonymous\"><\/script><ins class=\"adsbygoogle\" style=\"display:block;\" data-ad-client=\"ca-pub-8787528412751566\" \ndata-ad-slot=\"\" \ndata-ad-format=\"auto\"><\/ins>\n<script> \n(adsbygoogle = window.adsbygoogle || []).push({}); \n<\/script>\n<\/div>\n<h2 class=\"wp-block-heading\">Mbapp\u00e9 pretende comprovar sua vers\u00e3o dos fatos apresentando mensagens de texto trocadas com a acusadora, tanto antes quanto depois da noite que passaram juntos no Bank Hotel<\/h2>\n\n\n\n<p><strong>O<\/strong>jornal franc\u00eas Le Parisien divulgou novos detalhes, nesta quinta-feira, sobre o caso em que Kylian Mbapp\u00e9 \u00e9 acusado de envolvimento em um suposto crime de estupro sexual, durante uma recente viagem a Estocolmo, na Su\u00e9cia, na semana passada.<\/p>\n\n\n\n<p>Segundo a publica\u00e7\u00e3o, o jogador do Real Madrid admitiu ter tido rela\u00e7\u00f5es com uma jovem, mas garantiu que tudo ocorreu de forma consensual. Mbapp\u00e9 pretende comprovar sua vers\u00e3o dos fatos apresentando mensagens de texto trocadas com a acusadora, tanto antes quanto depois da noite que passaram juntos no Bank Hotel.<\/p>\n\n\n\n<p>Apesar das not\u00edcias divulgadas pela imprensa sueca, o Minist\u00e9rio P\u00fablico da Su\u00e9cia ainda n\u00e3o formalizou qualquer acusa\u00e7\u00e3o ou notifica\u00e7\u00e3o aos advogados do atleta franc\u00eas.<\/p>\n\n\n\n<p>Diante disso, o atacante de 25 anos permanece tranquilo e aguardando novos desdobramentos sobre o andamento do caso.<\/p>\n\n\n\n<p>Fonte Noticias ao Minuto <\/p>\n","protected":false},"excerpt":{"rendered":"<p>Mbapp\u00e9 pretende comprovar sua vers\u00e3o dos fatos apresentando mensagens de texto trocadas com a acusadora, tanto antes quanto depois da noite que passaram juntos no Bank Hotel Ojornal franc\u00eas Le Parisien divulgou novos detalhes, nesta quinta-feira, sobre o caso em que Kylian Mbapp\u00e9 \u00e9 acusado de envolvimento em um suposto crime de estupro sexual, durante [&hellip;]<\/p>\n","protected":false},"author":8,"featured_media":24700,"comment_status":"closed","ping_status":"open","sticky":false,"template":"","format":"standard","meta":{"rop_custom_images_group":[],"rop_custom_messages_group":[],"rop_publish_now":"initial","rop_publish_now_accounts":[],"rop_publish_now_history":[],"rop_publish_now_status":"pending","footnotes":""},"categories":[212],"tags":[],"class_list":["post-24699","post","type-post","status-publish","format-standard","has-post-thumbnail","hentry","category-internacional"],"amp_enabled":true,"_links":{"self":[{"href":"https:\/\/imais.online\/portal\/wp-json\/wp\/v2\/posts\/24699","targetHints":{"allow":["GET"]}}],"collection":[{"href":"https:\/\/imais.online\/portal\/wp-json\/wp\/v2\/posts"}],"about":[{"href":"https:\/\/imais.online\/portal\/wp-json\/wp\/v2\/types\/post"}],"author":[{"embeddable":true,"href":"https:\/\/imais.online\/portal\/wp-json\/wp\/v2\/users\/8"}],"replies":[{"embeddable":true,"href":"https:\/\/imais.online\/portal\/wp-json\/wp\/v2\/comments?post=24699"}],"version-history":[{"count":1,"href":"https:\/\/imais.online\/portal\/wp-json\/wp\/v2\/posts\/24699\/revisions"}],"predecessor-version":[{"id":24701,"href":"https:\/\/imais.online\/portal\/wp-json\/wp\/v2\/posts\/24699\/revisions\/24701"}],"wp:featuredmedia":[{"embeddable":true,"href":"https:\/\/imais.online\/portal\/wp-json\/wp\/v2\/media\/24700"}],"wp:attachment":[{"href":"https:\/\/imais.online\/portal\/wp-json\/wp\/v2\/media?parent=24699"}],"wp:term":[{"taxonomy":"category","embeddable":true,"href":"https:\/\/imais.online\/portal\/wp-json\/wp\/v2\/categories?post=24699"},{"taxonomy":"post_tag","embeddable":true,"href":"https:\/\/imais.online\/portal\/wp-json\/wp\/v2\/tags?post=24699"}],"curies":[{"name":"wp","href":"https:\/\/api.w.org\/{rel}","templated":true}]}}