{"id":24705,"date":"2024-10-17T09:46:10","date_gmt":"2024-10-17T12:46:10","guid":{"rendered":"https:\/\/imais.online\/portal\/?p=24705"},"modified":"2024-10-17T09:46:11","modified_gmt":"2024-10-17T12:46:11","slug":"prefeitura-da-andamento-a-revitalizacao-do-parque-ecologico-entre-avenida-ario-e-rua-80","status":"publish","type":"post","link":"https:\/\/imais.online\/portal\/prefeitura-da-andamento-a-revitalizacao-do-parque-ecologico-entre-avenida-ario-e-rua-80\/","title":{"rendered":"Prefeitura d\u00e1 andamento \u00e0 revitaliza\u00e7\u00e3o do Parque Ecol\u00f3gico entre avenida \u00c1rio e Rua 80"},"content":{"rendered":"<div class=\"imais-before-content-placement\" id=\"imais-3893769623\"><script async src=\"\/\/pagead2.googlesyndication.com\/pagead\/js\/adsbygoogle.js?client=ca-pub-8787528412751566\" crossorigin=\"anonymous\"><\/script><ins class=\"adsbygoogle\" style=\"display:block;\" data-ad-client=\"ca-pub-8787528412751566\" \ndata-ad-slot=\"\" \ndata-ad-format=\"auto\"><\/ins>\n<script> \n(adsbygoogle = window.adsbygoogle || []).push({}); \n<\/script>\n<\/div>\n<p><em><small>Parque Pet do Jardim Morada do Sol seguir\u00e1 os mesmos moldes do Jardim Esplanada<\/small><\/em><\/p>\n\n\n\n<p>A Secretaria de Servi\u00e7os Urbanos e Meio Ambiente d\u00e1 andamento aos trabalhos de revitaliza\u00e7\u00e3o do Parque Ecol\u00f3gico, no trecho entre a avenida \u00c1rio Barnab\u00e9 e rua Ant\u00f4nio Angelino Rossi (Rua 80). O novo Parque Pet constru\u00eddo no local j\u00e1 est\u00e1 praticamente pronto. Os trabalhos se concentram na finaliza\u00e7\u00e3o do paisagismo e no cal\u00e7amento que interliga os equipamentos de lazer. A obra ser\u00e1 entregue no in\u00edcio de dezembro, em comemora\u00e7\u00e3o aos 194 anos de Indaiatuba.<\/p>\n\n\n\n<p>Em frente \u00e0 UPA-24h ter\u00e1 meia quadra de basquete e um playground com grama sint\u00e9tica. Do lado da Marginal Esquerda, al\u00e9m do Parque Pet, foi instalada uma Academia ao Ar Livre e um campo de futebol Society.<\/p>\n\n\n\n<p>No trecho depois do Derefim&nbsp;(Departamento de Reabilita\u00e7\u00e3o F\u00edsica e Mental) a Secretaria de Servi\u00e7os Urbanos e Meio Ambiente continuar\u00e1 a revitaliza\u00e7\u00e3o com a cria\u00e7\u00e3o de uma pra\u00e7a de conviv\u00eancia no local, onde ser\u00e3o instalados um outro playground e uma Academia ao Ar Livre.<\/p>\n\n\n\n<p>O projeto de revitaliza\u00e7\u00e3o ainda inclui a renova\u00e7\u00e3o de todo o paisagismo do espa\u00e7o, plantio de grama e a instala\u00e7\u00e3o de ilumina\u00e7\u00e3o em LED, bancos, lixeiras e banheiros.<\/p>\n\n\n\n<p>A mobilidade foi melhorada com a instala\u00e7\u00e3o de duas passarelas met\u00e1licas no C\u00f3rrego Barnab\u00e9, pr\u00f3ximo \u00e0 avenida \u00c1rio Barnab\u00e9.&nbsp;&nbsp;Com as passarelas, os pedestres deixar\u00e3o de dividir uma faixa \u00fanica com os ciclistas.<\/p>\n\n\n\n<p>As obras desse trecho do Parque Ecol\u00f3gico tamb\u00e9m inclu\u00edram melhorias no sistema de drenagem de \u00e1guas pluviais para controlar o problema de eros\u00e3o nas margens do C\u00f3rrego do Barnab\u00e9, e a recomposi\u00e7\u00e3o do talude nos pontos prejudicados pela eros\u00e3o.<\/p>\n\n\n\n<p><strong>Parque Pet<\/strong><\/p>\n\n\n\n<p>O novo Parque Pet do Jardim Morada do Sol foi instalado na Pra\u00e7a do Lago, entre as avenidas Engenheiro F\u00e1bio Roberto Barnab\u00e9 &#8211; Marginal Esquerda e a avenida \u00c1rio Barnab\u00e9. O espa\u00e7o ter\u00e1 os mesmos equipamentos instalados no Parque Pet do Jardim Esplanada I, com \u00e1rea de passeio para c\u00e3es e obst\u00e1culos para divers\u00e3o e treinamento dos c\u00e3es, al\u00e9m de infraestrutura de descanso para atender as fam\u00edlias.<\/p>\n\n\n\n<p>O Parque Pet do Jardim Morada do Sol oferecer\u00e1 tr\u00eas cercadinhos gramados para separar os c\u00e3es de pequeno, m\u00e9dio e grande porte. Um outro espa\u00e7o ser\u00e1 reservado para os obst\u00e1culos \u201cagility\u201d, que s\u00e3o equipamentos utilizados tanto para divers\u00e3o como para o adestramento de c\u00e3es.<\/p>\n\n\n\n<p>O local tamb\u00e9m ter\u00e1 um cantinho reservado para as fotos com os animais de estima\u00e7\u00e3o, playground, banheiros, pergolados com mesas e bancos para descanso e bebedouros, interligados com \u00e1reas de passeio e paisagismo.<\/p>\n\n\n\n<p><strong>Al\u00e7a de Retorno<\/strong><\/p>\n\n\n\n<p>No trecho revitalizado tamb\u00e9m ser\u00e1 aberta uma al\u00e7a de retorno, logo ap\u00f3s o Derefim.&nbsp;Os servi\u00e7os s\u00e3o executados pela Secretaria de Obras e Vias P\u00fablicas, com m\u00e3o de obra e recursos pr\u00f3prios, e t\u00eam previs\u00e3o de conclus\u00e3o at\u00e9 o final de novembro.<\/p>\n\n\n\n<p>Na Marginal Direita do Parque Ecol\u00f3gico, sentido centro-bairro, a nova al\u00e7a de retorno ser\u00e1 posicionada na conflu\u00eancia com a rua Jordalino Pietro Bom. Na Marginal Esquerda, sentido bairro-centro, o acesso ao retorno ser\u00e1 na conflu\u00eancia com a rua Francisco Xavier de Almeida Campos.<\/p>\n\n\n\n<p class=\"has-small-font-size\"><strong>#PraTodosVerem:\u00a0<\/strong>imagem a\u00e9rea do trecho do Parque Ecol\u00f3gico que est\u00e1 em processo de urbaniza\u00e7\u00e3o. No plano central, a imagem mostra o novo Parque Pet, com o lago ao fundo e toda a vegeta\u00e7\u00e3o do trecho. \u00c0 esquerda, um trecho da Marginal Esquerda com alguns ve\u00edculos trafegando. Do lado direito, a fachada da UPA-24h e telhados de im\u00f3veis do Jardim Morada do Sol. Fim da descri\u00e7\u00e3o.<\/p>\n","protected":false},"excerpt":{"rendered":"<p>Parque Pet do Jardim Morada do Sol seguir\u00e1 os mesmos moldes do Jardim Esplanada A Secretaria de Servi\u00e7os Urbanos e Meio Ambiente d\u00e1 andamento aos trabalhos de revitaliza\u00e7\u00e3o do Parque Ecol\u00f3gico, no trecho entre a avenida \u00c1rio Barnab\u00e9 e rua Ant\u00f4nio Angelino Rossi (Rua 80). O novo Parque Pet constru\u00eddo no local j\u00e1 est\u00e1 praticamente [&hellip;]<\/p>\n","protected":false},"author":8,"featured_media":24706,"comment_status":"closed","ping_status":"open","sticky":false,"template":"","format":"standard","meta":{"rop_custom_images_group":[],"rop_custom_messages_group":[],"rop_publish_now":"initial","rop_publish_now_accounts":[],"rop_publish_now_history":[],"rop_publish_now_status":"pending","footnotes":""},"categories":[188],"tags":[73],"class_list":["post-24705","post","type-post","status-publish","format-standard","has-post-thumbnail","hentry","category-indaiatuba","tag-featured"],"amp_enabled":true,"_links":{"self":[{"href":"https:\/\/imais.online\/portal\/wp-json\/wp\/v2\/posts\/24705","targetHints":{"allow":["GET"]}}],"collection":[{"href":"https:\/\/imais.online\/portal\/wp-json\/wp\/v2\/posts"}],"about":[{"href":"https:\/\/imais.online\/portal\/wp-json\/wp\/v2\/types\/post"}],"author":[{"embeddable":true,"href":"https:\/\/imais.online\/portal\/wp-json\/wp\/v2\/users\/8"}],"replies":[{"embeddable":true,"href":"https:\/\/imais.online\/portal\/wp-json\/wp\/v2\/comments?post=24705"}],"version-history":[{"count":1,"href":"https:\/\/imais.online\/portal\/wp-json\/wp\/v2\/posts\/24705\/revisions"}],"predecessor-version":[{"id":24707,"href":"https:\/\/imais.online\/portal\/wp-json\/wp\/v2\/posts\/24705\/revisions\/24707"}],"wp:featuredmedia":[{"embeddable":true,"href":"https:\/\/imais.online\/portal\/wp-json\/wp\/v2\/media\/24706"}],"wp:attachment":[{"href":"https:\/\/imais.online\/portal\/wp-json\/wp\/v2\/media?parent=24705"}],"wp:term":[{"taxonomy":"category","embeddable":true,"href":"https:\/\/imais.online\/portal\/wp-json\/wp\/v2\/categories?post=24705"},{"taxonomy":"post_tag","embeddable":true,"href":"https:\/\/imais.online\/portal\/wp-json\/wp\/v2\/tags?post=24705"}],"curies":[{"name":"wp","href":"https:\/\/api.w.org\/{rel}","templated":true}]}}