{"id":24715,"date":"2024-10-18T10:21:12","date_gmt":"2024-10-18T13:21:12","guid":{"rendered":"https:\/\/imais.online\/portal\/?p=24715"},"modified":"2024-10-18T10:21:13","modified_gmt":"2024-10-18T13:21:13","slug":"programa-que-pagara-ate-r-92-mil-para-trabalhador-remoto-morar-na-espanha-abre-inscricoes","status":"publish","type":"post","link":"https:\/\/imais.online\/portal\/programa-que-pagara-ate-r-92-mil-para-trabalhador-remoto-morar-na-espanha-abre-inscricoes\/","title":{"rendered":"Programa que pagar\u00e1 at\u00e9 R$ 92 mil para trabalhador remoto morar na Espanha abre inscri\u00e7\u00f5es"},"content":{"rendered":"<div class=\"imais-before-content-placement\" id=\"imais-2930140484\"><script async src=\"\/\/pagead2.googlesyndication.com\/pagead\/js\/adsbygoogle.js?client=ca-pub-8787528412751566\" crossorigin=\"anonymous\"><\/script><ins class=\"adsbygoogle\" style=\"display:block;\" data-ad-client=\"ca-pub-8787528412751566\" \ndata-ad-slot=\"\" \ndata-ad-format=\"auto\"><\/ins>\n<script> \n(adsbygoogle = window.adsbygoogle || []).push({}); \n<\/script>\n<\/div>\n<h2 class=\"wp-block-heading\">Iniciativa quer atrair n\u00f4mades digitais para combater o despovoamento de Extremadura. Brasileiros podem se cadastrar, mas precisam ter visto de teletrabalho, que exige renda m\u00ednima de R$ 16 mil.<\/h2>\n\n\n\n<p>O governo de Extremadura, uma comunidade aut\u00f4noma na&nbsp;<a class=\"\" href=\"https:\/\/g1.globo.com\/tudo-sobre\/espanha\/\">Espanha<\/a>, abriu as inscri\u00e7\u00f5es para o programa que vai pagar at\u00e9 R$ 92 mil a pessoas que trabalham remotamente e est\u00e3o dispostas a morar na regi\u00e3o.<\/p>\n\n\n\n<p>A&nbsp;<a class=\"\" href=\"https:\/\/g1.globo.com\/trabalho-e-carreira\/noticia\/2024\/09\/11\/trabalho-remoto-pagara-ate-r-93-mil-para-quem-topar-morar-em-regiao-na-espanha-veja-como-participar.ghtml\">linha de ajuda j\u00e1 havia sido anunciada em agosto<\/a>, mas o decreto com as regras para solicit\u00e1-la foi publicado nesta quinta-feira (17).<\/p>\n\n\n\n<p>O objetivo do governo, ao atrair n\u00f4mades digitais, \u00e9 combater o despovoamento de Extremadura, especialmente nas \u00e1reas rurais, e movimentar a economia, com moradores cujo sal\u00e1rio prov\u00e9m do exterior, mas que v\u00e3o consumir na regi\u00e3o.<\/p>\n\n\n\n<p><strong>Pessoas de dentro e fora da Europa, inclusive brasileiros, podem participar.<\/strong>\u00a0No entanto, precisam cumprir uma s\u00e9rie de exig\u00eancias, como ter visto de teletrabalho na Espanha.<\/p>\n\n\n\n<p>E, entre os requisitos para conseguir esse documento,\u00a0<strong>est\u00e1 comprovar uma renda superior a 2.646 euros (cerca de R$ 16,2 mil)<\/strong>, explica Angel Vazquez Rocha, advogado especialista em imigra\u00e7\u00e3o na Espanha.\u00a0<em>(veja mais detalhes abaixo)<\/em><\/p>\n\n\n\n<h2 class=\"wp-block-heading\">Como se inscrever?<\/h2>\n\n\n\n<p>Os interessados na linha de ajuda de Extremadura podem se inscrever at\u00e9 8 de outubro de 2025, pelo&nbsp;<a class=\"\" href=\"https:\/\/www.juntaex.es\/w\/0697324\" target=\"_blank\" rel=\"noreferrer noopener\">site do governo<\/a>. Para fazer o cadastro, por\u00e9m, \u00e9 necess\u00e1rio ter certificado digital na Espanha.<\/p>\n\n\n\n<p>\u27a1\ufe0f O&nbsp;<strong>certificado digital<\/strong>&nbsp;\u00e9 um meio de identifica\u00e7\u00e3o que permite ao cidad\u00e3o efetuar \u00e0 dist\u00e2ncia tr\u00e2mites junto ao governo espanhol. Ele s\u00f3 pode ser solicitado \u00e0s autoridades se a pessoa tiver um&nbsp;<strong>n\u00famero de identifica\u00e7\u00e3o de estrangeiro (NIE)<\/strong>, que \u00e9 obtido ap\u00f3s a autoriza\u00e7\u00e3o de resid\u00eancia na Espanha, com o visto.<\/p>\n\n\n\n<p>Assim, o interessado precisa correr atr\u00e1s dessa documenta\u00e7\u00e3o&nbsp;<strong>antes<\/strong>&nbsp;de iniciar o processo de inscri\u00e7\u00e3o no programa, orienta o advogado Vazquez Rocha.<\/p>\n\n\n\n<p>O cadastro tamb\u00e9m vai exigir que o candidato\u00a0<strong>comprove que pode exercer seu trabalho de forma remota, por meios tecnol\u00f3gicos,<\/strong>\u00a0tanto sendo \u2018CLT\u2019 ou como aut\u00f4nomo, com um contrato de presta\u00e7\u00e3o de servi\u00e7os.<\/p>\n\n\n\n<h2 class=\"wp-block-heading\">Tipos de ajuda<\/h2>\n\n\n\n<p>O governo vai oferecer dois tipos de ajuda para cobrir parcialmente os custos do estabelecimento dos imigrantes em Extremadura,&nbsp;que dever\u00e3o ficar pelo menos dois anos na regi\u00e3o.<\/p>\n\n\n\n<p>O aux\u00edlio ser\u00e1 de 10 mil euros (aproximadamente R$ 61,2 mil),&nbsp;<strong>pagos uma \u00fanica vez<\/strong>, para:<\/p>\n\n\n\n<ul class=\"wp-block-list\">\n<li>Mulheres;<\/li>\n\n\n\n<li>Pessoas menores de 30 anos;<\/li>\n\n\n\n<li>Quem se mudar para uma cidade com menos de 5 mil habitantes.<\/li>\n<\/ul>\n\n\n\n<p>Ao fim do programa, os participantes que puderem ficar na regi\u00e3o por mais um ano v\u00e3o receber um adicional de 5 mil euros (R$ 30,6 mil).<\/p>\n\n\n\n<p>Quem n\u00e3o se enquadrar em nenhum desses requisitos receber\u00e1 o total de 8 mil euros (cerca de R$ 49 mil) para os primeiros dois anos, e mais 4 mil euros (R$ 24,5 mil) se decidir estender a estadia.<\/p>\n\n\n\n<h2 class=\"wp-block-heading\">Visto de teletrabalho<\/h2>\n\n\n\n<p>Em dezembro de 2022, entrou em vigor na Espanha uma&nbsp;<a class=\"\" href=\"https:\/\/g1.globo.com\/trabalho-e-carreira\/noticia\/2023\/01\/27\/trabalhar-na-espanha-como-nomade-digital-ficou-mais-facil-entenda-o-que-mudou.ghtml\">lei que facilita o requerimento e a obten\u00e7\u00e3o de visto para n\u00f4mades digitais<\/a>. O documento \u00e9 destinado a pessoas que podem exercer sua atividade profissional \u00e0 dist\u00e2ncia, por meio da tecnologia.<\/p>\n\n\n\n<p>O visto pode ser solicitado tanto por<strong>&nbsp;trabalhadores com carteira assinada<\/strong>, desde que atuem para empresas de fora da Espanha, como por&nbsp;<strong>aut\u00f4nomos e empres\u00e1rios<\/strong>, que dever\u00e3o comprovar rela\u00e7\u00f5es comerciais com uma ou mais empresas (clientes) nos \u00faltimos tr\u00eas meses.<\/p>\n\n\n\n<p>Nos dois casos, entre outras exig\u00eancias, a pessoa precisa enviar uma documenta\u00e7\u00e3o comprovando que est\u00e1 autorizada a trabalhar remotamente, detalha o advogado Angel Vazquez Rocha.<\/p>\n\n\n\n<p>Outro requisito, segundo o especialista, \u00e9 que&nbsp;<strong>o trabalhador precisa ter diploma universit\u00e1rio ou ao menos tr\u00eas anos de experi\u00eancia profissional comprovada<\/strong><strong>.<\/strong><\/p>\n\n\n\n<blockquote class=\"wp-block-quote is-layout-flow wp-block-quote-is-layout-flow\">\n<p>A renda m\u00ednima deve ser de dois sal\u00e1rios m\u00ednimos na Espanha, ou seja, de 2.646 euros (cerca de R$ 16,2 mil).<\/p>\n<\/blockquote>\n\n\n\n<p>O visto tamb\u00e9m pode ser estendido \u00e0 fam\u00edlia do profissional, mas, al\u00e9m dos 2.268 euros, ele precisa ganhar mais 75% de um sal\u00e1rio m\u00ednimo espanhol para levar uma pessoa (um c\u00f4njuge, por exemplo), e mais 50% para cada familiar adicional, como filhos.<\/p>\n\n\n\n<p>\u201cEnt\u00e3o, essa ajuda do governo de Extremadura vai atrair, mas n\u00e3o justifica que a pessoa saia do Brasil desesperadamente, porque o n\u00f4made j\u00e1 tem que ser altamente qualificado. Eles querem atrair quem j\u00e1 tem uma certa renda\u201d, afirma Vazquez.<\/p>\n\n\n\n<p>O prazo para obter o visto de teletrabalho costuma ser r\u00e1pido, diz o advogado. No geral, o governo espanhol tem de 10 a 20 dias \u00fateis para responder \u00e0 solicita\u00e7\u00e3o, se n\u00e3o ela \u00e9 aprovada automaticamente.<\/p>\n\n\n\n<h2 class=\"wp-block-heading\">Vida em Extremadura<\/h2>\n\n\n\n<p>Extremadura \u00e9 uma comunidade aut\u00f4noma na Espanha que faz fronteira com Portugal. Ela se divide em duas prov\u00edncias (C\u00e1ceres e Badajoz), que englobam v\u00e1rias cidades.<\/p>\n\n\n\n<p>Atualmente,&nbsp;<strong>h\u00e1 1.397 brasileiros vivendo na regi\u00e3o<\/strong>, segundo o Instituto Nacional de Estat\u00edstica da Espanha (INE).<\/p>\n\n\n\n<p>No entanto, o consulado do Brasil em Madri acredita que h\u00e1 pelo menos 2 mil brasileiros no local, pois as estat\u00edsticas oficiais deixam de contabilizar imigrantes em situa\u00e7\u00e3o irregular e com dupla nacionalidade.<\/p>\n\n\n\n<p>De acordo com o governo local, Extremadura oferece \u201cqualidade de vida a um pre\u00e7o razo\u00e1vel\u201d, com aluguel e impostos sobre im\u00f3veis baratos. Tamb\u00e9m costuma proporcionar uma rotina mais calma aos moradores, longe das grandes cidades do pa\u00eds.<\/p>\n\n\n\n<p>O territ\u00f3rio \u00e9 rico em recursos naturais e possui um vasto patrim\u00f4nio hist\u00f3rico e cultural, ainda conforme o governo de Extremadura. A regi\u00e3o tamb\u00e9m \u00e9 conhecida pela produ\u00e7\u00e3o de vinho e presunto.<\/p>\n\n\n\n<p>Fonte G1<\/p>\n\n\n\n<p><\/p>\n","protected":false},"excerpt":{"rendered":"<p>Iniciativa quer atrair n\u00f4mades digitais para combater o despovoamento de Extremadura. Brasileiros podem se cadastrar, mas precisam ter visto de teletrabalho, que exige renda m\u00ednima de R$ 16 mil. O governo de Extremadura, uma comunidade aut\u00f4noma na&nbsp;Espanha, abriu as inscri\u00e7\u00f5es para o programa que vai pagar at\u00e9 R$ 92 mil a pessoas que trabalham remotamente [&hellip;]<\/p>\n","protected":false},"author":8,"featured_media":24716,"comment_status":"closed","ping_status":"open","sticky":false,"template":"","format":"standard","meta":{"rop_custom_images_group":[],"rop_custom_messages_group":[],"rop_publish_now":"initial","rop_publish_now_accounts":[],"rop_publish_now_history":[],"rop_publish_now_status":"pending","footnotes":""},"categories":[212],"tags":[],"class_list":["post-24715","post","type-post","status-publish","format-standard","has-post-thumbnail","hentry","category-internacional"],"amp_enabled":true,"_links":{"self":[{"href":"https:\/\/imais.online\/portal\/wp-json\/wp\/v2\/posts\/24715","targetHints":{"allow":["GET"]}}],"collection":[{"href":"https:\/\/imais.online\/portal\/wp-json\/wp\/v2\/posts"}],"about":[{"href":"https:\/\/imais.online\/portal\/wp-json\/wp\/v2\/types\/post"}],"author":[{"embeddable":true,"href":"https:\/\/imais.online\/portal\/wp-json\/wp\/v2\/users\/8"}],"replies":[{"embeddable":true,"href":"https:\/\/imais.online\/portal\/wp-json\/wp\/v2\/comments?post=24715"}],"version-history":[{"count":1,"href":"https:\/\/imais.online\/portal\/wp-json\/wp\/v2\/posts\/24715\/revisions"}],"predecessor-version":[{"id":24717,"href":"https:\/\/imais.online\/portal\/wp-json\/wp\/v2\/posts\/24715\/revisions\/24717"}],"wp:featuredmedia":[{"embeddable":true,"href":"https:\/\/imais.online\/portal\/wp-json\/wp\/v2\/media\/24716"}],"wp:attachment":[{"href":"https:\/\/imais.online\/portal\/wp-json\/wp\/v2\/media?parent=24715"}],"wp:term":[{"taxonomy":"category","embeddable":true,"href":"https:\/\/imais.online\/portal\/wp-json\/wp\/v2\/categories?post=24715"},{"taxonomy":"post_tag","embeddable":true,"href":"https:\/\/imais.online\/portal\/wp-json\/wp\/v2\/tags?post=24715"}],"curies":[{"name":"wp","href":"https:\/\/api.w.org\/{rel}","templated":true}]}}