{"id":24727,"date":"2024-10-21T09:22:27","date_gmt":"2024-10-21T12:22:27","guid":{"rendered":"https:\/\/imais.online\/portal\/?p=24727"},"modified":"2024-10-21T09:22:27","modified_gmt":"2024-10-21T12:22:27","slug":"caso-diddy-outras-tres-celebridades-sao-citadas-pela-primeira-vez-em-acusacao-na-justica","status":"publish","type":"post","link":"https:\/\/imais.online\/portal\/caso-diddy-outras-tres-celebridades-sao-citadas-pela-primeira-vez-em-acusacao-na-justica\/","title":{"rendered":"Caso Diddy: outras tr\u00eas celebridades s\u00e3o citadas pela primeira vez em acusa\u00e7\u00e3o na justi\u00e7a"},"content":{"rendered":"<div class=\"imais-before-content-placement\" id=\"imais-137426409\"><script async src=\"\/\/pagead2.googlesyndication.com\/pagead\/js\/adsbygoogle.js?client=ca-pub-8787528412751566\" crossorigin=\"anonymous\"><\/script><ins class=\"adsbygoogle\" style=\"display:block;\" data-ad-client=\"ca-pub-8787528412751566\" \ndata-ad-slot=\"\" \ndata-ad-format=\"auto\"><\/ins>\n<script> \n(adsbygoogle = window.adsbygoogle || []).push({}); \n<\/script>\n<\/div>\n<h2 class=\"wp-block-heading\">O julgamento do m\u00fasico ter\u00e1 in\u00edcio em 5 de maio de 2025<\/h2>\n\n\n\n<p><a class=\"\" href=\"https:\/\/revistamonet.globo.com\/noticias\/noticia\/2024\/10\/diddy-e-acusado-de-estuprar-menina-de-13-anos-em-nova-enxurrada-de-processos.ghtml\">O rapper Diddy \u00e9 alvo de seis novos processos civis, sendo que um deles parte de uma pessoa que diz que era menor de idade quando foi drogada e abusada sexualmente pelo artista<\/a>. Segundo o site do grupo de m\u00eddia norte-americano CNN, pelo menos outras tr\u00eas celebridades s\u00e3o mencionadas nos processos, mas sem que seus nomes sejam revelados.<\/p>\n\n\n\n<p>Os nomes dos autores dos seis novos processos tamb\u00e9m n\u00e3o foram divulgados. S\u00e3o tr\u00eas homens e tr\u00eas mulheres, sendo que apenas uma dessas pessoas diz n\u00e3o ter sido drogada pelo m\u00fasico.<\/p>\n\n\n\n<p>De acordo com a CNN, uma das v\u00edtimas afirma que tinha 13 anos quando foi v\u00edtima do rapper. O crime contra ela ocorreu em 2000. Ela disse ter sido levada de carro para uma festa de Diddy ap\u00f3s o MTV Video Music Awards de 2000, em Nova York. Ela foi drogada, encontrou ref\u00fagio em um quarto, mas foi abusada pelo cantor e um amigo famoso.<\/p>\n\n\n\n<p>A v\u00edtima diz que junto com Diddy e a celebridade do sexo masculino, tamb\u00e9m havia uma celebridade do sexo feminino presente no quarto em que ocorreu o crime. A CNN conta que os seis processos cont\u00e9m alega\u00e7\u00f5es de estupro, viol\u00eancia sexual, agress\u00e3o e encarceiramento. Os crimes listados nos processos teriam ocorrido entre 2000 e 2022, em Nova York, Los Angeles e Las Vegas.<\/p>\n\n\n\n<p>A imprensa internacional noticia que pelo menos 120 pessoas j\u00e1 se dizem v\u00edtimas de Diddy. As autoridades dos EUA o acusam de administrar um \u201cempreendimento criminoso\u201d voltado para tr\u00e1fico sexual, sequestros e abuso f\u00edsico. O m\u00fasico nega as acusa\u00e7\u00f5es. O julgamento dele ter\u00e1 in\u00edcio em 5 de maio de 2025.<\/p>\n\n\n\n<p>Diddy est\u00e1 atr\u00e1s das grades desde o \u00faltimo dia 16 de setembro. As autoridades da Corte Federal de Manhattan recusaram um pedido de pagamento de fian\u00e7a de US$ 50 milh\u00f5es feita pelos advogados do cantor, para que ele pudesse responder \u00e0s acusa\u00e7\u00f5es contra ele em liberdade. Ele est\u00e1 detido no Metropolitan Detention Center, no Brooklyn.<\/p>\n\n\n\n<p>Fonte O Globo<\/p>\n","protected":false},"excerpt":{"rendered":"<p>O julgamento do m\u00fasico ter\u00e1 in\u00edcio em 5 de maio de 2025 O rapper Diddy \u00e9 alvo de seis novos processos civis, sendo que um deles parte de uma pessoa que diz que era menor de idade quando foi drogada e abusada sexualmente pelo artista. Segundo o site do grupo de m\u00eddia norte-americano CNN, pelo [&hellip;]<\/p>\n","protected":false},"author":8,"featured_media":24728,"comment_status":"closed","ping_status":"open","sticky":false,"template":"","format":"standard","meta":{"rop_custom_images_group":[],"rop_custom_messages_group":[],"rop_publish_now":"initial","rop_publish_now_accounts":[],"rop_publish_now_history":[],"rop_publish_now_status":"pending","footnotes":""},"categories":[212],"tags":[],"class_list":["post-24727","post","type-post","status-publish","format-standard","has-post-thumbnail","hentry","category-internacional"],"amp_enabled":true,"_links":{"self":[{"href":"https:\/\/imais.online\/portal\/wp-json\/wp\/v2\/posts\/24727","targetHints":{"allow":["GET"]}}],"collection":[{"href":"https:\/\/imais.online\/portal\/wp-json\/wp\/v2\/posts"}],"about":[{"href":"https:\/\/imais.online\/portal\/wp-json\/wp\/v2\/types\/post"}],"author":[{"embeddable":true,"href":"https:\/\/imais.online\/portal\/wp-json\/wp\/v2\/users\/8"}],"replies":[{"embeddable":true,"href":"https:\/\/imais.online\/portal\/wp-json\/wp\/v2\/comments?post=24727"}],"version-history":[{"count":1,"href":"https:\/\/imais.online\/portal\/wp-json\/wp\/v2\/posts\/24727\/revisions"}],"predecessor-version":[{"id":24729,"href":"https:\/\/imais.online\/portal\/wp-json\/wp\/v2\/posts\/24727\/revisions\/24729"}],"wp:featuredmedia":[{"embeddable":true,"href":"https:\/\/imais.online\/portal\/wp-json\/wp\/v2\/media\/24728"}],"wp:attachment":[{"href":"https:\/\/imais.online\/portal\/wp-json\/wp\/v2\/media?parent=24727"}],"wp:term":[{"taxonomy":"category","embeddable":true,"href":"https:\/\/imais.online\/portal\/wp-json\/wp\/v2\/categories?post=24727"},{"taxonomy":"post_tag","embeddable":true,"href":"https:\/\/imais.online\/portal\/wp-json\/wp\/v2\/tags?post=24727"}],"curies":[{"name":"wp","href":"https:\/\/api.w.org\/{rel}","templated":true}]}}