{"id":24733,"date":"2024-10-21T12:21:45","date_gmt":"2024-10-21T15:21:45","guid":{"rendered":"https:\/\/imais.online\/portal\/?p=24733"},"modified":"2024-10-21T12:21:46","modified_gmt":"2024-10-21T15:21:46","slug":"fiec-portas-abertas-acontece-no-dia-25-de-outubro","status":"publish","type":"post","link":"https:\/\/imais.online\/portal\/fiec-portas-abertas-acontece-no-dia-25-de-outubro\/","title":{"rendered":"Fiec Portas Abertas acontece no dia 25 de outubro"},"content":{"rendered":"<div class=\"imais-before-content-placement\" id=\"imais-1895684019\"><script async src=\"\/\/pagead2.googlesyndication.com\/pagead\/js\/adsbygoogle.js?client=ca-pub-8787528412751566\" crossorigin=\"anonymous\"><\/script><ins class=\"adsbygoogle\" style=\"display:block;\" data-ad-client=\"ca-pub-8787528412751566\" \ndata-ad-slot=\"\" \ndata-ad-format=\"auto\"><\/ins>\n<script> \n(adsbygoogle = window.adsbygoogle || []).push({}); \n<\/script>\n<\/div>\n<p><em><small>Evento \u00e9 aberto ao p\u00fablico<\/small><\/em><\/p>\n\n\n\n<p>A Funda\u00e7\u00e3o Indaiatubana de Educa\u00e7\u00e3o e Cultura (Fiec) realiza na pr\u00f3xima sexta-feira (25) o evento \u201cFiec Portas Abertas\u201d das 14h \u00e0s 21h, no pr\u00e9dio da Funda\u00e7\u00e3o. Na ocasi\u00e3o, contar\u00e1 com oficinas, gincanas, simula\u00e7\u00f5es, testes sensoriais, bioimped\u00e2ncia, jogos, bate papos com os professores e apresenta\u00e7\u00f5es interativas. A a\u00e7\u00e3o acontecer\u00e1 de maneira gratuita e aberta ao p\u00fablico.<\/p>\n\n\n\n<p>O objetivo \u00e9 que a popula\u00e7\u00e3o possa conhecer a infraestrutura da Funda\u00e7\u00e3o e os cursos oferecidos. A Fiec \u00e9 refer\u00eancia nacional no ensino profissionalizante, bem como, nos cursos t\u00e9cnicos, tecn\u00f3logos e extracurriculares. O evento acontece no pr\u00e9dio da institui\u00e7\u00e3o de ensino localizada na Avenida Engenheiro F\u00e1bio Roberto Barnab\u00e9, 3405.<\/p>\n\n\n\n<p>&nbsp;<strong>Confira os cursos dispon\u00edveis no \u201cFiec Portas Abertas\u201d<\/strong><\/p>\n\n\n\n<p><strong>Enfermagem e Seguran\u00e7a do Trabalho<\/strong><\/p>\n\n\n\n<p>Salas 2 e 3: Curso de Enfermagem &#8211; Coord. Andreza \u2013 Pr\u00e1ticas de enfermagem -simula\u00e7\u00f5es domiciliares e hospitalares.<\/p>\n\n\n\n<p>Sala 5: Curso Seguran\u00e7a do Trabalho \u2013 Coord. Andreza- dispositivos de primeiros socorros<\/p>\n\n\n\n<p><strong>An\u00e1lises Cl\u00ednicas, Farm\u00e1cia, Qu\u00edmica e Processos Qu\u00edmicos<\/strong><\/p>\n\n\n\n<p>Sala 4: Curso de An\u00e1lises Cl\u00ednicas \u2013 Coord. Claudemir\u2013 Conhecendo o mundo microsc\u00f3pico&nbsp;&nbsp;&nbsp;&nbsp;&nbsp;&nbsp;&nbsp;&nbsp;&nbsp;&nbsp;&nbsp;&nbsp;&nbsp;<\/p>\n\n\n\n<p>Sala 8: Cursos de Farm\u00e1cia \u2013 Coord. Claudemir \u2013Aromatizadores e sais de banho<\/p>\n\n\n\n<p>Sala 14: Curso de Qu\u00edmica \u2013 Coord. Claudemir \u2013 das14h30 \u00e0s 17h45 \u2013 Experimentos Cient\u00edficos<\/p>\n\n\n\n<p>Sala 16: Curso de Qu\u00edmica \u2013 Coord. Claudemir \u2013 das14h30 \u00e0s 17h45 \u2013 Experimentos Cient\u00edficos<\/p>\n\n\n\n<p>P\u00e1tio: Cursos de An\u00e1lises Cl\u00ednicas e Farm\u00e1cia \u2013Coord. Claudemir \u2013 Informa\u00e7\u00f5es sobre principais doen\u00e7as<\/p>\n\n\n\n<p><strong>Meio Ambiente<\/strong><\/p>\n\n\n\n<p>Salas 13: Curso de Meio Ambiente \u2013 Coord. Claudemir \u2013das 14h30 \u00e0s 17h45 \u2013 produtos sustent\u00e1veis<strong><\/strong><\/p>\n\n\n\n<p>Sala 15: Curso de Meio Ambiente \u2013 Coord. Claudemir \u2013An\u00e1lises ambientais<\/p>\n\n\n\n<p><strong>Mecatr\u00f4nica<\/strong><\/p>\n\n\n\n<p>Sala 22: Curso de Mecatr\u00f4nica &#8211; Coord. Konishi \u2013Prot\u00f3tipos e projetos<\/p>\n\n\n\n<p>Sala 23: Curso de Mecatr\u00f4nica \u2013 Coord. Konishi \u2013 Internet das coisas (IoT)<\/p>\n\n\n\n<p><strong>Nutri\u00e7\u00e3o e Diet\u00e9tica e Gastronomia<\/strong><\/p>\n\n\n\n<p>Sala 7: Curso de Gastronomia \u2013 Coord. Jana\u00edna \u2013Esta\u00e7\u00f5es gastron\u00f4micas brasileiras&nbsp;<\/p>\n\n\n\n<p><strong>Edifica\u00e7\u00f5es e Design de Interiores<\/strong><\/p>\n\n\n\n<p>Sala 19: Curso de Design de Interiores \u2013 Coord.Samuel \u2013 \u00d3culos de realidade virtual e modelos tridimensionais<\/p>\n\n\n\n<p>Sala 20: Curso de Edifica\u00e7\u00f5es \u2013 Coord. Samuel \u2013Maquetes e impress\u00e3o 3D<\/p>\n\n\n\n<p><strong>Administra\u00e7\u00e3o, Log\u00edstica e Marketing<\/strong><\/p>\n\n\n\n<p>Sala 1: Curso de Administra\u00e7\u00e3o \u2013 Coord. Mariela \u2013Jogos de Administra\u00e7\u00e3o<\/p>\n\n\n\n<p>Sala 6: Curso de Administra\u00e7\u00e3o \u2013 Coord. Mariela \u2013 Oficina de curr\u00edculos e teste vocacional<\/p>\n\n\n\n<p><strong>Inform\u00e1tica e Internet<\/strong><\/p>\n\n\n\n<p>Sala 9:&nbsp; Curso de Inform\u00e1tica \u2013 Coord. Ana Maria \u2013 das 14h30 \u00e0s 17h45 \u2013 jogos interativos das 17h45 \u00e0s21h \u2013 Reconhecimento Facial<\/p>\n\n\n\n<p>Sala 10: Curso de Inform\u00e1tica \u2013 Coord. Ana Maria \u2013 das17h45 \u00e0s 21h \u2013 Workshop Hardware<\/p>\n\n\n\n<p>Sala 11: Inclus\u00e3o Digital \u2013 Coord. Maria Celine \u2013Apresenta\u00e7\u00e3o Programa de Inclus\u00e3o Digital<\/p>\n\n\n\n<p><strong>Tecn\u00f3logo em Processos Qu\u00edmicos<\/strong><\/p>\n\n\n\n<p>Sala 16: Tecn\u00f3logo em Proc. Qu\u00edmicos\u2013 Coord. Claudemir \u2013 das 17h45 \u00e0s 21h \u2013 Experimentos Cient\u00edficos<\/p>\n\n\n\n<p>Tecn\u00f3logo em Proc. Qu\u00edmicos \u2013Coord. Claudemir \u2013 das 17h45 \u00e0s 21h \u2013 Projeto de M\u00e1quinas a Vapor<\/p>\n\n\n\n<p>P\u00e1tio: Tecn\u00f3logo em Proc. Qu\u00edmicos \u2013 Coord. Claudemir\u2013 Projetos de Fermenta\u00e7\u00e3o microbiol\u00f3gica<\/p>\n\n\n\n<p><strong>Agroneg\u00f3cio<\/strong><\/p>\n\n\n\n<p>P\u00e1tio: Curso de Agroneg\u00f3cio \u2013 Coord. Mariela \u2013 Amostra de Atividades do Agroneg\u00f3cio<\/p>\n\n\n\n<p><strong>Vestibulinho<\/strong><\/p>\n\n\n\n<p>Sala 17: Vestibulinho Fiec 2024 \u2013 inscri\u00e7\u00f5es e informa\u00e7\u00f5es<\/p>\n\n\n\n<p><strong>#PraTodosVerem:\u00a0<\/strong>Foto colorida mostrando os alunos participando da experi\u00eancia de an\u00e1lises cl\u00ednicas atrav\u00e9s do microsc\u00f3pio. Fim da Descri\u00e7\u00e3o.\u00a0\u00a0<\/p>\n\n\n\n<p><\/p>\n","protected":false},"excerpt":{"rendered":"<p>Evento \u00e9 aberto ao p\u00fablico A Funda\u00e7\u00e3o Indaiatubana de Educa\u00e7\u00e3o e Cultura (Fiec) realiza na pr\u00f3xima sexta-feira (25) o evento \u201cFiec Portas Abertas\u201d das 14h \u00e0s 21h, no pr\u00e9dio da Funda\u00e7\u00e3o. Na ocasi\u00e3o, contar\u00e1 com oficinas, gincanas, simula\u00e7\u00f5es, testes sensoriais, bioimped\u00e2ncia, jogos, bate papos com os professores e apresenta\u00e7\u00f5es interativas. A a\u00e7\u00e3o acontecer\u00e1 de maneira [&hellip;]<\/p>\n","protected":false},"author":8,"featured_media":24734,"comment_status":"closed","ping_status":"open","sticky":false,"template":"","format":"standard","meta":{"rop_custom_images_group":[],"rop_custom_messages_group":[],"rop_publish_now":"initial","rop_publish_now_accounts":[],"rop_publish_now_history":[],"rop_publish_now_status":"pending","footnotes":""},"categories":[188],"tags":[73],"class_list":["post-24733","post","type-post","status-publish","format-standard","has-post-thumbnail","hentry","category-indaiatuba","tag-featured"],"amp_enabled":true,"_links":{"self":[{"href":"https:\/\/imais.online\/portal\/wp-json\/wp\/v2\/posts\/24733","targetHints":{"allow":["GET"]}}],"collection":[{"href":"https:\/\/imais.online\/portal\/wp-json\/wp\/v2\/posts"}],"about":[{"href":"https:\/\/imais.online\/portal\/wp-json\/wp\/v2\/types\/post"}],"author":[{"embeddable":true,"href":"https:\/\/imais.online\/portal\/wp-json\/wp\/v2\/users\/8"}],"replies":[{"embeddable":true,"href":"https:\/\/imais.online\/portal\/wp-json\/wp\/v2\/comments?post=24733"}],"version-history":[{"count":1,"href":"https:\/\/imais.online\/portal\/wp-json\/wp\/v2\/posts\/24733\/revisions"}],"predecessor-version":[{"id":24735,"href":"https:\/\/imais.online\/portal\/wp-json\/wp\/v2\/posts\/24733\/revisions\/24735"}],"wp:featuredmedia":[{"embeddable":true,"href":"https:\/\/imais.online\/portal\/wp-json\/wp\/v2\/media\/24734"}],"wp:attachment":[{"href":"https:\/\/imais.online\/portal\/wp-json\/wp\/v2\/media?parent=24733"}],"wp:term":[{"taxonomy":"category","embeddable":true,"href":"https:\/\/imais.online\/portal\/wp-json\/wp\/v2\/categories?post=24733"},{"taxonomy":"post_tag","embeddable":true,"href":"https:\/\/imais.online\/portal\/wp-json\/wp\/v2\/tags?post=24733"}],"curies":[{"name":"wp","href":"https:\/\/api.w.org\/{rel}","templated":true}]}}