{"id":24783,"date":"2024-10-31T10:01:27","date_gmt":"2024-10-31T13:01:27","guid":{"rendered":"https:\/\/imais.online\/portal\/?p=24783"},"modified":"2024-10-31T10:01:28","modified_gmt":"2024-10-31T13:01:28","slug":"roda-de-choro-acontece-no-dia-3-de-novembro-no-casarao-pau-preto","status":"publish","type":"post","link":"https:\/\/imais.online\/portal\/roda-de-choro-acontece-no-dia-3-de-novembro-no-casarao-pau-preto\/","title":{"rendered":"Roda de Choro acontece no dia 3 de novembro no Casar\u00e3o Pau Preto"},"content":{"rendered":"<div class=\"imais-before-content-placement\" id=\"imais-3113141925\"><script async src=\"\/\/pagead2.googlesyndication.com\/pagead\/js\/adsbygoogle.js?client=ca-pub-8787528412751566\" crossorigin=\"anonymous\"><\/script><ins class=\"adsbygoogle\" style=\"display:block;\" data-ad-client=\"ca-pub-8787528412751566\" \ndata-ad-slot=\"\" \ndata-ad-format=\"auto\"><\/ins>\n<script> \n(adsbygoogle = window.adsbygoogle || []).push({}); \n<\/script>\n<\/div>\n<p><em><small>Evento \u00e9 gratuito e aberto ao p\u00fablico<\/small><\/em><\/p>\n\n\n\n<p>No pr\u00f3ximo domingo (3) a Prefeitura de Indaiatuba, por meio da Secretaria de Cultura, realizar\u00e1 mais uma edi\u00e7\u00e3o da Roda de Choro \u00e0s 10h. O evento acontecer\u00e1 no Casar\u00e3o Pau Preto localizado na Rua Pedro Gon\u00e7alves n\u00ba477, no Jardim Pau Preto. &nbsp;Os m\u00fasicos interessados em participar \u00e9 s\u00f3 levar o seu instrumento no dia. A a\u00e7\u00e3o tem entrada gratuita e \u00e9 aberta ao p\u00fablico.<\/p>\n\n\n\n<p>&nbsp;A Roda de Choro \u00e9 formada pelos oficineiros do N\u00facleo Nabor Pires Camargo. Foi criada com o objetivo de resgatar e difundir a cultura do choro em nossa cidade, manter viva a mem\u00f3ria de Nabor Pires Camargo, bem como, tem o intuito de funcionar como um canal de interc\u00e2mbio de conhecimento, uma vez que a roda \u00e9 aberta a todos os m\u00fasicos.<\/p>\n\n\n\n<p><strong>Servi\u00e7o<\/strong><\/p>\n\n\n\n<p><strong>Roda de Choro<\/strong><\/p>\n\n\n\n<p><strong>Data:<\/strong>&nbsp;3 de novembro.<\/p>\n\n\n\n<p><strong>Hor\u00e1rio:<\/strong>&nbsp;10h.<\/p>\n\n\n\n<p><strong>Local:<\/strong>&nbsp;Casar\u00e3o Pau Preto, localizado na Rua Pedro Gon\u00e7alves n\u00ba477, Jardim Pau Preto.<\/p>\n\n\n\n<p><strong>Entrada gratuita.<\/strong><\/p>\n\n\n\n<p><strong>#Pratodosverem:<\/strong>\u00a0Arte com as informa\u00e7\u00f5es da Roda de Choro que acontece no pr\u00f3ximo domingo (3). Fim da descri\u00e7\u00e3o.\u00a0<\/p>\n\n\n\n<p><\/p>\n","protected":false},"excerpt":{"rendered":"<p>Evento \u00e9 gratuito e aberto ao p\u00fablico No pr\u00f3ximo domingo (3) a Prefeitura de Indaiatuba, por meio da Secretaria de Cultura, realizar\u00e1 mais uma edi\u00e7\u00e3o da Roda de Choro \u00e0s 10h. O evento acontecer\u00e1 no Casar\u00e3o Pau Preto localizado na Rua Pedro Gon\u00e7alves n\u00ba477, no Jardim Pau Preto. &nbsp;Os m\u00fasicos interessados em participar \u00e9 s\u00f3 [&hellip;]<\/p>\n","protected":false},"author":8,"featured_media":24784,"comment_status":"closed","ping_status":"open","sticky":false,"template":"","format":"standard","meta":{"rop_custom_images_group":[],"rop_custom_messages_group":[],"rop_publish_now":"initial","rop_publish_now_accounts":[],"rop_publish_now_history":[],"rop_publish_now_status":"pending","footnotes":""},"categories":[188],"tags":[],"class_list":["post-24783","post","type-post","status-publish","format-standard","has-post-thumbnail","hentry","category-indaiatuba"],"amp_enabled":true,"_links":{"self":[{"href":"https:\/\/imais.online\/portal\/wp-json\/wp\/v2\/posts\/24783","targetHints":{"allow":["GET"]}}],"collection":[{"href":"https:\/\/imais.online\/portal\/wp-json\/wp\/v2\/posts"}],"about":[{"href":"https:\/\/imais.online\/portal\/wp-json\/wp\/v2\/types\/post"}],"author":[{"embeddable":true,"href":"https:\/\/imais.online\/portal\/wp-json\/wp\/v2\/users\/8"}],"replies":[{"embeddable":true,"href":"https:\/\/imais.online\/portal\/wp-json\/wp\/v2\/comments?post=24783"}],"version-history":[{"count":1,"href":"https:\/\/imais.online\/portal\/wp-json\/wp\/v2\/posts\/24783\/revisions"}],"predecessor-version":[{"id":24785,"href":"https:\/\/imais.online\/portal\/wp-json\/wp\/v2\/posts\/24783\/revisions\/24785"}],"wp:featuredmedia":[{"embeddable":true,"href":"https:\/\/imais.online\/portal\/wp-json\/wp\/v2\/media\/24784"}],"wp:attachment":[{"href":"https:\/\/imais.online\/portal\/wp-json\/wp\/v2\/media?parent=24783"}],"wp:term":[{"taxonomy":"category","embeddable":true,"href":"https:\/\/imais.online\/portal\/wp-json\/wp\/v2\/categories?post=24783"},{"taxonomy":"post_tag","embeddable":true,"href":"https:\/\/imais.online\/portal\/wp-json\/wp\/v2\/tags?post=24783"}],"curies":[{"name":"wp","href":"https:\/\/api.w.org\/{rel}","templated":true}]}}