{"id":24830,"date":"2024-11-04T16:17:51","date_gmt":"2024-11-04T19:17:51","guid":{"rendered":"https:\/\/imais.online\/portal\/?p=24830"},"modified":"2024-11-04T16:17:52","modified_gmt":"2024-11-04T19:17:52","slug":"cinesolar-acontece-no-dia-20-de-novembro-com-exibicao-de-curtas-metragens-e-filme","status":"publish","type":"post","link":"https:\/\/imais.online\/portal\/cinesolar-acontece-no-dia-20-de-novembro-com-exibicao-de-curtas-metragens-e-filme\/","title":{"rendered":"CineSolar acontece no dia 20 de novembro com exibi\u00e7\u00e3o de curtas-metragens e filme"},"content":{"rendered":"<div class=\"imais-before-content-placement\" id=\"imais-771199303\"><script async src=\"\/\/pagead2.googlesyndication.com\/pagead\/js\/adsbygoogle.js?client=ca-pub-8787528412751566\" crossorigin=\"anonymous\"><\/script><ins class=\"adsbygoogle\" style=\"display:block;\" data-ad-client=\"ca-pub-8787528412751566\" \ndata-ad-slot=\"\" \ndata-ad-format=\"auto\"><\/ins>\n<script> \n(adsbygoogle = window.adsbygoogle || []).push({}); \n<\/script>\n<\/div>\n<p><em><small>Cinema ao ar livre conta com sess\u00f5es gratuitas no per\u00edodo noturno<\/small><\/em><\/p>\n\n\n\n<p>No dia 20 de novembro acontece o CineSolar, viabilizado oferecido pelo Governo do Estado pela Secretaria da Cultura, Economia e Ind\u00fastria Criativa atrav\u00e9s do Programa de a\u00e7\u00e3o cultural (ProAC), em parceria com o Grupo CPFL Energia e apoio da Prefeitura de Indaiatuba, por meio da Secretaria Municipal de Cultura. A a\u00e7\u00e3o gratuita acontece \u00e0s 19h com a exibi\u00e7\u00e3o de curtas-metragens do FicaEco e SFF Brasil e \u00e0s 20h com o filme Perlimps, na EMEB Prof\u00aa Maria Helena da Costa e Silva.<\/p>\n\n\n\n<p>A primeira sess\u00e3o conta com os curtas-metragens \u201cVem conhecer a China com o CineSolar\u201d, \u201cTeo, o menino azul\u201d, \u201cPartir\u201d, \u201cMar\u00e9 Braba\u201d, \u201cFirmino Coi\u00f3\u201de \u201cProcura-se\u201d. J\u00e1 a segunda sess\u00e3o traz a anima\u00e7\u00e3o Perlimps. Para a sess\u00e3o ser\u00e1 disponibilizado pipocas e os que se interessarem poder\u00e3o acessar ao furg\u00e3o que \u00e9 utilizado como esta\u00e7\u00e3o m\u00f3vel de cinema movida a energia solar integrando arte, tecnologia e sustentabilidade.<\/p>\n\n\n\n<p><strong>Curtas-metragens (Sinopses)<\/strong><\/p>\n\n\n\n<p><strong><u>\u2018Vem conhecer a China com o CineSolar\u2019<\/u><\/strong><\/p>\n\n\n\n<p><strong>&nbsp;<\/strong>Document\u00e1rio &nbsp;com dura\u00e7\u00e3o: 9 minutos e 49 segundos<\/p>\n\n\n\n<p>O primeiro cinema itinerante do Brasil movido a energia solar, viajou at\u00e9 a China, com a Cynthia Alario, idealizadora do projeto, e o Paulo Perez, diretor de Arte. A viagem, em mar\u00e7o de 2024, foi a convite do Instituto Conf\u00facio da Unicamp, de Campinas (SP). Eles acompanharam uma miss\u00e3o acad\u00eamica, que fez escala no Catar e seguiu para Pequim e Xangai. O document\u00e1rio mostra os bastidores do passeio e as visitas em pontos tur\u00edsticos de Pequim como a Academia de Ci\u00eancias, o Museu de Hist\u00f3ria, a Cidade Proibida (o maior pal\u00e1cio do mundo), o Museu Nacional, o Centro Ol\u00edmpico, o Arquivo do Cinema, a Grande Muralha da China e a experi\u00eancia no trem-bala, o trem mais r\u00e1pido do mundo, at\u00e9 Xangai.<\/p>\n\n\n\n<p><strong><u>\u2018Teo, o Menino Azul\u2019<\/u><\/strong><\/p>\n\n\n\n<p>Dura\u00e7\u00e3o de 10 minutos<\/p>\n\n\n\n<p>No curta do SFF Brasil (Festival de Filmes de Ci\u00eancia), Teo enfrenta as injusti\u00e7as do mundo de frente, buscando maneiras de efetuar mudan\u00e7as significativas. Ao longo de sua jornada transformadora, Teo chega \u00e0 conclus\u00e3o de que a verdadeira capacidade de transforma\u00e7\u00e3o social n\u00e3o reside fora, mas dentro de si mesmo.<\/p>\n\n\n\n<p><strong><u>\u2018Partir\u2019<\/u><\/strong><\/p>\n\n\n\n<p>Dura\u00e7\u00e3o de 2minutos e 22 segundos<\/p>\n\n\n\n<p>Anima\u00e7\u00e3o de pintura \u00e0 \u00f3leo sobre vidro sobre a contempor\u00e2nea e cont\u00ednua expuls\u00e3o do campo para a cidade, devido aos transg\u00eanicos e agrot\u00f3xicos.<\/p>\n\n\n\n<p><strong><u>\u2018Mar\u00e9 Braba\u2019<\/u><\/strong><\/p>\n\n\n\n<p>Dura\u00e7\u00e3o de 7minutos e 7 segundos<\/p>\n\n\n\n<p>Ela, que conecta a todos pelas suas \u00e1guas, observa e opera as mudan\u00e7as decorrentes do aquecimento global. O povo \u00e0 beira-mar \u00e9 o primeiro a sentir suas agita\u00e7\u00f5es e mudan\u00e7as de humor. Ela sabe que os humanos est\u00e3o se movendo para frear essas mudan\u00e7as. Assim como ela sabe, que repetem uma antiga saga: alguns poucos prevalecendo sobre o grande restante, aprofundam os problemas criados por eles mesmos.<\/p>\n\n\n\n<p><strong><u>\u2018Firmino Coi\u00f3\u2019<\/u><\/strong><\/p>\n\n\n\n<p>Dura\u00e7\u00e3o de 21 minutos e 13 segundos<\/p>\n\n\n\n<p>Um buraco na botina de Firmino Coi\u00f3 \u00e9 o motivo para o caipira sair de sua lida na ro\u00e7a e se envolver em situa\u00e7\u00f5es inusitadas, que o deixa em maus len\u00e7\u00f3is com sua esposa, Ruzara.<\/p>\n\n\n\n<p><strong><u>\u2018Procura-se\u2019<\/u><\/strong><\/p>\n\n\n\n<p>Dura\u00e7\u00e3o de 14 minutos e 59 segundos<\/p>\n\n\n\n<p>O filme conta a aventura de tr\u00eas crian\u00e7as que rompem a fronteira social motivadas pelo sentimento sincero por um cachorrinho de estima\u00e7\u00e3o. Nossos her\u00f3is s\u00e3o: Camile, Didi e Gugu. Camile \u00e9 uma menina de 10 anos, muito corajosa e rica, que ao perder Bolinha, foge de casa em busca do c\u00e3ozinho, iniciando uma aventura cheia de descobertas, perigos e novas amizades; Didi tem a mesma idade de Camile, \u00e9 pobre e vende chicletes para ajudar em casa. Ela descobre que existe uma boa recompensa pela devolu\u00e7\u00e3o do cachorro que seu pai encontrara e dera de presente para seu irm\u00e3o Gugu. Ela decide devolver o animal, mas Gugu n\u00e3o aceita a ideia de perder seu novo amigo, agora batizado de Panela.<\/p>\n\n\n\n<p><strong>Filme (Sinopse)<\/strong><\/p>\n\n\n\n<p><strong><u>&#8216;Perlimps&#8217;<\/u><\/strong><\/p>\n\n\n\n<p>Dura\u00e7\u00e3o de 1h20<\/p>\n\n\n\n<p>Perlimps \u00e9 uma aventura m\u00edtica e m\u00e1gica em uma floresta densa, habitada por criaturas m\u00e1gicas que se unir\u00e3o para combater o mal. Em uma floresta m\u00e1gica, Cla\u00e9 e Bru\u00f4 s\u00e3o de reinos animais rivais, um do Sol e um da Lua. Mas, quando a floresta \u00e9 amea\u00e7ada por m\u00e1quinas mort\u00edferas, os dois s\u00e3o enviados para achar os Perlimps, que podem ajudar a deter a for\u00e7a maligna que poder\u00e1 destruir o local. De reinos diferentes e personalidades muito opostas, Cla\u00e9 e Bru\u00f4 ter\u00e3o que se entender para prosseguir em suas miss\u00f5es, descobrindo que n\u00e3o \u00e9 apenas a floresta que os une.<\/p>\n\n\n\n<p><strong>Acessibilidade<\/strong><\/p>\n\n\n\n<p>Os filmes possuem recursos de acessibilidade como Audiodescri\u00e7\u00e3o que \u00e9 uma ferramenta destinada para pessoas cegas ou com baixa vis\u00e3o por meio da descri\u00e7\u00e3o de um Descritor de \u00c1udio treinado. Al\u00e9m disso, tamb\u00e9m \u00e9 utilizado o Closed Caption (legendas ocultas) para pessoas surdas, com defici\u00eancia auditiva ou falantes de outros idiomas, bem como, os filmes &nbsp;contam com a Int\u00e9rprete de Libras realizando a tradu\u00e7\u00e3o da L\u00edngua Brasileira de Sinais.<\/p>\n\n\n\n<p><strong>Sobre &nbsp;o CineSolar- CPFL<\/strong><\/p>\n\n\n\n<p>O CineSolar viaja por todo o pa\u00eds realizando sess\u00f5es gratuitas de cinema a fim de promover a\u00e7\u00f5es e pr\u00e1ticas sustent\u00e1veis, a inclus\u00e3o social e difundir a tecnologia da gera\u00e7\u00e3o de energia solar.<\/p>\n\n\n\n<p><strong>Servi\u00e7o<\/strong><\/p>\n\n\n\n<p><strong>CineSolar<\/strong><strong>&nbsp;\u2013 CPFL<\/strong><\/p>\n\n\n\n<p><strong>Data:<\/strong>&nbsp;20 de novembro de 2024.<\/p>\n\n\n\n<p><strong>Curtas-metragens \u00e0s 19h (FicaEco e SFF Brasil).<\/strong><\/p>\n\n\n\n<p><strong>Filme Perlimps \u00e0s 20h.<\/strong><strong><\/strong><\/p>\n\n\n\n<p><strong>Local:<\/strong>&nbsp; EMEB Prof\u00aa Maria Helena da Costa e Silva \u2013 Rua Sapucaia, 240 (Parque Campo Bonito).<\/p>\n\n\n\n<p><strong>#Pratodosverem:<\/strong>\u00a0Arte do Circuito CPFL CineSolar que vai acontecer no dia 20 de novembro com exibi\u00e7\u00e3o de curtas metragens e filme ao ar livre. Fim da descri\u00e7\u00e3o.\u00a0<\/p>\n\n\n\n<p><\/p>\n","protected":false},"excerpt":{"rendered":"<p>Cinema ao ar livre conta com sess\u00f5es gratuitas no per\u00edodo noturno No dia 20 de novembro acontece o CineSolar, viabilizado oferecido pelo Governo do Estado pela Secretaria da Cultura, Economia e Ind\u00fastria Criativa atrav\u00e9s do Programa de a\u00e7\u00e3o cultural (ProAC), em parceria com o Grupo CPFL Energia e apoio da Prefeitura de Indaiatuba, por meio [&hellip;]<\/p>\n","protected":false},"author":8,"featured_media":24831,"comment_status":"closed","ping_status":"open","sticky":false,"template":"","format":"standard","meta":{"rop_custom_images_group":[],"rop_custom_messages_group":[],"rop_publish_now":"initial","rop_publish_now_accounts":[],"rop_publish_now_history":[],"rop_publish_now_status":"pending","footnotes":""},"categories":[188],"tags":[73],"class_list":["post-24830","post","type-post","status-publish","format-standard","has-post-thumbnail","hentry","category-indaiatuba","tag-featured"],"amp_enabled":true,"_links":{"self":[{"href":"https:\/\/imais.online\/portal\/wp-json\/wp\/v2\/posts\/24830","targetHints":{"allow":["GET"]}}],"collection":[{"href":"https:\/\/imais.online\/portal\/wp-json\/wp\/v2\/posts"}],"about":[{"href":"https:\/\/imais.online\/portal\/wp-json\/wp\/v2\/types\/post"}],"author":[{"embeddable":true,"href":"https:\/\/imais.online\/portal\/wp-json\/wp\/v2\/users\/8"}],"replies":[{"embeddable":true,"href":"https:\/\/imais.online\/portal\/wp-json\/wp\/v2\/comments?post=24830"}],"version-history":[{"count":1,"href":"https:\/\/imais.online\/portal\/wp-json\/wp\/v2\/posts\/24830\/revisions"}],"predecessor-version":[{"id":24832,"href":"https:\/\/imais.online\/portal\/wp-json\/wp\/v2\/posts\/24830\/revisions\/24832"}],"wp:featuredmedia":[{"embeddable":true,"href":"https:\/\/imais.online\/portal\/wp-json\/wp\/v2\/media\/24831"}],"wp:attachment":[{"href":"https:\/\/imais.online\/portal\/wp-json\/wp\/v2\/media?parent=24830"}],"wp:term":[{"taxonomy":"category","embeddable":true,"href":"https:\/\/imais.online\/portal\/wp-json\/wp\/v2\/categories?post=24830"},{"taxonomy":"post_tag","embeddable":true,"href":"https:\/\/imais.online\/portal\/wp-json\/wp\/v2\/tags?post=24830"}],"curies":[{"name":"wp","href":"https:\/\/api.w.org\/{rel}","templated":true}]}}